{"id":1,"date":"2013-07-15T00:00:00","date_gmt":"2013-07-14T22:00:00","guid":{"rendered":""},"modified":"-0001-11-30T00:00:00","modified_gmt":"-0001-11-29T22:00:00","slug":"","status":"publish","type":"post","link":"https:\/\/muvhaz.orlaihaz.mezobereny.hu\/?p=1","title":{"rendered":"Ber\u00e9nyi Napok"},"content":{"rendered":"<p><img fetchpriority=\"high\" decoding=\"async\" alt=\"image001.gif\" height=\"165\" src=\"download.fcgi?itemid=21&amp;pid=2&amp;admin=1&amp;type=2\" title=\"image001.gif\" width=\"600\" \/><\/p>\n<p>2013. augusztus 17-\u00e9n\u00a0 a tervek szerint ki\u00e1ll\u00edt\u00e1sok ny\u00edlnak V\u00e1rosh\u00e1zi besz\u00e9lget\u00e9sek c\u00edmmel. Mez\u0151ber\u00e9nyb\u0151l elsz\u00e1rmazott, ismert emberekkel tal\u00e1lkozhat a n\u00e9h\u00e1ny nap alatt az \u00e9rdekl\u0151d\u0151 k\u00f6z\u00f6ns\u00e9g. Vas\u00e1rnap a Ligetben csal\u00e1di programok\u00e9 a f\u0151szerep: lesz p\u00f6rk\u00f6ltf\u0151z\u0151 verseny, j\u00e1tsz\u00f3h\u00e1z stb.<\/p>\n<h1>Sz\u00ednpadi \u00edzel\u00edt\u0151:<\/h1>\n<h2><strong>2013. augusztus 18. vas\u00e1rnap<\/strong><\/h2>\n<p>Bemutatkoznak a Piact\u00e9ren <strong>Fey\u00e9r Zsuzsanna Zita,<\/strong><\/p>\n<p><img decoding=\"async\" alt=\"image002.jpg\" height=\"259\" src=\"download.fcgi?itemid=22&amp;pid=2&amp;admin=1&amp;type=2\" title=\"image002.jpg\" width=\"173\" \/>\u00a0<\/p>\n<p>Fey\u00e9r Zita, a Temesv\u00e1ri \u00c1llami Opera gyermek balett t\u00e1rsulat\u00e1nak tagjak\u00e9nt m\u00e1r nagy sz\u00ednpadokon is folyamatos zenei \u00e9s t\u00e1ncos k\u00e9pz\u00e9sben r\u00e9szes\u00fclt. Fell\u00e9pett m\u00e1r Eur\u00f3pa szinte minden orsz\u00e1g\u00e1ban, \u00e9nekelt m\u00e1r a holland kir\u00e1lyn\u0151nek \u00e9s az angol tr\u00f3n\u00f6r\u00f6k\u00f6snek is.<\/p>\n<p>\u00a0<\/p>\n<p><strong>Smith&amp;Wessons Rockabilly Band<\/strong><\/p>\n<p><img decoding=\"async\" alt=\"image003.jpg\" height=\"171\" src=\"download.fcgi?itemid=23&amp;pid=2&amp;admin=1&amp;type=2\" title=\"image003.jpg\" width=\"256\" \/><\/p>\n<p>Fazekas Istv\u00e1n \u00e9s bar\u00e1tai &#8211; 2009. m\u00e1jus 1-j\u00e9n B\u00e9k\u00e9scsab\u00e1n alakult rockabilly zenekar.<\/p>\n<p>Kedvenceik: Elvis Presley-t\u0151l a Stray Cats-ig rengetegen.<\/p>\n<p>\u00a0<\/p>\n<h2>2<strong>013. augusztus 19. h\u00e9tf\u0151<\/strong><\/h2>\n<p>Ezen a napon a t\u00e1nc\u00e9 \u00e9s t\u00e1nczen\u00e9\u00e9 a f\u0151szerep.<\/p>\n<p>Este a Piact\u00e9ren a sz\u00ednpadon <strong>G\u00e1jer B\u00e1lint<\/strong> (TV2 The Voice c. m\u0171sor 2. helyezettje) \u00e9s <strong>a Group&#8217;N Swing.<\/strong><\/p>\n<p><strong><img loading=\"lazy\" decoding=\"async\" alt=\"image004.jpg\" height=\"210\" src=\"download.fcgi?itemid=24&amp;pid=2&amp;admin=1&amp;type=2\" title=\"image004.jpg\" width=\"253\" \/><br \/><\/strong><\/p>\n<p>2010-ben jelent meg deb\u00fct\u00e1l\u00f3 lemez\u00fck &#8222;Swing am\u00edg \u00e9lek&#8221; c\u00edmmel. 2013-ban Botr\u00e1ny c\u00edm\u0171 albumukat Fonogram-d\u00edjjal jutalmazta a Magyar Hanglemezgy\u00e1rt\u00f3k Sz\u00f6vets\u00e9ge a Legjobb sz\u00f3rakoztat\u00f3 lemez kateg\u00f3ri\u00e1ban. <a href=\"http:\/\/www.groupnswing.hu\">www.groupnswing.hu<\/a><\/p>\n<h2><\/h2>\n<h2><strong>2013. augusztus 20. kedd<\/strong><\/h2>\n<p>Helyi bemutat\u00f3kkal kezd\u0151dik a sz\u00ednpadi program, az esem\u00e9nysorozatot a <strong>Magna Cum Laude<\/strong> koncertje z\u00e1rja.<\/p>\n<p><img loading=\"lazy\" decoding=\"async\" alt=\"image005.jpg\" height=\"203\" src=\"download.fcgi?itemid=25&amp;pid=2&amp;admin=1&amp;type=2\" title=\"image005.jpg\" width=\"281\" \/><\/p>\n<p>A zenekar 1999-ben alakult. 2006-ban jelent meg az egy\u00fcttes m\u00e1sodik albuma Minden \u00e1llom\u00e1s c\u00edmmel, mely r\u00f6gt\u00f6n aranylemez lett.<\/p>\n<p>Leg\u00fajabb, \u00f6t\u00f6dik albumuk a Bels\u0151 \u00e9g\u00e9s c\u00edmet viseli. Tagok: Mez\u0151 Misi, Szab\u00f3 Tibor, Kara Mih\u00e1ly, Kili\u00e1n Imre. <a href=\"http:\/\/www.magnacumlaude.hu\">www.magnacumlaude.hu<\/a><\/p>\n","protected":false},"excerpt":{"rendered":"<p>2013. augusztus 17-\u00e9n\u00a0 a tervek szerint ki\u00e1ll\u00edt\u00e1sok ny\u00edlnak V\u00e1rosh\u00e1zi besz\u00e9lget\u00e9sek c\u00edmmel. Mez\u0151ber\u00e9nyb\u0151l elsz\u00e1rmazott, ismert emberekkel tal\u00e1lkozhat a n\u00e9h\u00e1ny nap alatt az \u00e9rdekl\u0151d\u0151 k\u00f6z\u00f6ns\u00e9g. Vas\u00e1rnap a Ligetben csal\u00e1di programok\u00e9 a f\u0151szerep: [&hellip;]<\/p>\n","protected":false},"author":0,"featured_media":0,"comment_status":"closed","ping_status":"open","sticky":false,"template":"","format":"standard","meta":{"site-sidebar-layout":"default","site-content-layout":"","ast-site-content-layout":"","site-content-style":"default","site-sidebar-style":"default","ast-global-header-display":"","ast-banner-title-visibility":"","ast-main-header-display":"","ast-hfb-above-header-display":"","ast-hfb-below-header-display":"","ast-hfb-mobile-header-display":"","site-post-title":"","ast-breadcrumbs-content":"","ast-featured-img":"","footer-sml-layout":"","theme-transparent-header-meta":"","adv-header-id-meta":"","stick-header-meta":"","header-above-stick-meta":"","header-main-stick-meta":"","header-below-stick-meta":"","astra-migrate-meta-layouts":"default","ast-page-background-enabled":"default","ast-page-background-meta":{"desktop":{"background-color":"var(--ast-global-color-4)","background-image":"","background-repeat":"repeat","background-position":"center center","background-size":"auto","background-attachment":"scroll","background-type":"","background-media":"","overlay-type":"","overlay-color":"","overlay-opacity":"","overlay-gradient":""},"tablet":{"background-color":"","background-image":"","background-repeat":"repeat","background-position":"center center","background-size":"auto","background-attachment":"scroll","background-type":"","background-media":"","overlay-type":"","overlay-color":"","overlay-opacity":"","overlay-gradient":""},"mobile":{"background-color":"","background-image":"","background-repeat":"repeat","background-position":"center center","background-size":"auto","background-attachment":"scroll","background-type":"","background-media":"","overlay-type":"","overlay-color":"","overlay-opacity":"","overlay-gradient":""}},"ast-content-background-meta":{"desktop":{"background-color":"var(--ast-global-color-5)","background-image":"","background-repeat":"repeat","background-position":"center center","background-size":"auto","background-attachment":"scroll","background-type":"","background-media":"","overlay-type":"","overlay-color":"","overlay-opacity":"","overlay-gradient":""},"tablet":{"background-color":"var(--ast-global-color-5)","background-image":"","background-repeat":"repeat","background-position":"center center","background-size":"auto","background-attachment":"scroll","background-type":"","background-media":"","overlay-type":"","overlay-color":"","overlay-opacity":"","overlay-gradient":""},"mobile":{"background-color":"var(--ast-global-color-5)","background-image":"","background-repeat":"repeat","background-position":"center center","background-size":"auto","background-attachment":"scroll","background-type":"","background-media":"","overlay-type":"","overlay-color":"","overlay-opacity":"","overlay-gradient":""}},"ngg_post_thumbnail":0,"footnotes":""},"categories":[1],"tags":[],"class_list":["post-1","post","type-post","status-publish","format-standard","hentry"],"jetpack_featured_media_url":"","_links":{"self":[{"href":"https:\/\/muvhaz.orlaihaz.mezobereny.hu\/index.php?rest_route=\/wp\/v2\/posts\/1"}],"collection":[{"href":"https:\/\/muvhaz.orlaihaz.mezobereny.hu\/index.php?rest_route=\/wp\/v2\/posts"}],"about":[{"href":"https:\/\/muvhaz.orlaihaz.mezobereny.hu\/index.php?rest_route=\/wp\/v2\/types\/post"}],"replies":[{"embeddable":true,"href":"https:\/\/muvhaz.orlaihaz.mezobereny.hu\/index.php?rest_route=%2Fwp%2Fv2%2Fcomments&post=1"}],"version-history":[{"count":0,"href":"https:\/\/muvhaz.orlaihaz.mezobereny.hu\/index.php?rest_route=\/wp\/v2\/posts\/1\/revisions"}],"wp:attachment":[{"href":"https:\/\/muvhaz.orlaihaz.mezobereny.hu\/index.php?rest_route=%2Fwp%2Fv2%2Fmedia&parent=1"}],"wp:term":[{"taxonomy":"category","embeddable":true,"href":"https:\/\/muvhaz.orlaihaz.mezobereny.hu\/index.php?rest_route=%2Fwp%2Fv2%2Fcategories&post=1"},{"taxonomy":"post_tag","embeddable":true,"href":"https:\/\/muvhaz.orlaihaz.mezobereny.hu\/index.php?rest_route=%2Fwp%2Fv2%2Ftags&post=1"}],"curies":[{"name":"wp","href":"https:\/\/api.w.org\/{rel}","templated":true}]}}