{"id":1431,"date":"2019-03-15T00:00:00","date_gmt":"2019-03-14T23:00:00","guid":{"rendered":""},"modified":"-0001-11-30T00:00:00","modified_gmt":"-0001-11-29T22:00:00","slug":"","status":"publish","type":"post","link":"https:\/\/muvhaz.orlaihaz.mezobereny.hu\/?p=1431","title":{"rendered":"Kit\u00fcntet\u00e9sek a nemzeti \u00fcnnep alkalm\u00e1b\u00f3l"},"content":{"rendered":"<p>Az \u00fcnneps\u00e9g \u00f6kumenikus istentisztelettel kezd\u0151d\u00f6tt, majd a B\u00e9k\u00e9scsabai J\u00f3kai Sz\u00ednh\u00e1z m\u0171v\u00e9szei \u00e9s a &#8222;Leg a l\u00e1b&#8221; Alapfok\u00fa M\u0171v\u00e9szeti Iskola t\u00e1ncosai adtak \u00fcnnepi m\u0171sort. Dr. Latorcai Csaba, az Emberi Er\u0151forr\u00e1sok Miniszt\u00e9riuma k\u00f6zigazgat\u00e1si \u00e1llamtitk\u00e1ra \u00fcnnepi k\u00f6sz\u00f6nt\u0151j\u00e9ben eml\u00e9kezett az 1989. m\u00e1rcius 15-\u00e9n megtartott, nagy t\u00f6meget megmozgat\u00f3 budapesti t\u00fcntet\u00e9sre, amely meg\u00e1sta a kommunista diktat\u00fara s\u00edrj\u00e1t. Kifejtette, mik\u00e9nt 1848-49-ben,<\/p>\r\n<p>\u00fagy harminc \u00e9vvel ezel\u0151tt is sz\u00fcks\u00e9g volt h\u0151s\u00f6kre, a fiatalok lelkesed\u00e9s\u00e9re. A k\u00f6zigazgat\u00e1si \u00e1llamtitk\u00e1r hangs\u00falyozta, nemzeti identit\u00e1sunk h\u00e1rom fontos \u00e9vsz\u00e1ma: 1848, 1956 \u00e9s 1989.<\/p>\r\n<p>\u00a0<\/p>\r\n<p>Valamennyi kit\u00fcntetettet egy-egy aj\u00e1nd\u00e9k produkci\u00f3val k\u00f6sz\u00f6nt\u00f6ttek, m\u00e9ltat\u00e1sukat Szekeres J\u00f3zsefn\u00e9 alpolg\u00e1rmester olvasta fel, a kit\u00fcntet\u00e9seket Sikl\u00f3si Istv\u00e1n polg\u00e1rmester \u00e9s Szekeres J\u00f3zsefn\u00e9 adta \u00e1t. A &#8222;Mez\u0151ber\u00e9ny Sportj\u00e1\u00e9rt&#8221; elismer\u00e9st J\u00e1mbor Zolt\u00e1n a Hed-Land Sportcsarnok Sportegyes\u00fclet asztalitenisz szakoszt\u00e1ly\u00e1nak vezet\u0151je kapta v\u00e1ros sport\u00e9let\u00e9ben, az asztalitenisz sport\u00e1g ter\u00fclet\u00e9n v\u00e9gzett magas sz\u00ednvonal\u00fa szakmai, a fiatalok sz\u00e1m\u00e1ra p\u00e9lda\u00e9rt\u00e9k\u0171 munk\u00e1ja \u00e9s k\u00f6z\u00f6ss\u00e9g\u00e9p\u00edt\u0151 tev\u00e9kenys\u00e9ge \u00e9rdemek\u00e9nt.<\/p>\r\n<p>\u00a0<\/p>\r\n<p>Az \u00f6nkorm\u00e1nyzat &#8222;Mez\u0151ber\u00e9ny V\u00e1llalkoz\u00f3ja&#8221; elismer\u00e9st az id\u00e9n Kmell\u00e1r Tam\u00e1snak adom\u00e1nyozta a szakm\u00e1j\u00e1ban v\u00e9gzett magas sz\u00ednvonal\u00fa, a civil szf\u00e9r\u00e1ban tan\u00fas\u00edtott sokir\u00e1ny\u00fa seg\u00edt\u0151k\u00e9szs\u00e9g\u00e9\u00e9rt, p\u00e9lda\u00e9rt\u00e9k\u0171 emberi magatart\u00e1s\u00e1\u00e9rt.<strong><\/strong><\/p>\r\n<p>K\u00f3s\u00e1n\u00e9 Barna Magdolna pedag\u00f3gus az oktat\u00e1s ter\u00fclet\u00e9n v\u00e9gzett munk\u00e1j\u00e1\u00e9rt, p\u00e9lda\u00e9rt\u00e9k\u0171 nevel\u0151 tev\u00e9kenys\u00e9g\u00e9\u00e9rt r\u00e9szes\u00fclt ez \u00e9vben &#8222;Mez\u0151ber\u00e9ny Nevel\u00e9s\u00e9\u00e9rt, Oktat\u00e1s\u00e1\u00e9rt&#8221; elismer\u0151 c\u00edmben.<\/p>\r\n<p>Valentinyi K\u00e1rolyn\u00e9 gy\u00f3gyszer\u00e9sz az eg\u00e9szs\u00e9g\u00fcgyben v\u00e9gzett magas sz\u00ednvonal\u00fa tev\u00e9kenys\u00e9g\u00e9\u00e9rt, a civilekkel val\u00f3 p\u00e9lda\u00e9rt\u00e9k\u0171 szakmai munk\u00e1j\u00e1\u00e9rt vehette \u00e1t az id\u00e9n a &#8222;Mez\u0151ber\u00e9ny Eg\u00e9szs\u00e9g\u00fcgy\u00e9\u00e9rt, Szoci\u00e1lis ell\u00e1t\u00e1s\u00e1\u00e9rt&#8221; elismer\u00e9st.<\/p>\r\n<p>A Mez\u0151ber\u00e9nyi V\u00e1rosi Ifj\u00fas\u00e1gi F\u00fav\u00f3szenekar h\u00fasz \u00e9ve meghat\u00e1rozza a v\u00e1ros zenei \u00e9let\u00e9t, t\u00e1rsadalmi, kultur\u00e1lis rendezv\u00e9nyek elengedhetetlen r\u00e9sztvev\u0151je. A t\u00e1rsadalmi, kultur\u00e1lis, m\u0171v\u00e9szeti \u00e9let ter\u00fclet\u00e9n v\u00e9gzett magas sz\u00ednvonal\u00fa, eredm\u00e9nyes \u00e9s p\u00e9lda\u00e9rt\u00e9k\u0171 k\u00f6z\u00f6ss\u00e9g\u00e9p\u00edt\u0151 tev\u00e9kenys\u00e9ge alapj\u00e1n k\u00e9pvisel\u0151-test\u00fclete a &#8222;Mez\u0151ber\u00e9ny Kult\u00far\u00e1j\u00e1\u00e9rt, Mez\u0151ber\u00e9ny Nemzetis\u00e9gi Kult\u00far\u00e1j\u00e1\u00e9rt&#8221; elismer\u00e9st adom\u00e1nyozta a zenekarnak.<\/p>\r\n<p>\u00a0<\/p>\r\n<p>Az elismer\u00e9sek \u00e1tad\u00e1sa ut\u00e1n az \u00f6nkorm\u00e1nyzat, az int\u00e9zm\u00e9nyek, hat\u00f3s\u00e1gok \u00e9s a civil szervezetek k\u00e9pvisel\u0151i megkoszor\u00fazt\u00e1k Pet\u0151fi szobr\u00e1t, majd a K\u00f6r\u00f6s-parton &#8211; a Bar\u00e1ti Egylet Mez\u0151ber\u00e9ny\u00e9rt Egyes\u00fclet szervez\u00e9s\u00e9ben &#8211; k\u00f6lt\u0151 eml\u00e9km\u0171v\u00e9t. Itt a megjelenteket Hoffmann D\u00e1niel, az egyes\u00fclet eln\u00f6ke k\u00f6sz\u00f6nt\u00f6tte, k\u00fcl\u00f6n is megeml\u00edtette a Gyul\u00e1r\u00f3l \u00e9rkezett Makad\u00e1m Vil\u00e1gj\u00e1r\u00f3 Ker\u00e9kp\u00e1ros Klub tagjait.<\/p>\r\n<p>\u00a0<\/p>\r\nngg_shortcode_0_placeholder\n<p>\u00a0<\/p>","protected":false},"excerpt":{"rendered":"<p>Mik\u00e9nt az elm\u00falt \u00e9vekben, Mez\u0151ber\u00e9nyben 2019. m\u00e1rcius 15-\u00e9n is elismer\u00e9seseket adtak \u00e1t. A Pet\u0151fi-eml\u00e9kt\u00fara az id\u00e9n is a Spar \u00e1ruh\u00e1z el\u0151li parkol\u00f3b\u00f3l indult a K\u00f6r\u00f6s-parton l\u00e9v\u0151 Pet\u0151fi-eml\u00e9km\u0171h\u00f6z. A M\u0171vel\u0151d\u00e9si K\u00f6zpont sz\u00ednh\u00e1zterm\u00e9ben az \u00fcnneps\u00e9gre \u00e9rkez\u0151ket a V\u00e1rosi Ifj\u00fas\u00e1gi F\u00fav\u00f3szenekar zen\u00e9je fogadta.<\/p>\n","protected":false},"author":0,"featured_media":0,"comment_status":"closed","ping_status":"open","sticky":false,"template":"","format":"standard","meta":{"site-sidebar-layout":"default","site-content-layout":"","ast-site-content-layout":"","site-content-style":"default","site-sidebar-style":"default","ast-global-header-display":"","ast-banner-title-visibility":"","ast-main-header-display":"","ast-hfb-above-header-display":"","ast-hfb-below-header-display":"","ast-hfb-mobile-header-display":"","site-post-title":"","ast-breadcrumbs-content":"","ast-featured-img":"","footer-sml-layout":"","theme-transparent-header-meta":"","adv-header-id-meta":"","stick-header-meta":"","header-above-stick-meta":"","header-main-stick-meta":"","header-below-stick-meta":"","astra-migrate-meta-layouts":"default","ast-page-background-enabled":"default","ast-page-background-meta":{"desktop":{"background-color":"var(--ast-global-color-4)","background-image":"","background-repeat":"repeat","background-position":"center center","background-size":"auto","background-attachment":"scroll","background-type":"","background-media":"","overlay-type":"","overlay-color":"","overlay-opacity":"","overlay-gradient":""},"tablet":{"background-color":"","background-image":"","background-repeat":"repeat","background-position":"center center","background-size":"auto","background-attachment":"scroll","background-type":"","background-media":"","overlay-type":"","overlay-color":"","overlay-opacity":"","overlay-gradient":""},"mobile":{"background-color":"","background-image":"","background-repeat":"repeat","background-position":"center center","background-size":"auto","background-attachment":"scroll","background-type":"","background-media":"","overlay-type":"","overlay-color":"","overlay-opacity":"","overlay-gradient":""}},"ast-content-background-meta":{"desktop":{"background-color":"var(--ast-global-color-5)","background-image":"","background-repeat":"repeat","background-position":"center center","background-size":"auto","background-attachment":"scroll","background-type":"","background-media":"","overlay-type":"","overlay-color":"","overlay-opacity":"","overlay-gradient":""},"tablet":{"background-color":"var(--ast-global-color-5)","background-image":"","background-repeat":"repeat","background-position":"center center","background-size":"auto","background-attachment":"scroll","background-type":"","background-media":"","overlay-type":"","overlay-color":"","overlay-opacity":"","overlay-gradient":""},"mobile":{"background-color":"var(--ast-global-color-5)","background-image":"","background-repeat":"repeat","background-position":"center center","background-size":"auto","background-attachment":"scroll","background-type":"","background-media":"","overlay-type":"","overlay-color":"","overlay-opacity":"","overlay-gradient":""}},"ngg_post_thumbnail":0,"footnotes":""},"categories":[1],"tags":[],"class_list":["post-1431","post","type-post","status-publish","format-standard","hentry"],"jetpack_featured_media_url":"","_links":{"self":[{"href":"https:\/\/muvhaz.orlaihaz.mezobereny.hu\/index.php?rest_route=\/wp\/v2\/posts\/1431"}],"collection":[{"href":"https:\/\/muvhaz.orlaihaz.mezobereny.hu\/index.php?rest_route=\/wp\/v2\/posts"}],"about":[{"href":"https:\/\/muvhaz.orlaihaz.mezobereny.hu\/index.php?rest_route=\/wp\/v2\/types\/post"}],"replies":[{"embeddable":true,"href":"https:\/\/muvhaz.orlaihaz.mezobereny.hu\/index.php?rest_route=%2Fwp%2Fv2%2Fcomments&post=1431"}],"version-history":[{"count":0,"href":"https:\/\/muvhaz.orlaihaz.mezobereny.hu\/index.php?rest_route=\/wp\/v2\/posts\/1431\/revisions"}],"wp:attachment":[{"href":"https:\/\/muvhaz.orlaihaz.mezobereny.hu\/index.php?rest_route=%2Fwp%2Fv2%2Fmedia&parent=1431"}],"wp:term":[{"taxonomy":"category","embeddable":true,"href":"https:\/\/muvhaz.orlaihaz.mezobereny.hu\/index.php?rest_route=%2Fwp%2Fv2%2Fcategories&post=1431"},{"taxonomy":"post_tag","embeddable":true,"href":"https:\/\/muvhaz.orlaihaz.mezobereny.hu\/index.php?rest_route=%2Fwp%2Fv2%2Ftags&post=1431"}],"curies":[{"name":"wp","href":"https:\/\/api.w.org\/{rel}","templated":true}]}}