{"id":2775,"date":"2022-04-29T00:00:00","date_gmt":"2022-04-28T22:00:00","guid":{"rendered":""},"modified":"2024-07-30T11:06:38","modified_gmt":"2024-07-30T09:06:38","slug":"nepmuveszeti-ertekeink-a-telepulesi-ertektarban-eloadas","status":"publish","type":"post","link":"https:\/\/muvhaz.orlaihaz.mezobereny.hu\/?p=2775","title":{"rendered":"N\u00e9pm\u0171v\u00e9szeti \u00e9rt\u00e9keink a Telep\u00fcl\u00e9si \u00c9rt\u00e9kt\u00e1rban \u2013 el\u0151ad\u00e1s"},"content":{"rendered":"<p style=\"text-align: justify;\">Az el\u0151ad\u00f3 hangs\u00falyozta, Mez\u0151ber\u00e9ny n\u00e9pm\u0171v\u00e9szeti \u00f6r\u00f6ks\u00e9ge rendk\u00edv\u00fcl gazdag \u00e9s soksz\u00edn\u0171. A v\u00e1rosban N\u00e9pm\u0171v\u00e9szet Mestere c\u00edmmel h\u00e1rman rendelkeznek, sajnos a k\u00f6zelm\u00faltban T\u00f3th S\u00e1ndor fam\u0171ves elt\u00e1vozott k\u00f6z\u00fcl\u00fcnk. Alkot\u00f3 tev\u00e9kenys\u00e9ge f\u0151k\u00e9nt b\u00fator \u00e9s haszn\u00e1lati t\u00e1rgy k\u00e9sz\u00edt\u00e9s\u00e9re terjedt ki. Kiszely J\u00e1nosn\u00e9 h\u00edmz\u0151 csal\u00e1dj\u00e1ban belesz\u00fcletett a n\u00e9pi k\u00e9zm\u0171vess\u00e9gbe, v\u00e1rosunkban h\u00edmz\u0151 szakk\u00f6r\u00f6ket vezetett, majd 1974-ben h\u00edmz\u0151 szakk\u00f6rvezet\u0151i tanfolyamot v\u00e9gzett, \u00e9s tudatosan kutatta a h\u00edmz\u00e9seket. T\u00f6bb h\u00edmz\u00e9ssel foglakoz\u00f3 k\u00f6nyvet szerkesztett \u00e9s jelentetett meg. Debreczeni J\u00e1nos tak\u00e1cs m\u00e1r gyerekk\u00e9nt kapcsolatba ker\u00fclt a helyi magyarok, n\u00e9metek \u00e9s szlov\u00e1kok hagyom\u00e1nyos sz\u0151ttes kult\u00far\u00e1j\u00e1val. Els\u0151 tanult szakm\u00e1ja tak\u00e1cs, majd technikusi oklevelet szerzett, folyamatosan tov\u00e1bb k\u00e9pezte mag\u00e1t t\u00f6bb fels\u0151fok\u00fa k\u00e9pes\u00edt\u00e9ssel rendelkezik. A tak\u00e1cs szakm\u00e1t \u00e9vtizedek \u00f3ta oktatja.<\/p>\n\n\n<figure class=\"wp-block-image aligncenter size-full is-resized\"><img fetchpriority=\"high\" decoding=\"async\" width=\"987\" height=\"660\" src=\"https:\/\/muvhaz.orlaihaz.mezobereny.hu\/wp-content\/uploads\/sites\/2\/2024\/07\/1_DSC_0072.jfif\" alt=\"\" class=\"wp-image-37153\" style=\"aspect-ratio:1.4954545454545454;width:598px;height:auto\" srcset=\"https:\/\/muvhaz.orlaihaz.mezobereny.hu\/wp-content\/uploads\/sites\/2\/2024\/07\/1_DSC_0072.jfif 987w, https:\/\/muvhaz.orlaihaz.mezobereny.hu\/wp-content\/uploads\/sites\/2\/2024\/07\/1_DSC_0072-300x201.jfif 300w, https:\/\/muvhaz.orlaihaz.mezobereny.hu\/wp-content\/uploads\/sites\/2\/2024\/07\/1_DSC_0072-768x514.jfif 768w\" sizes=\"(max-width: 987px) 100vw, 987px\" \/><\/figure>\n\n\n<p>N\u00e9pi iparm\u0171v\u00e9szek k\u00f6z\u00fcl is t\u00f6bben dolgoznak a v\u00e1rosban, \u00edgy Debreczeni Kl\u00e1ra sz\u00f6v\u0151, Guly\u00e1s Imr\u00e9n\u00e9 sz\u00f6v\u0151, illetve csal\u00e1di v\u00e1llalkoz\u00e1sk\u00e9nt a Ber\u00e9nyi Textil Kft. Telep\u00fcl\u00e9s\u00fcnk\u00f6n szerencs\u00e9re t\u00f6bb alkot\u00f3 is magas sz\u00ednvonalon m\u0171veli a t\u00e1rgyalkot\u00f3 n\u00e9pm\u0171v\u00e9szet valamelyik \u00e1g\u00e1t. Debreczeni J\u00e1nosn\u00e9 viseletk\u00e9sz\u00edt\u0151, Hern\u00e1di Mih\u00e1lyn\u00e9 csipkever\u0151, Hern\u00e1di Erzs\u00e9bet k\u00e9zi \u00e9s g\u00e9pi h\u00edmz\u0151, Kiss Lajosn\u00e9 Martincsek Ilona csipkever\u0151 \u00e9s V\u00e1radi L\u00e1szl\u00f3n\u00e9 b\u0151rm\u0171ves az elk\u00e9sz\u00fclt alkot\u00e1sait folyamatosan zs\u0171rizteti \u00e9s n\u00edv\u00f3s ki\u00e1ll\u00edt\u00e1sokon mutatkozik be.<\/p>\n\n\n<figure class=\"wp-block-image aligncenter size-full is-resized\"><img decoding=\"async\" width=\"987\" height=\"660\" src=\"https:\/\/muvhaz.orlaihaz.mezobereny.hu\/wp-content\/uploads\/sites\/2\/2024\/07\/DSC_0055.jfif\" alt=\"\" class=\"wp-image-37154\" style=\"aspect-ratio:1.4954545454545454;width:598px;height:auto\" srcset=\"https:\/\/muvhaz.orlaihaz.mezobereny.hu\/wp-content\/uploads\/sites\/2\/2024\/07\/DSC_0055.jfif 987w, https:\/\/muvhaz.orlaihaz.mezobereny.hu\/wp-content\/uploads\/sites\/2\/2024\/07\/DSC_0055-300x201.jfif 300w, https:\/\/muvhaz.orlaihaz.mezobereny.hu\/wp-content\/uploads\/sites\/2\/2024\/07\/DSC_0055-768x514.jfif 768w\" sizes=\"(max-width: 987px) 100vw, 987px\" \/><\/figure>\n\n\n<p>N\u00e9pm\u0171v\u00e9szet\u00fcnk t\u00e1rgyi \u00f6r\u00f6ks\u00e9geit szeml\u00e9lve szembe \u00f6tlik, hogy valamennyi a text\u00edli\u00e1khoz kapcsolhat\u00f3. T\u00f6bb f\u00e9le h\u00edmz\u00e9s, sz\u0151ttes, viselet, valamint a vert csipke tal\u00e1lhat\u00f3 jelenleg az \u00e9rt\u00e9kt\u00e1rban. Ez nem lehet v\u00e9letlen, hiszen \u2013 a szak\u00e9rt\u0151k szerint is \u2013 B\u00e9k\u00e9s megye textil nagyhatalom. N\u00e9pm\u0171v\u00e9szeti \u00f6r\u00f6ks\u00e9g\u00fcnkben a D\u00e9l-Alf\u00f6ld nemzetis\u00e9gi sz\u0151ttes hagyom\u00e1nya, valamint a B\u00e9k\u00e9s megyei sz\u0171csh\u00edmz\u00e9sek egyed\u00fcl\u00e1ll\u00f3ak. V\u00e1rosunk t\u00e1rgyi \u00f6r\u00f6ks\u00e9g\u00e9b\u0151l kiemelkedik a feh\u00e9r-, a sz\u0151r- \u00e9s a sz\u0171csh\u00edmz\u00e9s, valamint a magyar, a szlov\u00e1k \u00e9s a tak\u00e1cs sz\u0151ttesek, illetve a n\u00e9met \u00e9s a szlov\u00e1k n\u0151i viselet, tov\u00e1bb\u00e1 a vertcsipke.<\/p>\n<p style=\"text-align: center;\"><a href=\"https:\/\/muvhaz.orlaihaz.mezobereny.hu\/index.php\/nggallery\/album\/nepmuveszeti-ertekeink-a-telepulesi-ertektarban-eloadas-2022-aprilis-28?page_id=34592\">Gal\u00e9ria<\/a><\/p>","protected":false},"excerpt":{"rendered":"<p style=\"text-align: justify;\">Az egy\u00fctt\u00e9l\u00e9s \u00e9vsz\u00e1zadai \u2013 sorozat keret\u00e9ben <em>N\u00e9pm\u0171v\u00e9szeti \u00e9rt\u00e9keink a Telep\u00fcl\u00e9si \u00c9rt\u00e9kt\u00e1rban<\/em> c\u00edmmel \u00e1prilis 28-\u00e1n Debreczeni J\u00e1nos N\u00e9pi iparm\u0171v\u00e9sz, a N\u00e9pm\u0171v\u00e9szet Mestere tartott el\u0151ad\u00e1st a muze\u00e1lis gy\u0171jtem\u00e9nyben.<\/p>\n","protected":false},"author":0,"featured_media":37156,"comment_status":"closed","ping_status":"open","sticky":false,"template":"","format":"standard","meta":{"site-sidebar-layout":"default","site-content-layout":"","ast-site-content-layout":"","site-content-style":"default","site-sidebar-style":"default","ast-global-header-display":"","ast-banner-title-visibility":"","ast-main-header-display":"","ast-hfb-above-header-display":"","ast-hfb-below-header-display":"","ast-hfb-mobile-header-display":"","site-post-title":"","ast-breadcrumbs-content":"","ast-featured-img":"","footer-sml-layout":"","theme-transparent-header-meta":"","adv-header-id-meta":"","stick-header-meta":"","header-above-stick-meta":"","header-main-stick-meta":"","header-below-stick-meta":"","astra-migrate-meta-layouts":"default","ast-page-background-enabled":"default","ast-page-background-meta":{"desktop":{"background-color":"var(--ast-global-color-4)","background-image":"","background-repeat":"repeat","background-position":"center center","background-size":"auto","background-attachment":"scroll","background-type":"","background-media":"","overlay-type":"","overlay-color":"","overlay-opacity":"","overlay-gradient":""},"tablet":{"background-color":"","background-image":"","background-repeat":"repeat","background-position":"center center","background-size":"auto","background-attachment":"scroll","background-type":"","background-media":"","overlay-type":"","overlay-color":"","overlay-opacity":"","overlay-gradient":""},"mobile":{"background-color":"","background-image":"","background-repeat":"repeat","background-position":"center center","background-size":"auto","background-attachment":"scroll","background-type":"","background-media":"","overlay-type":"","overlay-color":"","overlay-opacity":"","overlay-gradient":""}},"ast-content-background-meta":{"desktop":{"background-color":"var(--ast-global-color-5)","background-image":"","background-repeat":"repeat","background-position":"center center","background-size":"auto","background-attachment":"scroll","background-type":"","background-media":"","overlay-type":"","overlay-color":"","overlay-opacity":"","overlay-gradient":""},"tablet":{"background-color":"var(--ast-global-color-5)","background-image":"","background-repeat":"repeat","background-position":"center center","background-size":"auto","background-attachment":"scroll","background-type":"","background-media":"","overlay-type":"","overlay-color":"","overlay-opacity":"","overlay-gradient":""},"mobile":{"background-color":"var(--ast-global-color-5)","background-image":"","background-repeat":"repeat","background-position":"center center","background-size":"auto","background-attachment":"scroll","background-type":"","background-media":"","overlay-type":"","overlay-color":"","overlay-opacity":"","overlay-gradient":""}},"ngg_post_thumbnail":0,"footnotes":""},"categories":[1],"tags":[],"class_list":["post-2775","post","type-post","status-publish","format-standard","has-post-thumbnail","hentry"],"jetpack_featured_media_url":"https:\/\/muvhaz.orlaihaz.mezobereny.hu\/wp-content\/uploads\/sites\/2\/2024\/07\/DSC_0059.jfif","_links":{"self":[{"href":"https:\/\/muvhaz.orlaihaz.mezobereny.hu\/index.php?rest_route=\/wp\/v2\/posts\/2775"}],"collection":[{"href":"https:\/\/muvhaz.orlaihaz.mezobereny.hu\/index.php?rest_route=\/wp\/v2\/posts"}],"about":[{"href":"https:\/\/muvhaz.orlaihaz.mezobereny.hu\/index.php?rest_route=\/wp\/v2\/types\/post"}],"replies":[{"embeddable":true,"href":"https:\/\/muvhaz.orlaihaz.mezobereny.hu\/index.php?rest_route=%2Fwp%2Fv2%2Fcomments&post=2775"}],"version-history":[{"count":2,"href":"https:\/\/muvhaz.orlaihaz.mezobereny.hu\/index.php?rest_route=\/wp\/v2\/posts\/2775\/revisions"}],"predecessor-version":[{"id":37157,"href":"https:\/\/muvhaz.orlaihaz.mezobereny.hu\/index.php?rest_route=\/wp\/v2\/posts\/2775\/revisions\/37157"}],"wp:featuredmedia":[{"embeddable":true,"href":"https:\/\/muvhaz.orlaihaz.mezobereny.hu\/index.php?rest_route=\/wp\/v2\/media\/37156"}],"wp:attachment":[{"href":"https:\/\/muvhaz.orlaihaz.mezobereny.hu\/index.php?rest_route=%2Fwp%2Fv2%2Fmedia&parent=2775"}],"wp:term":[{"taxonomy":"category","embeddable":true,"href":"https:\/\/muvhaz.orlaihaz.mezobereny.hu\/index.php?rest_route=%2Fwp%2Fv2%2Fcategories&post=2775"},{"taxonomy":"post_tag","embeddable":true,"href":"https:\/\/muvhaz.orlaihaz.mezobereny.hu\/index.php?rest_route=%2Fwp%2Fv2%2Ftags&post=2775"}],"curies":[{"name":"wp","href":"https:\/\/api.w.org\/{rel}","templated":true}]}}