{"id":2904,"date":"2022-08-01T00:00:00","date_gmt":"2022-07-31T22:00:00","guid":{"rendered":""},"modified":"2024-07-25T13:26:33","modified_gmt":"2024-07-25T11:26:33","slug":"baratsag-vilagnapja","status":"publish","type":"post","link":"https:\/\/muvhaz.orlaihaz.mezobereny.hu\/?p=2904","title":{"rendered":"Bar\u00e1ts\u00e1g vil\u00e1gnapja"},"content":{"rendered":"<p style=\"text-align: justify;\">Paraguayban 1958 j\u00falius\u00e1ban egy bar\u00e1ti t\u00e1rsas\u00e1g tal\u00e1lta ki, hogy legyen a bar\u00e1ts\u00e1gnak nemzetk\u00f6zi napja. Negyven \u00e9vvel k\u00e9s\u0151bb, 1998-ban az ENSZ f\u0151titk\u00e1ra, Kofi Annan Micimack\u00f3t nevezte ki a bar\u00e1ts\u00e1g hivatalos nagyk\u00f6vet\u00e9v\u00e9. V\u00e9g\u00fcl 2011-ben az Egyes\u00fclt Nemzetek K\u00f6zgy\u0171l\u00e9se hivatalosan is a bar\u00e1ts\u00e1g vil\u00e1gnapj\u00e1v\u00e1 nyilv\u00e1n\u00edtotta j\u00falius 30-\u00e1t. &nbsp;<\/p>\n\n\n<figure class=\"wp-block-image aligncenter size-large is-resized\"><img fetchpriority=\"high\" decoding=\"async\" width=\"1024\" height=\"683\" src=\"https:\/\/muvhaz.orlaihaz.mezobereny.hu\/wp-content\/uploads\/sites\/2\/2024\/07\/OPS_0171-1024x683.jfif\" alt=\"\" class=\"wp-image-36988\" style=\"aspect-ratio:1.499267935578331;width:553px;height:auto\" srcset=\"https:\/\/muvhaz.orlaihaz.mezobereny.hu\/wp-content\/uploads\/sites\/2\/2024\/07\/OPS_0171-1024x683.jfif 1024w, https:\/\/muvhaz.orlaihaz.mezobereny.hu\/wp-content\/uploads\/sites\/2\/2024\/07\/OPS_0171-300x200.jfif 300w, https:\/\/muvhaz.orlaihaz.mezobereny.hu\/wp-content\/uploads\/sites\/2\/2024\/07\/OPS_0171-768x512.jfif 768w, https:\/\/muvhaz.orlaihaz.mezobereny.hu\/wp-content\/uploads\/sites\/2\/2024\/07\/OPS_0171.jfif 1484w\" sizes=\"(max-width: 1024px) 100vw, 1024px\" \/><\/figure>\n\n\n<p>A muze\u00e1lis gy\u0171jtem\u00e9ny udvar\u00e1n T\u00fari Andrea, az OPSKMM igazgat\u00f3ja k\u00f6sz\u00f6nt\u00f6tte a megjelenteket. Di\u00f3szegi Eszter grafikusm\u0171v\u00e9sz tartott a gyerekeknek k\u00e9zm\u0171ves foglalkoz\u00e1st. Bod\u00f3czki Ern\u0151 \u00e9s zenekara \u00f6r\u00f6kz\u00f6ld dzsessz- \u00e9s popdallamokkal sz\u00f3rakoztatta a k\u00f6z\u00f6ns\u00e9get, illetve a zenekar vezet\u0151je besz\u00e9lt az \u00e9let\u00fatj\u00e1r\u00f3l is. A Silent zenekar imm\u00e1r klasszikuss\u00e1 v\u00e1lt rockzen\u00e9vel id\u00e9zte fel a m\u00faltsz\u00e1zad utols\u00f3 \u00e9vtizedeit. A bar\u00e1ts\u00e1g vil\u00e1gnapja alkalm\u00e1b\u00f3l a zenekar egy kerekessz\u00e9ket adott \u00e1t Mez\u0151ber\u00e9ny V\u00e1ros \u00e9s K\u00f6rny\u00e9ke Mozg\u00e1skorl\u00e1tozottjainak Egyes\u00fclete r\u00e9sz\u00e9re.<\/p>\n\n\n<figure class=\"wp-block-image aligncenter size-large is-resized\"><img decoding=\"async\" width=\"1024\" height=\"683\" src=\"https:\/\/muvhaz.orlaihaz.mezobereny.hu\/wp-content\/uploads\/sites\/2\/2024\/07\/OPS_0125-1024x683.jfif\" alt=\"\" class=\"wp-image-36987\" style=\"aspect-ratio:1.499267935578331;width:551px;height:auto\" srcset=\"https:\/\/muvhaz.orlaihaz.mezobereny.hu\/wp-content\/uploads\/sites\/2\/2024\/07\/OPS_0125-1024x683.jfif 1024w, https:\/\/muvhaz.orlaihaz.mezobereny.hu\/wp-content\/uploads\/sites\/2\/2024\/07\/OPS_0125-300x200.jfif 300w, https:\/\/muvhaz.orlaihaz.mezobereny.hu\/wp-content\/uploads\/sites\/2\/2024\/07\/OPS_0125-768x512.jfif 768w, https:\/\/muvhaz.orlaihaz.mezobereny.hu\/wp-content\/uploads\/sites\/2\/2024\/07\/OPS_0125.jfif 1484w\" sizes=\"(max-width: 1024px) 100vw, 1024px\" \/><\/figure>\n\n\n<p>\u201eMi\u00e9nk itt a t\u00e9r!\u201d c\u00edmmel virtu\u00e1lis j\u00e1t\u00e9kok \u00e9s csocs\u00f3 v\u00e1rta a fiatalokkal. Csete Gyula, a gy\u0171jtem\u00e9ny szakmai vezet\u0151je pinces\u00e9t\u00e1n kalauzolta az \u00e9rdekl\u0151d\u0151ket. A Mez\u0151ber\u00e9nyi Szlov\u00e1kok Szervezete keny\u00e9rl\u00e1ngost k\u00f3stoltatott, \u00e9s a helyi k\u00e9zm\u0171vesek port\u00e9k\u00e1ikb\u00f3l kirakod\u00f3 v\u00e1s\u00e1rt tartottak.<\/p>\n<p style=\"text-align: center;\"><a href=\"https:\/\/muvhaz.orlaihaz.mezobereny.hu\/index.php\/nggallery\/album\/baratsag-vilagnapja-2022-julius-30?page_id=7920\">Gal\u00e9ria<\/a><\/p>","protected":false},"excerpt":{"rendered":"<p style=\"text-align: justify;\">Minden rendezv\u00e9ny alkalmas arra, hogy ott \u00faj ismerets\u00e9gek sz\u00fclessenek, bar\u00e1ts\u00e1gok k\u00f6ttessenek, de az OPSKMM \u00e9s a Mez\u0151ber\u00e9nyi Orlai N\u00e9pf\u0151iskola Egyes\u00fclet 2022. j\u00falius 30-\u00e1n a muze\u00e1lis gy\u0171jtem\u00e9ny udvar\u00e1n a bar\u00e1ts\u00e1g vil\u00e1gnapja alkalm\u00e1b\u00f3l megtartott k\u00f6z\u00f6s rendezv\u00e9ny\u00e9nek kifejezetten ez volt a c\u00e9lja.<\/p>\n","protected":false},"author":0,"featured_media":36990,"comment_status":"closed","ping_status":"open","sticky":false,"template":"","format":"standard","meta":{"site-sidebar-layout":"default","site-content-layout":"","ast-site-content-layout":"","site-content-style":"default","site-sidebar-style":"default","ast-global-header-display":"","ast-banner-title-visibility":"","ast-main-header-display":"","ast-hfb-above-header-display":"","ast-hfb-below-header-display":"","ast-hfb-mobile-header-display":"","site-post-title":"","ast-breadcrumbs-content":"","ast-featured-img":"","footer-sml-layout":"","theme-transparent-header-meta":"","adv-header-id-meta":"","stick-header-meta":"","header-above-stick-meta":"","header-main-stick-meta":"","header-below-stick-meta":"","astra-migrate-meta-layouts":"default","ast-page-background-enabled":"default","ast-page-background-meta":{"desktop":{"background-color":"var(--ast-global-color-4)","background-image":"","background-repeat":"repeat","background-position":"center center","background-size":"auto","background-attachment":"scroll","background-type":"","background-media":"","overlay-type":"","overlay-color":"","overlay-opacity":"","overlay-gradient":""},"tablet":{"background-color":"","background-image":"","background-repeat":"repeat","background-position":"center center","background-size":"auto","background-attachment":"scroll","background-type":"","background-media":"","overlay-type":"","overlay-color":"","overlay-opacity":"","overlay-gradient":""},"mobile":{"background-color":"","background-image":"","background-repeat":"repeat","background-position":"center center","background-size":"auto","background-attachment":"scroll","background-type":"","background-media":"","overlay-type":"","overlay-color":"","overlay-opacity":"","overlay-gradient":""}},"ast-content-background-meta":{"desktop":{"background-color":"var(--ast-global-color-5)","background-image":"","background-repeat":"repeat","background-position":"center center","background-size":"auto","background-attachment":"scroll","background-type":"","background-media":"","overlay-type":"","overlay-color":"","overlay-opacity":"","overlay-gradient":""},"tablet":{"background-color":"var(--ast-global-color-5)","background-image":"","background-repeat":"repeat","background-position":"center center","background-size":"auto","background-attachment":"scroll","background-type":"","background-media":"","overlay-type":"","overlay-color":"","overlay-opacity":"","overlay-gradient":""},"mobile":{"background-color":"var(--ast-global-color-5)","background-image":"","background-repeat":"repeat","background-position":"center center","background-size":"auto","background-attachment":"scroll","background-type":"","background-media":"","overlay-type":"","overlay-color":"","overlay-opacity":"","overlay-gradient":""}},"ngg_post_thumbnail":0,"footnotes":""},"categories":[1],"tags":[],"class_list":["post-2904","post","type-post","status-publish","format-standard","has-post-thumbnail","hentry"],"jetpack_featured_media_url":"https:\/\/muvhaz.orlaihaz.mezobereny.hu\/wp-content\/uploads\/sites\/2\/2024\/07\/OPS_0205.jpg","_links":{"self":[{"href":"https:\/\/muvhaz.orlaihaz.mezobereny.hu\/index.php?rest_route=\/wp\/v2\/posts\/2904"}],"collection":[{"href":"https:\/\/muvhaz.orlaihaz.mezobereny.hu\/index.php?rest_route=\/wp\/v2\/posts"}],"about":[{"href":"https:\/\/muvhaz.orlaihaz.mezobereny.hu\/index.php?rest_route=\/wp\/v2\/types\/post"}],"replies":[{"embeddable":true,"href":"https:\/\/muvhaz.orlaihaz.mezobereny.hu\/index.php?rest_route=%2Fwp%2Fv2%2Fcomments&post=2904"}],"version-history":[{"count":2,"href":"https:\/\/muvhaz.orlaihaz.mezobereny.hu\/index.php?rest_route=\/wp\/v2\/posts\/2904\/revisions"}],"predecessor-version":[{"id":36989,"href":"https:\/\/muvhaz.orlaihaz.mezobereny.hu\/index.php?rest_route=\/wp\/v2\/posts\/2904\/revisions\/36989"}],"wp:featuredmedia":[{"embeddable":true,"href":"https:\/\/muvhaz.orlaihaz.mezobereny.hu\/index.php?rest_route=\/wp\/v2\/media\/36990"}],"wp:attachment":[{"href":"https:\/\/muvhaz.orlaihaz.mezobereny.hu\/index.php?rest_route=%2Fwp%2Fv2%2Fmedia&parent=2904"}],"wp:term":[{"taxonomy":"category","embeddable":true,"href":"https:\/\/muvhaz.orlaihaz.mezobereny.hu\/index.php?rest_route=%2Fwp%2Fv2%2Fcategories&post=2904"},{"taxonomy":"post_tag","embeddable":true,"href":"https:\/\/muvhaz.orlaihaz.mezobereny.hu\/index.php?rest_route=%2Fwp%2Fv2%2Ftags&post=2904"}],"curies":[{"name":"wp","href":"https:\/\/api.w.org\/{rel}","templated":true}]}}