{"id":2906,"date":"2022-08-02T00:00:00","date_gmt":"2022-08-01T22:00:00","guid":{"rendered":""},"modified":"2024-07-25T11:29:56","modified_gmt":"2024-07-25T09:29:56","slug":"a-roma-holokausztra-emlekeztek","status":"publish","type":"post","link":"https:\/\/muvhaz.orlaihaz.mezobereny.hu\/?p=2906","title":{"rendered":"A roma holokausztra eml\u00e9keztek"},"content":{"rendered":"<p style=\"text-align: justify;\">A megjelenteket Horv\u00e1th R\u00f3bert, a Mez\u0151ber\u00e9nyi Cig\u00e1ny Nemzetis\u00e9gi \u00d6nkorm\u00e1nyzat eln\u00f6ke k\u00f6sz\u00f6nt\u00f6tte. Elmondta, hogy Mez\u0151ber\u00e9nyben harmadik esztendeje eml\u00e9keznek meg a roma holokausztr\u00f3l.<\/p>\n\n\n<figure class=\"wp-block-image aligncenter size-large is-resized\"><img fetchpriority=\"high\" decoding=\"async\" width=\"1024\" height=\"683\" src=\"https:\/\/muvhaz.orlaihaz.mezobereny.hu\/wp-content\/uploads\/sites\/2\/2024\/07\/OPS_0055-1024x683.jfif\" alt=\"\" class=\"wp-image-36983\" style=\"aspect-ratio:1.499267935578331;width:571px;height:auto\" srcset=\"https:\/\/muvhaz.orlaihaz.mezobereny.hu\/wp-content\/uploads\/sites\/2\/2024\/07\/OPS_0055-1024x683.jfif 1024w, https:\/\/muvhaz.orlaihaz.mezobereny.hu\/wp-content\/uploads\/sites\/2\/2024\/07\/OPS_0055-300x200.jfif 300w, https:\/\/muvhaz.orlaihaz.mezobereny.hu\/wp-content\/uploads\/sites\/2\/2024\/07\/OPS_0055-768x512.jfif 768w, https:\/\/muvhaz.orlaihaz.mezobereny.hu\/wp-content\/uploads\/sites\/2\/2024\/07\/OPS_0055.jfif 1484w\" sizes=\"(max-width: 1024px) 100vw, 1024px\" \/><\/figure>\n\n\n<p>Henger P\u00e9ter, a Mez\u0151ber\u00e9nyi Helyt\u00f6rt\u00e9neti \u00e9s T\u00e1jv\u00e9delmi Egyes\u00fclet eln\u00f6ke megeml\u00e9kez\u0151 besz\u00e9d\u00e9ben arr\u00f3l besz\u00e9lt, a zsid\u00f3 holokauszt mellett \u00e1ltal\u00e1ban kev\u00e9s sz\u00f3 esik arr\u00f3l, hogy egy m\u00e1sik k\u00f6z\u00f6ss\u00e9get, a cig\u00e1nys\u00e1got is \u00e9rintette az embertelen cselekedetek sora a m\u00e1sodik vil\u00e1gh\u00e1bor\u00fa v\u00e9g\u00e9n. N\u00e9metorsz\u00e1gban 1942. december 16-\u00e1n elrendelt\u00e9k az \u00f6sszegy\u0171jt\u00f6tt, fekete h\u00e1romsz\u00f6ggel megjel\u00f6lt cig\u00e1nyok deport\u00e1l\u00e1s\u00e1t. T\u00f6bb t\u00edzezer emberre v\u00e1rt hajt\u00f3vad\u00e1szat, agyonl\u00f6vet\u00e9s, t\u00e1borokba elhurcol\u00e1s. Auschwitz \u2013 Birkenauba 23 ezer rom\u00e1t deport\u00e1ltak.<\/p>\n\n\n<figure class=\"wp-block-image aligncenter size-large is-resized\"><img decoding=\"async\" width=\"1024\" height=\"683\" src=\"https:\/\/muvhaz.orlaihaz.mezobereny.hu\/wp-content\/uploads\/sites\/2\/2024\/07\/OPS_0069-1024x683.jfif\" alt=\"\" class=\"wp-image-36982\" style=\"aspect-ratio:1.499267935578331;width:571px;height:auto\" srcset=\"https:\/\/muvhaz.orlaihaz.mezobereny.hu\/wp-content\/uploads\/sites\/2\/2024\/07\/OPS_0069-1024x683.jfif 1024w, https:\/\/muvhaz.orlaihaz.mezobereny.hu\/wp-content\/uploads\/sites\/2\/2024\/07\/OPS_0069-300x200.jfif 300w, https:\/\/muvhaz.orlaihaz.mezobereny.hu\/wp-content\/uploads\/sites\/2\/2024\/07\/OPS_0069-768x512.jfif 768w, https:\/\/muvhaz.orlaihaz.mezobereny.hu\/wp-content\/uploads\/sites\/2\/2024\/07\/OPS_0069.jfif 1484w\" sizes=\"(max-width: 1024px) 100vw, 1024px\" \/><\/figure>\n\n\n<p style=\"text-align: justify;\">Henger P\u00e9ter sz\u00f3lt arr\u00f3l, Magyarorsz\u00e1gon 1944 el\u0151tt a \u201ecig\u00e1nyk\u00e9rd\u00e9s\u201d f\u00f6l sem vet\u0151d\u00f6tt, azt d\u00f6nt\u0151en nem faji, hanem t\u00e1rsadalmi probl\u00e9m\u00e1nak tekintett\u00e9k. Szervezett deport\u00e1l\u00e1sokra az 1944. m\u00e1rcius 19-i n\u00e9met megsz\u00e1ll\u00e1s ut\u00e1n ker\u00fclt sor, els\u0151 sorban a Dun\u00e1nt\u00fali megy\u00e9kb\u0151l a kom\u00e1romi Csillager\u0151dbe. Nem ismeretlen viszont B\u00e9k\u00e9s megye t\u00f6rt\u00e9net\u00e9ben az 1944 okt\u00f3ber elejei dobozi m\u00e9sz\u00e1rl\u00e1s, melynek sor\u00e1n a magyar katonai \u00e9s csend\u0151ri er\u0151k 20 cig\u00e1ny gyereket, n\u0151t \u00e9s f\u00e9rfit elk\u00fcl\u00f6n\u00edtve, a dobozi temet\u0151ben kiv\u00e9geztek. A jelenlegi adatok alapj\u00e1n nincs tudom\u00e1sunk arr\u00f3l, hogy ber\u00e9nyi rom\u00e1k is az \u00e1ldozatok k\u00f6z\u00f6tt lettek volna, de a visszaeml\u00e9kez\u00e9sek szerint a retteg\u00e9s k\u00f6z\u00f6tt\u00fck is jelen volt a h\u00e1bor\u00fa utols\u00f3 h\u00f3napjaiban.<\/p>\n<p style=\"text-align: center;\"><a href=\"https:\/\/muvhaz.orlaihaz.mezobereny.hu\/index.php\/nggallery\/album\/a-roma-holokausztra-emlekeztek-2022-augusztus-2?page_id=34592\">Gal\u00e9ria<\/a><\/p>","protected":false},"excerpt":{"rendered":"<p style=\"text-align: justify;\">A Cig\u00e1ny Vil\u00e1gsz\u00f6vets\u00e9g 1972-es p\u00e1rizsi kongresszus\u00e1nak hat\u00e1rozata alapj\u00e1n augusztus 2. lett a cig\u00e1ny holokauszt nemzetk\u00f6zi eml\u00e9knapja. Ebb\u0151l az alkalomb\u00f3l 2022. augusztus 2-\u00e1n a Mez\u0151ber\u00e9nyi Cig\u00e1ny Nemzetis\u00e9gi \u00d6nkorm\u00e1nyzat megeml\u00e9kez\u00e9st tartott a muze\u00e1lis gy\u0171jtem\u00e9ny udvar\u00e1n, a tavaly novemberben felavatott eml\u00e9kt\u00e1bla el\u0151tt.<\/p>\n","protected":false},"author":0,"featured_media":36985,"comment_status":"closed","ping_status":"open","sticky":false,"template":"","format":"standard","meta":{"site-sidebar-layout":"default","site-content-layout":"","ast-site-content-layout":"","site-content-style":"default","site-sidebar-style":"default","ast-global-header-display":"","ast-banner-title-visibility":"","ast-main-header-display":"","ast-hfb-above-header-display":"","ast-hfb-below-header-display":"","ast-hfb-mobile-header-display":"","site-post-title":"","ast-breadcrumbs-content":"","ast-featured-img":"","footer-sml-layout":"","theme-transparent-header-meta":"","adv-header-id-meta":"","stick-header-meta":"","header-above-stick-meta":"","header-main-stick-meta":"","header-below-stick-meta":"","astra-migrate-meta-layouts":"default","ast-page-background-enabled":"default","ast-page-background-meta":{"desktop":{"background-color":"var(--ast-global-color-4)","background-image":"","background-repeat":"repeat","background-position":"center center","background-size":"auto","background-attachment":"scroll","background-type":"","background-media":"","overlay-type":"","overlay-color":"","overlay-opacity":"","overlay-gradient":""},"tablet":{"background-color":"","background-image":"","background-repeat":"repeat","background-position":"center center","background-size":"auto","background-attachment":"scroll","background-type":"","background-media":"","overlay-type":"","overlay-color":"","overlay-opacity":"","overlay-gradient":""},"mobile":{"background-color":"","background-image":"","background-repeat":"repeat","background-position":"center center","background-size":"auto","background-attachment":"scroll","background-type":"","background-media":"","overlay-type":"","overlay-color":"","overlay-opacity":"","overlay-gradient":""}},"ast-content-background-meta":{"desktop":{"background-color":"var(--ast-global-color-5)","background-image":"","background-repeat":"repeat","background-position":"center center","background-size":"auto","background-attachment":"scroll","background-type":"","background-media":"","overlay-type":"","overlay-color":"","overlay-opacity":"","overlay-gradient":""},"tablet":{"background-color":"var(--ast-global-color-5)","background-image":"","background-repeat":"repeat","background-position":"center center","background-size":"auto","background-attachment":"scroll","background-type":"","background-media":"","overlay-type":"","overlay-color":"","overlay-opacity":"","overlay-gradient":""},"mobile":{"background-color":"var(--ast-global-color-5)","background-image":"","background-repeat":"repeat","background-position":"center center","background-size":"auto","background-attachment":"scroll","background-type":"","background-media":"","overlay-type":"","overlay-color":"","overlay-opacity":"","overlay-gradient":""}},"ngg_post_thumbnail":0,"footnotes":""},"categories":[1],"tags":[],"class_list":["post-2906","post","type-post","status-publish","format-standard","has-post-thumbnail","hentry"],"jetpack_featured_media_url":"https:\/\/muvhaz.orlaihaz.mezobereny.hu\/wp-content\/uploads\/sites\/2\/2024\/07\/OPS_0022-1.jpg","_links":{"self":[{"href":"https:\/\/muvhaz.orlaihaz.mezobereny.hu\/index.php?rest_route=\/wp\/v2\/posts\/2906"}],"collection":[{"href":"https:\/\/muvhaz.orlaihaz.mezobereny.hu\/index.php?rest_route=\/wp\/v2\/posts"}],"about":[{"href":"https:\/\/muvhaz.orlaihaz.mezobereny.hu\/index.php?rest_route=\/wp\/v2\/types\/post"}],"replies":[{"embeddable":true,"href":"https:\/\/muvhaz.orlaihaz.mezobereny.hu\/index.php?rest_route=%2Fwp%2Fv2%2Fcomments&post=2906"}],"version-history":[{"count":2,"href":"https:\/\/muvhaz.orlaihaz.mezobereny.hu\/index.php?rest_route=\/wp\/v2\/posts\/2906\/revisions"}],"predecessor-version":[{"id":36984,"href":"https:\/\/muvhaz.orlaihaz.mezobereny.hu\/index.php?rest_route=\/wp\/v2\/posts\/2906\/revisions\/36984"}],"wp:featuredmedia":[{"embeddable":true,"href":"https:\/\/muvhaz.orlaihaz.mezobereny.hu\/index.php?rest_route=\/wp\/v2\/media\/36985"}],"wp:attachment":[{"href":"https:\/\/muvhaz.orlaihaz.mezobereny.hu\/index.php?rest_route=%2Fwp%2Fv2%2Fmedia&parent=2906"}],"wp:term":[{"taxonomy":"category","embeddable":true,"href":"https:\/\/muvhaz.orlaihaz.mezobereny.hu\/index.php?rest_route=%2Fwp%2Fv2%2Fcategories&post=2906"},{"taxonomy":"post_tag","embeddable":true,"href":"https:\/\/muvhaz.orlaihaz.mezobereny.hu\/index.php?rest_route=%2Fwp%2Fv2%2Ftags&post=2906"}],"curies":[{"name":"wp","href":"https:\/\/api.w.org\/{rel}","templated":true}]}}