{"id":2910,"date":"2022-08-08T00:00:00","date_gmt":"2022-08-07T22:00:00","guid":{"rendered":""},"modified":"2024-07-24T14:49:46","modified_gmt":"2024-07-24T12:49:46","slug":"napkozi-erzsebet-tabor-az-opskmm-ben","status":"publish","type":"post","link":"https:\/\/muvhaz.orlaihaz.mezobereny.hu\/?p=2910","title":{"rendered":"Napk\u00f6zi Erzs\u00e9bet-t\u00e1bor az OPSKMM-ben"},"content":{"rendered":"<p style=\"text-align: justify;\">Az els\u0151 nap az ismerked\u00e9ssel indult, majd \u00e1tvett\u00e9k a sz\u00e1mukra elk\u00e9sz\u00fclt Erzs\u00e9bet-t\u00e1bor log\u00f3val ell\u00e1tott p\u00f3l\u00f3kat \u00e9s balesetv\u00e9delmi oktat\u00e1sban r\u00e9szes\u00fcltek. D\u00e9lel\u0151tt h\u00e1rom csoportban zen\u00e9s-mozg\u00e1sos \u00e9s k\u00e9zm\u0171ves foglalkoz\u00e1sokon vettek r\u00e9szt.<\/p>\n\n\n<figure class=\"wp-block-image aligncenter size-large is-resized\"><img fetchpriority=\"high\" decoding=\"async\" width=\"1024\" height=\"469\" src=\"https:\/\/muvhaz.orlaihaz.mezobereny.hu\/wp-content\/uploads\/sites\/2\/2024\/07\/298418685_5338021499566546_1737768_n-1024x469.jpg\" alt=\"\" class=\"wp-image-36978\" style=\"aspect-ratio:2.183368869936034;width:557px;height:auto\" srcset=\"https:\/\/muvhaz.orlaihaz.mezobereny.hu\/wp-content\/uploads\/sites\/2\/2024\/07\/298418685_5338021499566546_1737768_n-1024x469.jpg 1024w, https:\/\/muvhaz.orlaihaz.mezobereny.hu\/wp-content\/uploads\/sites\/2\/2024\/07\/298418685_5338021499566546_1737768_n-300x138.jpg 300w, https:\/\/muvhaz.orlaihaz.mezobereny.hu\/wp-content\/uploads\/sites\/2\/2024\/07\/298418685_5338021499566546_1737768_n-768x352.jpg 768w, https:\/\/muvhaz.orlaihaz.mezobereny.hu\/wp-content\/uploads\/sites\/2\/2024\/07\/298418685_5338021499566546_1737768_n.jpg 1536w\" sizes=\"(max-width: 1024px) 100vw, 1024px\" \/><\/figure>\n\n\n<p>D\u00e9lut\u00e1n ell\u00e1togattak a v\u00e1rosh\u00e1z\u00e1ra, ahol K\u00f6r\u00f6si Mih\u00e1ly alpolg\u00e1rmester mes\u00e9lt a gyerekeknek a v\u00e1rosh\u00e1za t\u00f6rt\u00e9net\u00e9r\u0151l, funkci\u00f3j\u00e1r\u00f3l, megn\u00e9zt\u00e9k a v\u00e1ros sz\u00fcl\u00f6tt\u00e9nek, Orlai Petrics Soma fest\u0151nek a d\u00edszteremben elhelyezett nagym\u00e9ret\u0171, 1869-ben sz\u00fcletett Coriolanus c\u00edm\u0171 festm\u00e9ny\u00e9t. Majd l\u00e1togat\u00e1st tettek a Sikl\u00f3si Istv\u00e1n polg\u00e1rmester \u00farn\u00e1l, ahol \u00fajabb \u00e9lm\u00e9nyekkel gazdagodtak.&nbsp;&nbsp;&nbsp;&nbsp;&nbsp;&nbsp;&nbsp;<\/p>\n\n\n<figure class=\"wp-block-image aligncenter size-large is-resized\"><img decoding=\"async\" width=\"1024\" height=\"474\" src=\"https:\/\/muvhaz.orlaihaz.mezobereny.hu\/wp-content\/uploads\/sites\/2\/2024\/07\/297694460_5338006052901424_2059629_n-1-1024x474.jpg\" alt=\"\" class=\"wp-image-36977\" style=\"aspect-ratio:2.160337552742616;width:562px;height:auto\" srcset=\"https:\/\/muvhaz.orlaihaz.mezobereny.hu\/wp-content\/uploads\/sites\/2\/2024\/07\/297694460_5338006052901424_2059629_n-1-1024x474.jpg 1024w, https:\/\/muvhaz.orlaihaz.mezobereny.hu\/wp-content\/uploads\/sites\/2\/2024\/07\/297694460_5338006052901424_2059629_n-1-300x139.jpg 300w, https:\/\/muvhaz.orlaihaz.mezobereny.hu\/wp-content\/uploads\/sites\/2\/2024\/07\/297694460_5338006052901424_2059629_n-1-768x355.jpg 768w, https:\/\/muvhaz.orlaihaz.mezobereny.hu\/wp-content\/uploads\/sites\/2\/2024\/07\/297694460_5338006052901424_2059629_n-1-1536x710.jpg 1536w, https:\/\/muvhaz.orlaihaz.mezobereny.hu\/wp-content\/uploads\/sites\/2\/2024\/07\/297694460_5338006052901424_2059629_n-1.jpg 1920w\" sizes=\"(max-width: 1024px) 100vw, 1024px\" \/><\/figure>\n\n\n<p style=\"text-align: justify;\">Ezt k\u00f6vet\u0151en az 56-os eml\u00e9kt\u00e9r \u00d6r\u00f6k H\u0171s\u00e9g lakatfal\u00e1n elhelyezt\u00e9k a Mez\u0151ber\u00e9ny v\u00e1ros\u00e1hoz val\u00f3 elk\u00f6telez\u0151d\u00e9s\u00fck jelk\u00e9pes lakatj\u00e1t.<\/p>\n<p style=\"text-align: justify;\">Megtekintett\u00e9k a muze\u00e1lis gy\u0171jtem\u00e9ny ki\u00e1ll\u00edt\u00e1s\u00e1t, t\u00f6bbek k\u00f6z\u00f6tt a helyi \u00e9rt\u00e9kt\u00e1r ki\u00e1ll\u00edt\u00e1st is. Valamint 20 perces szabadul\u00f3s j\u00e1t\u00e9kkal pr\u00f3b\u00e1ra tett\u00e9k b\u00e1tors\u00e1gukat a pinceb\u00f6rt\u00f6nben.<\/p>\n<p style=\"text-align: center;\"><a href=\"https:\/\/muvhaz.orlaihaz.mezobereny.hu\/index.php\/nggallery\/album\/napkozi-erzsebet-tabor-az-opskmm-ben-2022-augusztus-6?page_id=32023\">Gal\u00e9ria<\/a><\/p>","protected":false},"excerpt":{"rendered":"<p style=\"text-align: justify;\">Az OPSKMM napk\u00f6zi Erzs\u00e9bet-t\u00e1bora 2022. augusztus 6-\u00e1n kezd\u0151d\u00f6tt a m\u0171vel\u0151d\u00e9si k\u00f6zpontban 36 gyermek r\u00e9szv\u00e9tel\u00e9vel, Mezei J\u00f3zsef t\u00e1borvezet\u0151 ir\u00e1ny\u00edt\u00e1s\u00e1val.<\/p>\n","protected":false},"author":0,"featured_media":36980,"comment_status":"closed","ping_status":"open","sticky":false,"template":"","format":"standard","meta":{"site-sidebar-layout":"default","site-content-layout":"","ast-site-content-layout":"","site-content-style":"default","site-sidebar-style":"default","ast-global-header-display":"","ast-banner-title-visibility":"","ast-main-header-display":"","ast-hfb-above-header-display":"","ast-hfb-below-header-display":"","ast-hfb-mobile-header-display":"","site-post-title":"","ast-breadcrumbs-content":"","ast-featured-img":"","footer-sml-layout":"","theme-transparent-header-meta":"","adv-header-id-meta":"","stick-header-meta":"","header-above-stick-meta":"","header-main-stick-meta":"","header-below-stick-meta":"","astra-migrate-meta-layouts":"default","ast-page-background-enabled":"default","ast-page-background-meta":{"desktop":{"background-color":"var(--ast-global-color-4)","background-image":"","background-repeat":"repeat","background-position":"center center","background-size":"auto","background-attachment":"scroll","background-type":"","background-media":"","overlay-type":"","overlay-color":"","overlay-opacity":"","overlay-gradient":""},"tablet":{"background-color":"","background-image":"","background-repeat":"repeat","background-position":"center center","background-size":"auto","background-attachment":"scroll","background-type":"","background-media":"","overlay-type":"","overlay-color":"","overlay-opacity":"","overlay-gradient":""},"mobile":{"background-color":"","background-image":"","background-repeat":"repeat","background-position":"center center","background-size":"auto","background-attachment":"scroll","background-type":"","background-media":"","overlay-type":"","overlay-color":"","overlay-opacity":"","overlay-gradient":""}},"ast-content-background-meta":{"desktop":{"background-color":"var(--ast-global-color-5)","background-image":"","background-repeat":"repeat","background-position":"center center","background-size":"auto","background-attachment":"scroll","background-type":"","background-media":"","overlay-type":"","overlay-color":"","overlay-opacity":"","overlay-gradient":""},"tablet":{"background-color":"var(--ast-global-color-5)","background-image":"","background-repeat":"repeat","background-position":"center center","background-size":"auto","background-attachment":"scroll","background-type":"","background-media":"","overlay-type":"","overlay-color":"","overlay-opacity":"","overlay-gradient":""},"mobile":{"background-color":"var(--ast-global-color-5)","background-image":"","background-repeat":"repeat","background-position":"center center","background-size":"auto","background-attachment":"scroll","background-type":"","background-media":"","overlay-type":"","overlay-color":"","overlay-opacity":"","overlay-gradient":""}},"ngg_post_thumbnail":0,"footnotes":""},"categories":[1],"tags":[],"class_list":["post-2910","post","type-post","status-publish","format-standard","has-post-thumbnail","hentry"],"jetpack_featured_media_url":"https:\/\/muvhaz.orlaihaz.mezobereny.hu\/wp-content\/uploads\/sites\/2\/2024\/07\/297578722_5338007946234568_2301267_n.jpg","_links":{"self":[{"href":"https:\/\/muvhaz.orlaihaz.mezobereny.hu\/index.php?rest_route=\/wp\/v2\/posts\/2910"}],"collection":[{"href":"https:\/\/muvhaz.orlaihaz.mezobereny.hu\/index.php?rest_route=\/wp\/v2\/posts"}],"about":[{"href":"https:\/\/muvhaz.orlaihaz.mezobereny.hu\/index.php?rest_route=\/wp\/v2\/types\/post"}],"replies":[{"embeddable":true,"href":"https:\/\/muvhaz.orlaihaz.mezobereny.hu\/index.php?rest_route=%2Fwp%2Fv2%2Fcomments&post=2910"}],"version-history":[{"count":3,"href":"https:\/\/muvhaz.orlaihaz.mezobereny.hu\/index.php?rest_route=\/wp\/v2\/posts\/2910\/revisions"}],"predecessor-version":[{"id":36979,"href":"https:\/\/muvhaz.orlaihaz.mezobereny.hu\/index.php?rest_route=\/wp\/v2\/posts\/2910\/revisions\/36979"}],"wp:featuredmedia":[{"embeddable":true,"href":"https:\/\/muvhaz.orlaihaz.mezobereny.hu\/index.php?rest_route=\/wp\/v2\/media\/36980"}],"wp:attachment":[{"href":"https:\/\/muvhaz.orlaihaz.mezobereny.hu\/index.php?rest_route=%2Fwp%2Fv2%2Fmedia&parent=2910"}],"wp:term":[{"taxonomy":"category","embeddable":true,"href":"https:\/\/muvhaz.orlaihaz.mezobereny.hu\/index.php?rest_route=%2Fwp%2Fv2%2Fcategories&post=2910"},{"taxonomy":"post_tag","embeddable":true,"href":"https:\/\/muvhaz.orlaihaz.mezobereny.hu\/index.php?rest_route=%2Fwp%2Fv2%2Ftags&post=2910"}],"curies":[{"name":"wp","href":"https:\/\/api.w.org\/{rel}","templated":true}]}}