{"id":2932,"date":"2022-08-16T00:00:00","date_gmt":"2022-08-15T22:00:00","guid":{"rendered":""},"modified":"2024-07-23T14:19:27","modified_gmt":"2024-07-23T12:19:27","slug":"szemtol-szemben-a-muvesztabor-zarokiallitasa","status":"publish","type":"post","link":"https:\/\/muvhaz.orlaihaz.mezobereny.hu\/?p=2932","title":{"rendered":"Szemt\u0151l szemben \u2013 a m\u0171v\u00e9szt\u00e1bor z\u00e1r\u00f3ki\u00e1ll\u00edt\u00e1sa"},"content":{"rendered":"<p style=\"text-align: justify;\">Az id\u00e9n hat m\u0171v\u00e9sz vett r\u00e9szt a k\u00f6z\u00f6s munk\u00e1ban: Bakos Ferenc, B\u00e1cskai Bertalan \u00e9s Wrobel P\u00e9ter festm\u00e9nyeket, Bereznai P\u00e9ter, Kov\u00e1cs Bence \u00e9s Papp Zolt\u00e1n pedig grafik\u00e1kat alkotott. Az idei m\u0171v\u00e9sztelepre k\u00e9t fest\u0151: Holo H\u00f3bel L\u00e1szl\u00f3 \u00e9s Pataki Ferenc nem tudott elj\u00f6nni, de a ki\u00e1ll\u00edt\u00e1son egy-egy alkot\u00e1ssal k\u00e9pviseltetik magukat, hiszen \u0151k is fontos tagjai ennek a k\u00f6z\u00f6ss\u00e9gnek.<\/p>\n<p style=\"text-align: justify;\">Sikl\u00f3si Istv\u00e1n polg\u00e1rmester, a program f\u0151v\u00e9dn\u00f6ke szerint a m\u0171v\u00e9sztelep egy magval\u00f3sult \u00e1lom. M\u00e9g a kilencvenes \u00e9vek elej\u00e9n l\u00e1togatta meg Bereznai P\u00e9ter \u00e9s testv\u00e9re, Bereznai Mikl\u00f3s, \u00e9s f\u00f6lvetett\u00e9k a m\u0171v\u00e9szt\u00e1bor \u00f6tlet\u00e9t. A tervb\u0151l igaz nem azonnal, de k\u00e9s\u0151bb val\u00f3s\u00e1g lett.<\/p>\n\n\n<figure class=\"wp-block-image aligncenter size-large is-resized\"><img fetchpriority=\"high\" decoding=\"async\" width=\"1024\" height=\"683\" src=\"https:\/\/muvhaz.orlaihaz.mezobereny.hu\/wp-content\/uploads\/sites\/2\/2024\/07\/OPS_0041-1024x683.jfif\" alt=\"\" class=\"wp-image-36913\" style=\"aspect-ratio:1.499267935578331;width:595px;height:auto\" srcset=\"https:\/\/muvhaz.orlaihaz.mezobereny.hu\/wp-content\/uploads\/sites\/2\/2024\/07\/OPS_0041-1024x683.jfif 1024w, https:\/\/muvhaz.orlaihaz.mezobereny.hu\/wp-content\/uploads\/sites\/2\/2024\/07\/OPS_0041-300x200.jfif 300w, https:\/\/muvhaz.orlaihaz.mezobereny.hu\/wp-content\/uploads\/sites\/2\/2024\/07\/OPS_0041-768x512.jfif 768w, https:\/\/muvhaz.orlaihaz.mezobereny.hu\/wp-content\/uploads\/sites\/2\/2024\/07\/OPS_0041.jfif 1484w\" sizes=\"(max-width: 1024px) 100vw, 1024px\" \/><\/figure>\n\n\n<p style=\"text-align: justify;\">V\u00e1n Hajnalka egyenk\u00e9nt sz\u00f3l az alkot\u00f3kr\u00f3l. Elmondta, Bakos Ferenc \u00fajabb k\u00e9pein kil\u00e9pett a t\u00e1rgyi \u00e1br\u00e1zol\u00e1son t\u00falra, \u00e9s elindult az elvont vil\u00e1g felfedez\u00e9s\u00e9re. B\u00e1cskai Bertalan m\u0171vei az er\u0151r\u0151l \u00e9s a hat\u00e1rozotts\u00e1gr\u00f3l tan\u00faskodnak, a m\u0171v\u00e9sz megingathatatlan vil\u00e1gn\u00e9zet\u00e9t k\u00f6zvet\u00edtik. Bereznai P\u00e9ter geometriai k\u00e9rd\u00e9sekkel foglalkoz\u00f3 alkot\u00e1sait a szimmetria \u00e9s aszimmetria ellent\u00e9tes, m\u00e9gis egym\u00e1shoz k\u00f6zel\u00e1ll\u00f3 t\u00e9zise alapj\u00e1n kompon\u00e1lja. Kov\u00e1cs Bence el\u0151sz\u00f6r er\u0151s\u00edti a m\u0171v\u00e9sztelep n\u00e9vsor\u00e1t, szem\u00e9ly\u00e9ben egy olyan rokon alkot\u00f3 \u00fcdv\u00f6z\u00f6lhet\u0151, aki \u00e9rti \u00e9s \u00e9rzi a m\u0171v\u00e9szet nyelv\u00e9t, aki mestere a technik\u00e1nak. &nbsp;Papp Zolt\u00e1n szerzetesi m\u00f3don elmer\u00fcl m\u0171vei legapr\u00f3bb r\u00e9szleteiben \u00e9s m\u00edtoszt teremt. Wrobel P\u00e9ter alkot\u00e1sai arra adnak lehet\u0151s\u00e9get, hogy \u00e1tengedj\u00fck magunkat a k\u00e9pekb\u0151l \u00e1ll\u00f3 v\u00e9gtelen \u00e9rz\u00e9s\u00e9nek, \u00e9s meg\u00e9rezhetj\u00fck, ahogy m\u0171v\u00e9szete r\u00e9v\u00e9n elanyagtalan\u00edt\u00f3dunk.<\/p>\n<p style=\"text-align: justify;\">A m\u0171v\u00e9szett\u00f6rt\u00e9n\u00e9sz elmondta, az elm\u00falt \u00e9vekben Holo H\u00f3bel L\u00e1szl\u00f3 szilaj erej\u00e9vel, Pataki Ferenc pedig b\u00f6lcsess\u00e9g\u00e9vel \u00e9p\u00edtette ezt a csapatot, ez\u00e9rt hi\u00e1nyukat nagyon meg\u00e9rezt\u00e9k az alkot\u00f3t\u00e1rsak. &nbsp;&nbsp;&nbsp;<\/p>\n\n\n<figure class=\"wp-block-image aligncenter size-large is-resized\"><img decoding=\"async\" width=\"1024\" height=\"683\" src=\"https:\/\/muvhaz.orlaihaz.mezobereny.hu\/wp-content\/uploads\/sites\/2\/2024\/07\/OPS_0045-1024x683.jfif\" alt=\"\" class=\"wp-image-36914\" style=\"aspect-ratio:1.499267935578331;width:592px;height:auto\" srcset=\"https:\/\/muvhaz.orlaihaz.mezobereny.hu\/wp-content\/uploads\/sites\/2\/2024\/07\/OPS_0045-1024x683.jfif 1024w, https:\/\/muvhaz.orlaihaz.mezobereny.hu\/wp-content\/uploads\/sites\/2\/2024\/07\/OPS_0045-300x200.jfif 300w, https:\/\/muvhaz.orlaihaz.mezobereny.hu\/wp-content\/uploads\/sites\/2\/2024\/07\/OPS_0045-768x512.jfif 768w, https:\/\/muvhaz.orlaihaz.mezobereny.hu\/wp-content\/uploads\/sites\/2\/2024\/07\/OPS_0045.jfif 1484w\" sizes=\"(max-width: 1024px) 100vw, 1024px\" \/><\/figure>\n\n\n<p>A t\u00e1rlat \u2013 nyitvatart\u00e1si id\u0151ben \u2013 megtekinthet\u0151 2022. szeptember 30-ig.&nbsp;<\/p>\n<p style=\"text-align: center;\"><a href=\"https:\/\/muvhaz.orlaihaz.mezobereny.hu\/index.php\/nggallery\/album\/szemtol-szemben-a-muvesztabor-zarokiallitasa-2022-augusztus-16?page_id=7926\">Gal\u00e9ria<\/a><\/p>","protected":false},"excerpt":{"rendered":"<p style=\"text-align: justify;\">\u201e<em>Szemt\u0151l szemben<\/em>\u201d c\u00edmmel 2022. augusztus 16-\u00e1n \u2013 Sikl\u00f3si Istv\u00e1n polg\u00e1rmester k\u00f6sz\u00f6nt\u0151je ut\u00e1n \u2013 V\u00e1n Hajnalka m\u0171v\u00e9szett\u00f6rt\u00e9n\u00e9sz nyitotta meg a IX. Mez\u0151ber\u00e9nyi M\u0171v\u00e9sztelep z\u00e1r\u00f3ki\u00e1ll\u00edt\u00e1s\u00e1t a m\u0171vel\u0151d\u00e9si k\u00f6zpontban.<\/p>\n","protected":false},"author":0,"featured_media":36916,"comment_status":"closed","ping_status":"open","sticky":false,"template":"","format":"standard","meta":{"site-sidebar-layout":"default","site-content-layout":"","ast-site-content-layout":"","site-content-style":"default","site-sidebar-style":"default","ast-global-header-display":"","ast-banner-title-visibility":"","ast-main-header-display":"","ast-hfb-above-header-display":"","ast-hfb-below-header-display":"","ast-hfb-mobile-header-display":"","site-post-title":"","ast-breadcrumbs-content":"","ast-featured-img":"","footer-sml-layout":"","theme-transparent-header-meta":"","adv-header-id-meta":"","stick-header-meta":"","header-above-stick-meta":"","header-main-stick-meta":"","header-below-stick-meta":"","astra-migrate-meta-layouts":"default","ast-page-background-enabled":"default","ast-page-background-meta":{"desktop":{"background-color":"var(--ast-global-color-4)","background-image":"","background-repeat":"repeat","background-position":"center center","background-size":"auto","background-attachment":"scroll","background-type":"","background-media":"","overlay-type":"","overlay-color":"","overlay-opacity":"","overlay-gradient":""},"tablet":{"background-color":"","background-image":"","background-repeat":"repeat","background-position":"center center","background-size":"auto","background-attachment":"scroll","background-type":"","background-media":"","overlay-type":"","overlay-color":"","overlay-opacity":"","overlay-gradient":""},"mobile":{"background-color":"","background-image":"","background-repeat":"repeat","background-position":"center center","background-size":"auto","background-attachment":"scroll","background-type":"","background-media":"","overlay-type":"","overlay-color":"","overlay-opacity":"","overlay-gradient":""}},"ast-content-background-meta":{"desktop":{"background-color":"var(--ast-global-color-5)","background-image":"","background-repeat":"repeat","background-position":"center center","background-size":"auto","background-attachment":"scroll","background-type":"","background-media":"","overlay-type":"","overlay-color":"","overlay-opacity":"","overlay-gradient":""},"tablet":{"background-color":"var(--ast-global-color-5)","background-image":"","background-repeat":"repeat","background-position":"center center","background-size":"auto","background-attachment":"scroll","background-type":"","background-media":"","overlay-type":"","overlay-color":"","overlay-opacity":"","overlay-gradient":""},"mobile":{"background-color":"var(--ast-global-color-5)","background-image":"","background-repeat":"repeat","background-position":"center center","background-size":"auto","background-attachment":"scroll","background-type":"","background-media":"","overlay-type":"","overlay-color":"","overlay-opacity":"","overlay-gradient":""}},"ngg_post_thumbnail":0,"footnotes":""},"categories":[1],"tags":[],"class_list":["post-2932","post","type-post","status-publish","format-standard","has-post-thumbnail","hentry"],"jetpack_featured_media_url":"https:\/\/muvhaz.orlaihaz.mezobereny.hu\/wp-content\/uploads\/sites\/2\/2024\/07\/OPS_0006-1.jpg","_links":{"self":[{"href":"https:\/\/muvhaz.orlaihaz.mezobereny.hu\/index.php?rest_route=\/wp\/v2\/posts\/2932"}],"collection":[{"href":"https:\/\/muvhaz.orlaihaz.mezobereny.hu\/index.php?rest_route=\/wp\/v2\/posts"}],"about":[{"href":"https:\/\/muvhaz.orlaihaz.mezobereny.hu\/index.php?rest_route=\/wp\/v2\/types\/post"}],"replies":[{"embeddable":true,"href":"https:\/\/muvhaz.orlaihaz.mezobereny.hu\/index.php?rest_route=%2Fwp%2Fv2%2Fcomments&post=2932"}],"version-history":[{"count":2,"href":"https:\/\/muvhaz.orlaihaz.mezobereny.hu\/index.php?rest_route=\/wp\/v2\/posts\/2932\/revisions"}],"predecessor-version":[{"id":36915,"href":"https:\/\/muvhaz.orlaihaz.mezobereny.hu\/index.php?rest_route=\/wp\/v2\/posts\/2932\/revisions\/36915"}],"wp:featuredmedia":[{"embeddable":true,"href":"https:\/\/muvhaz.orlaihaz.mezobereny.hu\/index.php?rest_route=\/wp\/v2\/media\/36916"}],"wp:attachment":[{"href":"https:\/\/muvhaz.orlaihaz.mezobereny.hu\/index.php?rest_route=%2Fwp%2Fv2%2Fmedia&parent=2932"}],"wp:term":[{"taxonomy":"category","embeddable":true,"href":"https:\/\/muvhaz.orlaihaz.mezobereny.hu\/index.php?rest_route=%2Fwp%2Fv2%2Fcategories&post=2932"},{"taxonomy":"post_tag","embeddable":true,"href":"https:\/\/muvhaz.orlaihaz.mezobereny.hu\/index.php?rest_route=%2Fwp%2Fv2%2Ftags&post=2932"}],"curies":[{"name":"wp","href":"https:\/\/api.w.org\/{rel}","templated":true}]}}