{"id":2939,"date":"2022-08-20T00:00:00","date_gmt":"2022-08-19T22:00:00","guid":{"rendered":""},"modified":"2024-07-23T15:45:20","modified_gmt":"2024-07-23T13:45:20","slug":"a-xxv-berenyi-napok-unnepi-megnyitoja","status":"publish","type":"post","link":"https:\/\/muvhaz.orlaihaz.mezobereny.hu\/?p=2939","title":{"rendered":"A XXV. Ber\u00e9nyi Napok \u00fcnnepi megnyit\u00f3ja"},"content":{"rendered":"<p style=\"text-align: justify;\">Kifejtette, tavaly \u00fcnnepelt\u00e9k volna a testv\u00e9rv\u00e1rosi kapcsolat felv\u00e9tel\u00e9nek harmincadik \u00e9vfordul\u00f3j\u00e1t, de a pand\u00e9mia miatt err\u0151l nem tudtak megeml\u00e9kezni. A polg\u00e1rmester eml\u00e9klapot ny\u00fajtott \u00e1t a hivatalos deleg\u00e1ci\u00f3 k\u00e9t tagj\u00e1nak. &nbsp;&nbsp;&nbsp;&nbsp;<\/p>\n\n\n<figure class=\"wp-block-image aligncenter size-large is-resized\"><img fetchpriority=\"high\" decoding=\"async\" width=\"1024\" height=\"683\" src=\"https:\/\/muvhaz.orlaihaz.mezobereny.hu\/wp-content\/uploads\/sites\/2\/2024\/07\/OPS_0192-1024x683.jfif\" alt=\"\" class=\"wp-image-36925\" style=\"aspect-ratio:1.499267935578331;width:586px;height:auto\" srcset=\"https:\/\/muvhaz.orlaihaz.mezobereny.hu\/wp-content\/uploads\/sites\/2\/2024\/07\/OPS_0192-1024x683.jfif 1024w, https:\/\/muvhaz.orlaihaz.mezobereny.hu\/wp-content\/uploads\/sites\/2\/2024\/07\/OPS_0192-300x200.jfif 300w, https:\/\/muvhaz.orlaihaz.mezobereny.hu\/wp-content\/uploads\/sites\/2\/2024\/07\/OPS_0192-768x512.jfif 768w, https:\/\/muvhaz.orlaihaz.mezobereny.hu\/wp-content\/uploads\/sites\/2\/2024\/07\/OPS_0192.jfif 1484w\" sizes=\"(max-width: 1024px) 100vw, 1024px\" \/><\/figure>\n\n\n<p>Sikl\u00f3si Istv\u00e1n sz\u00f3lt arr\u00f3l is, augusztus 20-\u00e1n Szent Istv\u00e1n mellett az \u00faj kenyeret is \u00fcnnepelj\u00fck. E szavak ut\u00e1n a sz\u00ednpadon megszegte az \u00faj b\u00faz\u00e1b\u00f3l s\u00fct\u00f6tt, megszentelt kenyeret, \u00e9s azt felszeletelve a n\u00e9pt\u00e1ncos fiatalok k\u00edn\u00e1lt\u00e1k a k\u00f6z\u00f6ns\u00e9gnek. &nbsp;<\/p>\n<p style=\"text-align: center;\"><a href=\"https:\/\/muvhaz.orlaihaz.mezobereny.hu\/index.php\/nggallery\/album\/a-xxv-berenyi-napok-unnepi-megnyitoja-2022-augusztus-20?page_id=7920\">Gal\u00e9ria<\/a><\/p>","protected":false},"excerpt":{"rendered":"<p style=\"text-align: justify;\">Az Orlai utc\u00e1t\u00f3l a v\u00e1rosi ligetig tart\u00f3 Szent Istv\u00e1n-napi felvonul\u00e1st 2022. augusztus 20-\u00e1n a kiad\u00f3s es\u0151 sem mosta el, a r\u00e9sztvev\u0151k eserny\u0151k alatt s\u00e9t\u00e1ltak. A liget sz\u00ednpad\u00e1n Sikl\u00f3si Istv\u00e1n polg\u00e1rmester megnyit\u00f3j\u00e1ban k\u00fcl\u00f6n k\u00f6sz\u00f6nt\u00f6tte a Gronau-i vend\u00e9geket.<\/p>\n","protected":false},"author":0,"featured_media":36928,"comment_status":"closed","ping_status":"open","sticky":false,"template":"","format":"standard","meta":{"site-sidebar-layout":"default","site-content-layout":"","ast-site-content-layout":"","site-content-style":"default","site-sidebar-style":"default","ast-global-header-display":"","ast-banner-title-visibility":"","ast-main-header-display":"","ast-hfb-above-header-display":"","ast-hfb-below-header-display":"","ast-hfb-mobile-header-display":"","site-post-title":"","ast-breadcrumbs-content":"","ast-featured-img":"","footer-sml-layout":"","theme-transparent-header-meta":"","adv-header-id-meta":"","stick-header-meta":"","header-above-stick-meta":"","header-main-stick-meta":"","header-below-stick-meta":"","astra-migrate-meta-layouts":"default","ast-page-background-enabled":"default","ast-page-background-meta":{"desktop":{"background-color":"var(--ast-global-color-4)","background-image":"","background-repeat":"repeat","background-position":"center center","background-size":"auto","background-attachment":"scroll","background-type":"","background-media":"","overlay-type":"","overlay-color":"","overlay-opacity":"","overlay-gradient":""},"tablet":{"background-color":"","background-image":"","background-repeat":"repeat","background-position":"center center","background-size":"auto","background-attachment":"scroll","background-type":"","background-media":"","overlay-type":"","overlay-color":"","overlay-opacity":"","overlay-gradient":""},"mobile":{"background-color":"","background-image":"","background-repeat":"repeat","background-position":"center center","background-size":"auto","background-attachment":"scroll","background-type":"","background-media":"","overlay-type":"","overlay-color":"","overlay-opacity":"","overlay-gradient":""}},"ast-content-background-meta":{"desktop":{"background-color":"var(--ast-global-color-5)","background-image":"","background-repeat":"repeat","background-position":"center center","background-size":"auto","background-attachment":"scroll","background-type":"","background-media":"","overlay-type":"","overlay-color":"","overlay-opacity":"","overlay-gradient":""},"tablet":{"background-color":"var(--ast-global-color-5)","background-image":"","background-repeat":"repeat","background-position":"center center","background-size":"auto","background-attachment":"scroll","background-type":"","background-media":"","overlay-type":"","overlay-color":"","overlay-opacity":"","overlay-gradient":""},"mobile":{"background-color":"var(--ast-global-color-5)","background-image":"","background-repeat":"repeat","background-position":"center center","background-size":"auto","background-attachment":"scroll","background-type":"","background-media":"","overlay-type":"","overlay-color":"","overlay-opacity":"","overlay-gradient":""}},"ngg_post_thumbnail":0,"footnotes":""},"categories":[1],"tags":[],"class_list":["post-2939","post","type-post","status-publish","format-standard","has-post-thumbnail","hentry"],"jetpack_featured_media_url":"https:\/\/muvhaz.orlaihaz.mezobereny.hu\/wp-content\/uploads\/sites\/2\/2024\/07\/OPS_0168.jpg","_links":{"self":[{"href":"https:\/\/muvhaz.orlaihaz.mezobereny.hu\/index.php?rest_route=\/wp\/v2\/posts\/2939"}],"collection":[{"href":"https:\/\/muvhaz.orlaihaz.mezobereny.hu\/index.php?rest_route=\/wp\/v2\/posts"}],"about":[{"href":"https:\/\/muvhaz.orlaihaz.mezobereny.hu\/index.php?rest_route=\/wp\/v2\/types\/post"}],"replies":[{"embeddable":true,"href":"https:\/\/muvhaz.orlaihaz.mezobereny.hu\/index.php?rest_route=%2Fwp%2Fv2%2Fcomments&post=2939"}],"version-history":[{"count":2,"href":"https:\/\/muvhaz.orlaihaz.mezobereny.hu\/index.php?rest_route=\/wp\/v2\/posts\/2939\/revisions"}],"predecessor-version":[{"id":36927,"href":"https:\/\/muvhaz.orlaihaz.mezobereny.hu\/index.php?rest_route=\/wp\/v2\/posts\/2939\/revisions\/36927"}],"wp:featuredmedia":[{"embeddable":true,"href":"https:\/\/muvhaz.orlaihaz.mezobereny.hu\/index.php?rest_route=\/wp\/v2\/media\/36928"}],"wp:attachment":[{"href":"https:\/\/muvhaz.orlaihaz.mezobereny.hu\/index.php?rest_route=%2Fwp%2Fv2%2Fmedia&parent=2939"}],"wp:term":[{"taxonomy":"category","embeddable":true,"href":"https:\/\/muvhaz.orlaihaz.mezobereny.hu\/index.php?rest_route=%2Fwp%2Fv2%2Fcategories&post=2939"},{"taxonomy":"post_tag","embeddable":true,"href":"https:\/\/muvhaz.orlaihaz.mezobereny.hu\/index.php?rest_route=%2Fwp%2Fv2%2Ftags&post=2939"}],"curies":[{"name":"wp","href":"https:\/\/api.w.org\/{rel}","templated":true}]}}