{"id":3119,"date":"2022-12-11T00:00:00","date_gmt":"2022-12-10T23:00:00","guid":{"rendered":""},"modified":"2024-07-18T09:21:25","modified_gmt":"2024-07-18T07:21:25","slug":"a-harmadik-adventi-gyertya-meggyujtasa","status":"publish","type":"post","link":"https:\/\/muvhaz.orlaihaz.mezobereny.hu\/?p=3119","title":{"rendered":"A harmadik adventi gyertya meggy\u00fajt\u00e1sa"},"content":{"rendered":"<p style=\"text-align: justify;\">A gyertyagy\u00fajt\u00e1sra m\u00e1r el\u00e1llt az es\u0151, \u00edgy most is sokan voltak k\u00edv\u00e1ncsiak r\u00e1. A megjelenteket Borgula Gy\u00f6rgyn\u00e9, a Mez\u0151ber\u00e9nyi Szlov\u00e1kok Szervezete eln\u00f6ke k\u00f6sz\u00f6nt\u00f6tte, a gyerty\u00e1t Borgula Gy\u00f6rgyn\u00e9 \u00e9s Benji atya gy\u00fajtotta meg.<\/p>\n\n\n<figure class=\"wp-block-image aligncenter size-large is-resized\"><img fetchpriority=\"high\" decoding=\"async\" width=\"1024\" height=\"683\" src=\"https:\/\/muvhaz.orlaihaz.mezobereny.hu\/wp-content\/uploads\/sites\/2\/2024\/07\/ops_0026_oh-1-1024x683.jpg\" alt=\"\" class=\"wp-image-36611\" style=\"aspect-ratio:1.499267935578331;width:478px;height:auto\" srcset=\"https:\/\/muvhaz.orlaihaz.mezobereny.hu\/wp-content\/uploads\/sites\/2\/2024\/07\/ops_0026_oh-1-1024x683.jpg 1024w, https:\/\/muvhaz.orlaihaz.mezobereny.hu\/wp-content\/uploads\/sites\/2\/2024\/07\/ops_0026_oh-1-300x200.jpg 300w, https:\/\/muvhaz.orlaihaz.mezobereny.hu\/wp-content\/uploads\/sites\/2\/2024\/07\/ops_0026_oh-1-768x512.jpg 768w, https:\/\/muvhaz.orlaihaz.mezobereny.hu\/wp-content\/uploads\/sites\/2\/2024\/07\/ops_0026_oh-1.jpg 1484w\" sizes=\"(max-width: 1024px) 100vw, 1024px\" \/><\/figure>\n\n\n<p style=\"text-align: justify;\">Benji atya igehirdet\u00e9se v\u00e9g\u00e9n azt k\u00edv\u00e1nta, a meggy\u00fajtott gyertya f\u00e9nye adjon nek\u00fcnk \u00f6r\u00f6m\u00f6t, \u00e9s j\u00f3 tettek, gondolatok vez\u00e9reljenek benn\u00fcnket. &nbsp;<\/p>\n<p style=\"text-align: justify;\">A r\u00f3mai katolikus egyh\u00e1zk\u00f6zs\u00e9g tagjai adtak m\u0171sort, majd kal\u00e1ccsal, meleg te\u00e1val k\u00edn\u00e1lt\u00e1k a r\u00e9sztvev\u0151ket, akik aj\u00e1nd\u00e9kk\u00e9nt pap\u00edrb\u00f3l hajtogatott angyalk\u00e1kat vihettek haza.<\/p>\n<p style=\"text-align: center;\"><a href=\"https:\/\/muvhaz.orlaihaz.mezobereny.hu\/index.php\/nggallery\/album\/a-harmadik-adventi-gyertya-meggyujtasa-2022-december-11?page_id=7920\">Gal\u00e9ria<\/a><\/p>","protected":false},"excerpt":{"rendered":"<p style=\"text-align: justify;\">Kellemetlen, es\u0151s id\u0151j\u00e1r\u00e1s fogadta 2022. december 11-\u00e9n a harmadik adventi vas\u00e1rnap rendezv\u00e9ny\u00e9t. A mostoha id\u0151ben a v\u00e1s\u00e1r \u00e1rusai nem l\u00e1tt\u00e1k \u00e9rtelm\u00e9t, hogy kipakolj\u00e1k port\u00e9k\u00e1ikat, \u00edgy az esem\u00e9nynek ez a r\u00e9sze elmaradt.<\/p>\n","protected":false},"author":0,"featured_media":36628,"comment_status":"closed","ping_status":"open","sticky":false,"template":"","format":"standard","meta":{"site-sidebar-layout":"default","site-content-layout":"","ast-site-content-layout":"","site-content-style":"default","site-sidebar-style":"default","ast-global-header-display":"","ast-banner-title-visibility":"","ast-main-header-display":"","ast-hfb-above-header-display":"","ast-hfb-below-header-display":"","ast-hfb-mobile-header-display":"","site-post-title":"","ast-breadcrumbs-content":"","ast-featured-img":"","footer-sml-layout":"","theme-transparent-header-meta":"","adv-header-id-meta":"","stick-header-meta":"","header-above-stick-meta":"","header-main-stick-meta":"","header-below-stick-meta":"","astra-migrate-meta-layouts":"default","ast-page-background-enabled":"default","ast-page-background-meta":{"desktop":{"background-color":"var(--ast-global-color-4)","background-image":"","background-repeat":"repeat","background-position":"center center","background-size":"auto","background-attachment":"scroll","background-type":"","background-media":"","overlay-type":"","overlay-color":"","overlay-opacity":"","overlay-gradient":""},"tablet":{"background-color":"","background-image":"","background-repeat":"repeat","background-position":"center center","background-size":"auto","background-attachment":"scroll","background-type":"","background-media":"","overlay-type":"","overlay-color":"","overlay-opacity":"","overlay-gradient":""},"mobile":{"background-color":"","background-image":"","background-repeat":"repeat","background-position":"center center","background-size":"auto","background-attachment":"scroll","background-type":"","background-media":"","overlay-type":"","overlay-color":"","overlay-opacity":"","overlay-gradient":""}},"ast-content-background-meta":{"desktop":{"background-color":"var(--ast-global-color-5)","background-image":"","background-repeat":"repeat","background-position":"center center","background-size":"auto","background-attachment":"scroll","background-type":"","background-media":"","overlay-type":"","overlay-color":"","overlay-opacity":"","overlay-gradient":""},"tablet":{"background-color":"var(--ast-global-color-5)","background-image":"","background-repeat":"repeat","background-position":"center center","background-size":"auto","background-attachment":"scroll","background-type":"","background-media":"","overlay-type":"","overlay-color":"","overlay-opacity":"","overlay-gradient":""},"mobile":{"background-color":"var(--ast-global-color-5)","background-image":"","background-repeat":"repeat","background-position":"center center","background-size":"auto","background-attachment":"scroll","background-type":"","background-media":"","overlay-type":"","overlay-color":"","overlay-opacity":"","overlay-gradient":""}},"ngg_post_thumbnail":0,"footnotes":""},"categories":[1],"tags":[],"class_list":["post-3119","post","type-post","status-publish","format-standard","has-post-thumbnail","hentry"],"jetpack_featured_media_url":"https:\/\/muvhaz.orlaihaz.mezobereny.hu\/wp-content\/uploads\/sites\/2\/2024\/07\/ops_0030_oh.jpg","_links":{"self":[{"href":"https:\/\/muvhaz.orlaihaz.mezobereny.hu\/index.php?rest_route=\/wp\/v2\/posts\/3119"}],"collection":[{"href":"https:\/\/muvhaz.orlaihaz.mezobereny.hu\/index.php?rest_route=\/wp\/v2\/posts"}],"about":[{"href":"https:\/\/muvhaz.orlaihaz.mezobereny.hu\/index.php?rest_route=\/wp\/v2\/types\/post"}],"replies":[{"embeddable":true,"href":"https:\/\/muvhaz.orlaihaz.mezobereny.hu\/index.php?rest_route=%2Fwp%2Fv2%2Fcomments&post=3119"}],"version-history":[{"count":2,"href":"https:\/\/muvhaz.orlaihaz.mezobereny.hu\/index.php?rest_route=\/wp\/v2\/posts\/3119\/revisions"}],"predecessor-version":[{"id":36627,"href":"https:\/\/muvhaz.orlaihaz.mezobereny.hu\/index.php?rest_route=\/wp\/v2\/posts\/3119\/revisions\/36627"}],"wp:featuredmedia":[{"embeddable":true,"href":"https:\/\/muvhaz.orlaihaz.mezobereny.hu\/index.php?rest_route=\/wp\/v2\/media\/36628"}],"wp:attachment":[{"href":"https:\/\/muvhaz.orlaihaz.mezobereny.hu\/index.php?rest_route=%2Fwp%2Fv2%2Fmedia&parent=3119"}],"wp:term":[{"taxonomy":"category","embeddable":true,"href":"https:\/\/muvhaz.orlaihaz.mezobereny.hu\/index.php?rest_route=%2Fwp%2Fv2%2Fcategories&post=3119"},{"taxonomy":"post_tag","embeddable":true,"href":"https:\/\/muvhaz.orlaihaz.mezobereny.hu\/index.php?rest_route=%2Fwp%2Fv2%2Ftags&post=3119"}],"curies":[{"name":"wp","href":"https:\/\/api.w.org\/{rel}","templated":true}]}}