{"id":3125,"date":"2022-12-16T00:00:00","date_gmt":"2022-12-15T23:00:00","guid":{"rendered":""},"modified":"2024-07-18T08:20:25","modified_gmt":"2024-07-18T06:20:25","slug":"nemzetisegek-napja","status":"publish","type":"post","link":"https:\/\/muvhaz.orlaihaz.mezobereny.hu\/?p=3125","title":{"rendered":"Nemzetis\u00e9gek napja"},"content":{"rendered":"<p style=\"text-align: justify;\">Hevesi R\u00f3me\u00f3 mag\u00e1r\u00f3l el\u00e1rulta, rajzolni mindig szeretett, de ezt az ut\u00f3bbi id\u0151kig nem vette komolyan. M\u00e1rcius v\u00e9g\u00e9n olvasott a Bibli\u00e1ban a talentumr\u00f3l, hogy ezzel kezdeni kell valamit, aki megkapta, az felel\u0151ss\u00e9ggel tartozik \u00e9rte. Akkor d\u00f6nt\u00f6tte el, hogy fejleszteni fogja mag\u00e1t. Budapesten a M\u0171v\u00e9szh\u00e1zban jobb agyf\u00e9ltek\u00e9s rajzol\u00e1st tanul. Makra P\u00e9ter meglepet\u00e9sk\u00e9nt egy dalt \u00e9nekelt Hevesi R\u00f3me\u00f3nak, aki maga is k\u00f6zrem\u0171k\u00f6d\u00f6tt az el\u0151ad\u00e1sban.<\/p>\n<p style=\"text-align: justify;\">Horv\u00e1t R\u00f3bert a nemzets\u00e9gi nap alkalm\u00e1b\u00f3l \u00e9v\u00e9rt\u00e9kel\u0151t tartott. Sz\u00f3lt arr\u00f3l, hogy \u00e1prilisban nemzetk\u00f6zi romanapot tartottak, ny\u00e1ron a k\u00f6z\u00f6ss\u00e9gi h\u00e1zukban nyolcvan gyereknek k\u00e9thetes t\u00e1bort szerveztek. Augusztusban a j\u00f3 tanul\u00f3kat, j\u00f3 sportol\u00f3kat kir\u00e1ndul\u00e1sra vitt\u00e9k. Decemberben sz\u00e1z gyereknek Mikul\u00e1s-csomagot, illetve az id\u0151sek aj\u00e1nd\u00e9kcsomagot adtak.<\/p>\n\n\n<figure class=\"wp-block-image aligncenter size-large is-resized\"><img fetchpriority=\"high\" decoding=\"async\" width=\"1024\" height=\"683\" src=\"https:\/\/muvhaz.orlaihaz.mezobereny.hu\/wp-content\/uploads\/sites\/2\/2024\/07\/ops_0331_oh-1024x683.jpg\" alt=\"\" class=\"wp-image-36520\" style=\"aspect-ratio:1.499267935578331;width:586px;height:auto\" srcset=\"https:\/\/muvhaz.orlaihaz.mezobereny.hu\/wp-content\/uploads\/sites\/2\/2024\/07\/ops_0331_oh-1024x683.jpg 1024w, https:\/\/muvhaz.orlaihaz.mezobereny.hu\/wp-content\/uploads\/sites\/2\/2024\/07\/ops_0331_oh-300x200.jpg 300w, https:\/\/muvhaz.orlaihaz.mezobereny.hu\/wp-content\/uploads\/sites\/2\/2024\/07\/ops_0331_oh-768x512.jpg 768w, https:\/\/muvhaz.orlaihaz.mezobereny.hu\/wp-content\/uploads\/sites\/2\/2024\/07\/ops_0331_oh.jpg 1484w\" sizes=\"(max-width: 1024px) 100vw, 1024px\" \/><\/figure>\n\n\n<p style=\"text-align: justify;\">Lakatos Mih\u00e1ly kos\u00e1rfon\u00f3 mester tartott workshopot. A kos\u00e1rfon\u00e1s Mez\u0151ber\u00e9nyben is gazdag hagyom\u00e1nnyal b\u00edr. Napjainkban a M\u00e9cses Egyes\u00fclet lak\u00f3i k\u00f6z\u00fcl t\u00f6bben foglalkoznak kos\u00e1rfon\u00e1ssal \u00e9s k\u00e9sz\u00edtenek v\u00e1ltozatos term\u00e9keket. A szakma alapjaiba nyerhett\u00fcnk betekint\u00e9st a roma mesters\u00e9g bemutat\u00f3n, ennek j\u00f6v\u0151re, \u00e1prilis 8-\u00e1n a roma kult\u00fara vil\u00e1gnapja alkalm\u00e1b\u00f3l folytat\u00e1sa is lesz.<\/p>\n<p style=\"text-align: justify;\">A gyerekeknek Di\u00f3szegi Eszter grafikusm\u0171v\u00e9sz tartott k\u00e9zm\u0171ves foglalkoz\u00e1st, \u0151k pap\u00edrt fontak.<\/p>\n\n\n<figure class=\"wp-block-image aligncenter size-large is-resized\"><img decoding=\"async\" width=\"1024\" height=\"683\" src=\"https:\/\/muvhaz.orlaihaz.mezobereny.hu\/wp-content\/uploads\/sites\/2\/2024\/07\/ops_0296_oh-1024x683.jpg\" alt=\"\" class=\"wp-image-36521\" style=\"aspect-ratio:1.499267935578331;width:586px;height:auto\" srcset=\"https:\/\/muvhaz.orlaihaz.mezobereny.hu\/wp-content\/uploads\/sites\/2\/2024\/07\/ops_0296_oh-1024x683.jpg 1024w, https:\/\/muvhaz.orlaihaz.mezobereny.hu\/wp-content\/uploads\/sites\/2\/2024\/07\/ops_0296_oh-300x200.jpg 300w, https:\/\/muvhaz.orlaihaz.mezobereny.hu\/wp-content\/uploads\/sites\/2\/2024\/07\/ops_0296_oh-768x512.jpg 768w, https:\/\/muvhaz.orlaihaz.mezobereny.hu\/wp-content\/uploads\/sites\/2\/2024\/07\/ops_0296_oh.jpg 1484w\" sizes=\"(max-width: 1024px) 100vw, 1024px\" \/><\/figure>\n\n\n<p style=\"text-align: justify;\">A workshop k\u00eds\u00e9r\u0151programk\u00e9nt a gyermekeknek a sz\u00ednh\u00e1zteremben T\u00fccs\u00f6k Peti \u201eVar\u00e1zscseng\u0151\u201d c\u00edmmel adott m\u0171sort, majd a Mikul\u00e1s is ell\u00e1togatott a kicsikhez, \u00e9s egy-egy vers elmond\u00e1sa, dal el\u00e9nekl\u00e9se ut\u00e1n csomagot adott \u00e1t nekik.<\/p>\n<p style=\"text-align: justify;\">Az nagyr\u00e9szt autentikus cig\u00e1nyzen\u00e9t j\u00e1tsz\u00f3, \u00f6ttag\u00fa Ham Ko Ham egy\u00fcttes adott hangulatos koncertet. A p\u00f6rg\u0151s zen\u00e9re el\u0151bb a gyerekek, majd a feln\u0151ttek is t\u00e1ncra perd\u00fcltek. Ezt \u2013 a Cso\u00f3ri S\u00e1ndor Program t\u00e1mogat\u00e1s\u00e1val \u2013 Ber\u00e9ny T\u00e1ncegy\u00fcttes t\u00e1nch\u00e1za k\u00f6vette Borgula Bendetta \u00e9s Baracsi Gerg\u0151 vezet\u00e9s\u00e9vel. V\u00e9g\u00fcl a r\u00e9sztvev\u0151k a ber\u00e9nyi becsin\u00e1lt levest k\u00f3stolt\u00e1k meg \u00e9s a tombolasorsol\u00e1son a szerencs\u00e9j\u00fcket pr\u00f3b\u00e1lt\u00e1k ki.&nbsp;&nbsp;<\/p>\n<p style=\"text-align: center;\"><a href=\"https:\/\/muvhaz.orlaihaz.mezobereny.hu\/index.php\/nggallery\/album\/nemzetisegek-napja-2022-december-16?page_id=7920\">Gal\u00e9ria<\/a><\/p>","protected":false},"excerpt":{"rendered":"<p style=\"text-align: justify;\">A nemzetis\u00e9gek napja alkalm\u00e1b\u00f3l Horv\u00e1th R\u00f3bert, a Mez\u0151ber\u00e9nyi Cig\u00e1ny Nemzetis\u00e9gi \u00d6nkorm\u00e1nyzat eln\u00f6ke nyitotta meg Hevesi R\u00f3me\u00f3 grafik\u00e1ib\u00f3l \u00e1ll\u00f3 ki\u00e1ll\u00edt\u00e1st 2022. december 16-\u00e1n az Orlai h\u00e1zban. Horv\u00e1th R\u00f3bert elmondta, az alkot\u00f3 autodidakta m\u0171v\u00e9sz, csak ez \u00e9v \u00e1prilis\u00e1ban kezdett el komolyan rajzolni.<\/p>\n","protected":false},"author":0,"featured_media":36544,"comment_status":"closed","ping_status":"open","sticky":false,"template":"","format":"standard","meta":{"site-sidebar-layout":"default","site-content-layout":"","ast-site-content-layout":"","site-content-style":"default","site-sidebar-style":"default","ast-global-header-display":"","ast-banner-title-visibility":"","ast-main-header-display":"","ast-hfb-above-header-display":"","ast-hfb-below-header-display":"","ast-hfb-mobile-header-display":"","site-post-title":"","ast-breadcrumbs-content":"","ast-featured-img":"","footer-sml-layout":"","theme-transparent-header-meta":"","adv-header-id-meta":"","stick-header-meta":"","header-above-stick-meta":"","header-main-stick-meta":"","header-below-stick-meta":"","astra-migrate-meta-layouts":"default","ast-page-background-enabled":"default","ast-page-background-meta":{"desktop":{"background-color":"var(--ast-global-color-4)","background-image":"","background-repeat":"repeat","background-position":"center center","background-size":"auto","background-attachment":"scroll","background-type":"","background-media":"","overlay-type":"","overlay-color":"","overlay-opacity":"","overlay-gradient":""},"tablet":{"background-color":"","background-image":"","background-repeat":"repeat","background-position":"center center","background-size":"auto","background-attachment":"scroll","background-type":"","background-media":"","overlay-type":"","overlay-color":"","overlay-opacity":"","overlay-gradient":""},"mobile":{"background-color":"","background-image":"","background-repeat":"repeat","background-position":"center center","background-size":"auto","background-attachment":"scroll","background-type":"","background-media":"","overlay-type":"","overlay-color":"","overlay-opacity":"","overlay-gradient":""}},"ast-content-background-meta":{"desktop":{"background-color":"var(--ast-global-color-5)","background-image":"","background-repeat":"repeat","background-position":"center center","background-size":"auto","background-attachment":"scroll","background-type":"","background-media":"","overlay-type":"","overlay-color":"","overlay-opacity":"","overlay-gradient":""},"tablet":{"background-color":"var(--ast-global-color-5)","background-image":"","background-repeat":"repeat","background-position":"center center","background-size":"auto","background-attachment":"scroll","background-type":"","background-media":"","overlay-type":"","overlay-color":"","overlay-opacity":"","overlay-gradient":""},"mobile":{"background-color":"var(--ast-global-color-5)","background-image":"","background-repeat":"repeat","background-position":"center center","background-size":"auto","background-attachment":"scroll","background-type":"","background-media":"","overlay-type":"","overlay-color":"","overlay-opacity":"","overlay-gradient":""}},"ngg_post_thumbnail":0,"footnotes":""},"categories":[1],"tags":[],"class_list":["post-3125","post","type-post","status-publish","format-standard","has-post-thumbnail","hentry"],"jetpack_featured_media_url":"https:\/\/muvhaz.orlaihaz.mezobereny.hu\/wp-content\/uploads\/sites\/2\/2024\/07\/ops_0254_oh.jpg","_links":{"self":[{"href":"https:\/\/muvhaz.orlaihaz.mezobereny.hu\/index.php?rest_route=\/wp\/v2\/posts\/3125"}],"collection":[{"href":"https:\/\/muvhaz.orlaihaz.mezobereny.hu\/index.php?rest_route=\/wp\/v2\/posts"}],"about":[{"href":"https:\/\/muvhaz.orlaihaz.mezobereny.hu\/index.php?rest_route=\/wp\/v2\/types\/post"}],"replies":[{"embeddable":true,"href":"https:\/\/muvhaz.orlaihaz.mezobereny.hu\/index.php?rest_route=%2Fwp%2Fv2%2Fcomments&post=3125"}],"version-history":[{"count":4,"href":"https:\/\/muvhaz.orlaihaz.mezobereny.hu\/index.php?rest_route=\/wp\/v2\/posts\/3125\/revisions"}],"predecessor-version":[{"id":36543,"href":"https:\/\/muvhaz.orlaihaz.mezobereny.hu\/index.php?rest_route=\/wp\/v2\/posts\/3125\/revisions\/36543"}],"wp:featuredmedia":[{"embeddable":true,"href":"https:\/\/muvhaz.orlaihaz.mezobereny.hu\/index.php?rest_route=\/wp\/v2\/media\/36544"}],"wp:attachment":[{"href":"https:\/\/muvhaz.orlaihaz.mezobereny.hu\/index.php?rest_route=%2Fwp%2Fv2%2Fmedia&parent=3125"}],"wp:term":[{"taxonomy":"category","embeddable":true,"href":"https:\/\/muvhaz.orlaihaz.mezobereny.hu\/index.php?rest_route=%2Fwp%2Fv2%2Fcategories&post=3125"},{"taxonomy":"post_tag","embeddable":true,"href":"https:\/\/muvhaz.orlaihaz.mezobereny.hu\/index.php?rest_route=%2Fwp%2Fv2%2Ftags&post=3125"}],"curies":[{"name":"wp","href":"https:\/\/api.w.org\/{rel}","templated":true}]}}