{"id":3182,"date":"2023-03-30T00:00:00","date_gmt":"2023-03-29T22:00:00","guid":{"rendered":""},"modified":"2024-06-17T10:18:46","modified_gmt":"2024-06-17T08:18:46","slug":"a-diplomata-elete","status":"publish","type":"post","link":"https:\/\/muvhaz.orlaihaz.mezobereny.hu\/?p=3182","title":{"rendered":"A diplomata \u00e9lete"},"content":{"rendered":"<p style=\"text-align: justify;\">Kisari Mikl\u00f3s elmondta, eredetileg nem diplomat\u00e1nak k\u00e9sz\u00fclt, de szerette az idegennyelveket, \u00edgy franci\u00e1ul tanult. Az MTI-ben nemzetk\u00f6zi kapcsolatokkal foglalkozott. Itt nagyon j\u00f3l \u00e9rezte mag\u00e1t. A \u201990-es \u00e9vek elej\u00e9n P\u00e1rizsban Kupa Mih\u00e1lynak, az akkori p\u00e9nz\u00fcgyminiszternek tolm\u00e1csolt, nem sokkal k\u00e9s\u0151bb, 1993 tavasz\u00e1n a nagyk\u00f6vet felk\u00e9rte sajt\u00f3tan\u00e1csosnak.<\/p>\n<p style=\"text-align: justify;\">Kisari Mikl\u00f3s kifejtette, a diplomat\u00e1nak ismernie kell az adott orsz\u00e1g t\u00f6rt\u00e9nelm\u00e9t, kult\u00far\u00e1j\u00e1t, a politol\u00f3gi\u00e1t \u00e9s az emberi kapcsolatok miatt a pszichol\u00f3gi\u00e1t. E ter\u00fcleten sokat sz\u00e1m\u00edt a protokoll, ezt els\u0151 alkalommal 1504-ben Gyula p\u00e1pa dolgozta ki, az akkori orsz\u00e1gok rangsor\u00e1ban a Magyar Kir\u00e1lys\u00e1g a 10. helyen \u00e1llt. A k\u00f6vetett az orsz\u00e1g legf\u0151bb vezet\u0151je k\u00fcldi ki, \u00e9s \u00e9pp olyan s\u00e9rthetetlen, mint az, aki deleg\u00e1lta.<\/p>\n\n\n<figure class=\"wp-block-image aligncenter size-large is-resized\"><img fetchpriority=\"high\" decoding=\"async\" width=\"1024\" height=\"683\" src=\"https:\/\/muvhaz.orlaihaz.mezobereny.hu\/wp-content\/uploads\/sites\/2\/2024\/06\/OPS_8543_oh-1024x683.jpg\" alt=\"\" class=\"wp-image-35135\" style=\"aspect-ratio:1.499267935578331;width:649px;height:auto\" srcset=\"https:\/\/muvhaz.orlaihaz.mezobereny.hu\/wp-content\/uploads\/sites\/2\/2024\/06\/OPS_8543_oh-1024x683.jpg 1024w, https:\/\/muvhaz.orlaihaz.mezobereny.hu\/wp-content\/uploads\/sites\/2\/2024\/06\/OPS_8543_oh-300x200.jpg 300w, https:\/\/muvhaz.orlaihaz.mezobereny.hu\/wp-content\/uploads\/sites\/2\/2024\/06\/OPS_8543_oh-768x512.jpg 768w, https:\/\/muvhaz.orlaihaz.mezobereny.hu\/wp-content\/uploads\/sites\/2\/2024\/06\/OPS_8543_oh-1536x1024.jpg 1536w, https:\/\/muvhaz.orlaihaz.mezobereny.hu\/wp-content\/uploads\/sites\/2\/2024\/06\/OPS_8543_oh.jpg 1980w\" sizes=\"(max-width: 1024px) 100vw, 1024px\" \/><\/figure>\n\n\n<p style=\"text-align: justify;\">A diplom\u00e1cia \u00e9s a h\u00edrszerz\u00e9s kapcsolat\u00e1r\u00f3l az el\u0151ad\u00f3 elmondta, a b\u00e9csi szerz\u0151d\u00e9s szerint a diplomata jogosult az inform\u00e1ci\u00f3szerz\u00e9sre minden ill\u0151 \u00e9s megengedett m\u00f3don, hogy mik ezek, az m\u00e1r \u00e9rtelmez\u00e9s k\u00e9rd\u00e9se. A nagyk\u00f6vets\u00e9g legt\u00f6bbet mozg\u00f3 tagja a sajt\u00f3attas\u00e9, \u0151 rendezv\u00e9nyekre j\u00e1rhat, \u00fajs\u00e1g\u00edr\u00f3kkal t\u00e1rgyalhat. Ha a diplomata \u00e1tl\u00e9pi a megengedett hat\u00e1rokat, akkor a fogad\u00f3orsz\u00e1g nemk\u00edv\u00e1natos szem\u00e9lly\u00e9 nyilv\u00e1n\u00edthatja, \u00e9s 24 vagy 48 \u00f3r\u00e1n bel\u00fcl el kell hagynia az orsz\u00e1got.<\/p>\n<p style=\"text-align: justify;\">Kisari Mikl\u00f3s sz\u00f3lt arr\u00f3l is, hogy a diplom\u00e1cia csal\u00e1di m\u0171faj, a feles\u00e9g \u00e9pp \u00fagy haz\u00e1j\u00e1t szolg\u00e1lja, mint a f\u00e9rje, \u0151 is diplomata \u00fatlev\u00e9llel rendelkezik \u00e9s s\u00e9rthetetlens\u00e9get \u00e9lvez.<\/p>\n<p>A rendezv\u00e9nyt vissza n\u00e9zhetik a <a href=\"https:\/\/www.youtube.com\/watch?v=-lxJktZFw7E\">Youtube<\/a>-on<\/p>\n<p style=\"text-align: center;\"><a href=\"https:\/\/muvhaz.orlaihaz.mezobereny.hu\/index.php\/nggallery\/album\/a-diplomata-elete-2023-marcius-29?page_id=7899\">Gal\u00e9ria<\/a><\/p>","protected":false},"excerpt":{"rendered":"<p style=\"text-align: justify;\"><em>\u201eDiplom\u00e1cia, diplomata \u00e9let\u201d<\/em> c\u00edmmel Kisari Mikl\u00f3s, volt p\u00e1rizsi rendk\u00edv\u00fcli k\u00f6vet meghatalmazott miniszter, illetve alg\u00e9riai konzul n\u00e9pes hallgat\u00f3s\u00e1g el\u0151tt tartott el\u0151ad\u00e1st 2023. m\u00e1rcius 29-\u00e9n az Orlai h\u00e1zban.<\/p>\n","protected":false},"author":0,"featured_media":36443,"comment_status":"closed","ping_status":"open","sticky":false,"template":"","format":"standard","meta":{"site-sidebar-layout":"default","site-content-layout":"","ast-site-content-layout":"","site-content-style":"default","site-sidebar-style":"default","ast-global-header-display":"","ast-banner-title-visibility":"","ast-main-header-display":"","ast-hfb-above-header-display":"","ast-hfb-below-header-display":"","ast-hfb-mobile-header-display":"","site-post-title":"","ast-breadcrumbs-content":"","ast-featured-img":"","footer-sml-layout":"","theme-transparent-header-meta":"","adv-header-id-meta":"","stick-header-meta":"","header-above-stick-meta":"","header-main-stick-meta":"","header-below-stick-meta":"","astra-migrate-meta-layouts":"default","ast-page-background-enabled":"default","ast-page-background-meta":{"desktop":{"background-color":"var(--ast-global-color-4)","background-image":"","background-repeat":"repeat","background-position":"center center","background-size":"auto","background-attachment":"scroll","background-type":"","background-media":"","overlay-type":"","overlay-color":"","overlay-opacity":"","overlay-gradient":""},"tablet":{"background-color":"","background-image":"","background-repeat":"repeat","background-position":"center center","background-size":"auto","background-attachment":"scroll","background-type":"","background-media":"","overlay-type":"","overlay-color":"","overlay-opacity":"","overlay-gradient":""},"mobile":{"background-color":"","background-image":"","background-repeat":"repeat","background-position":"center center","background-size":"auto","background-attachment":"scroll","background-type":"","background-media":"","overlay-type":"","overlay-color":"","overlay-opacity":"","overlay-gradient":""}},"ast-content-background-meta":{"desktop":{"background-color":"var(--ast-global-color-5)","background-image":"","background-repeat":"repeat","background-position":"center center","background-size":"auto","background-attachment":"scroll","background-type":"","background-media":"","overlay-type":"","overlay-color":"","overlay-opacity":"","overlay-gradient":""},"tablet":{"background-color":"var(--ast-global-color-5)","background-image":"","background-repeat":"repeat","background-position":"center center","background-size":"auto","background-attachment":"scroll","background-type":"","background-media":"","overlay-type":"","overlay-color":"","overlay-opacity":"","overlay-gradient":""},"mobile":{"background-color":"var(--ast-global-color-5)","background-image":"","background-repeat":"repeat","background-position":"center center","background-size":"auto","background-attachment":"scroll","background-type":"","background-media":"","overlay-type":"","overlay-color":"","overlay-opacity":"","overlay-gradient":""}},"ngg_post_thumbnail":0,"footnotes":""},"categories":[1],"tags":[],"class_list":["post-3182","post","type-post","status-publish","format-standard","has-post-thumbnail","hentry"],"jetpack_featured_media_url":"https:\/\/muvhaz.orlaihaz.mezobereny.hu\/wp-content\/uploads\/sites\/2\/2024\/07\/Diplomacia_PLAKAT.jpg","_links":{"self":[{"href":"https:\/\/muvhaz.orlaihaz.mezobereny.hu\/index.php?rest_route=\/wp\/v2\/posts\/3182"}],"collection":[{"href":"https:\/\/muvhaz.orlaihaz.mezobereny.hu\/index.php?rest_route=\/wp\/v2\/posts"}],"about":[{"href":"https:\/\/muvhaz.orlaihaz.mezobereny.hu\/index.php?rest_route=\/wp\/v2\/types\/post"}],"replies":[{"embeddable":true,"href":"https:\/\/muvhaz.orlaihaz.mezobereny.hu\/index.php?rest_route=%2Fwp%2Fv2%2Fcomments&post=3182"}],"version-history":[{"count":2,"href":"https:\/\/muvhaz.orlaihaz.mezobereny.hu\/index.php?rest_route=\/wp\/v2\/posts\/3182\/revisions"}],"predecessor-version":[{"id":35136,"href":"https:\/\/muvhaz.orlaihaz.mezobereny.hu\/index.php?rest_route=\/wp\/v2\/posts\/3182\/revisions\/35136"}],"wp:featuredmedia":[{"embeddable":true,"href":"https:\/\/muvhaz.orlaihaz.mezobereny.hu\/index.php?rest_route=\/wp\/v2\/media\/36443"}],"wp:attachment":[{"href":"https:\/\/muvhaz.orlaihaz.mezobereny.hu\/index.php?rest_route=%2Fwp%2Fv2%2Fmedia&parent=3182"}],"wp:term":[{"taxonomy":"category","embeddable":true,"href":"https:\/\/muvhaz.orlaihaz.mezobereny.hu\/index.php?rest_route=%2Fwp%2Fv2%2Fcategories&post=3182"},{"taxonomy":"post_tag","embeddable":true,"href":"https:\/\/muvhaz.orlaihaz.mezobereny.hu\/index.php?rest_route=%2Fwp%2Fv2%2Ftags&post=3182"}],"curies":[{"name":"wp","href":"https:\/\/api.w.org\/{rel}","templated":true}]}}