{"id":3187,"date":"2023-03-31T00:00:00","date_gmt":"2023-03-30T22:00:00","guid":{"rendered":""},"modified":"2024-06-17T14:37:21","modified_gmt":"2024-06-17T12:37:21","slug":"az-autizmus-vilagnapja-2","status":"publish","type":"post","link":"https:\/\/muvhaz.orlaihaz.mezobereny.hu\/?p=3187","title":{"rendered":"Az autizmus vil\u00e1gnapja"},"content":{"rendered":"<p>Az autizmus vil\u00e1gnapj\u00e1nak m\u00e1rcius 31-\u00e9n az Orlai h\u00e1z adott otthont, a rendezv\u00e9nyt az Fogjunk \u00d6ssze K\u00f6zhaszn\u00fa Egyes\u00fclet \u00e9s az int\u00e9zm\u00e9ny k\u00f6z\u00f6sen szervezte.<\/p>\n\n\n<figure class=\"wp-block-image aligncenter size-full is-resized\"><img fetchpriority=\"high\" decoding=\"async\" width=\"684\" height=\"1024\" src=\"https:\/\/muvhaz.orlaihaz.mezobereny.hu\/wp-content\/uploads\/sites\/2\/2024\/06\/ops_0142_oh-638207.jpg\" alt=\"\" class=\"wp-image-35329\" style=\"aspect-ratio:0.66796875;width:261px;height:auto\" srcset=\"https:\/\/muvhaz.orlaihaz.mezobereny.hu\/wp-content\/uploads\/sites\/2\/2024\/06\/ops_0142_oh-638207.jpg 684w, https:\/\/muvhaz.orlaihaz.mezobereny.hu\/wp-content\/uploads\/sites\/2\/2024\/06\/ops_0142_oh-638207-200x300.jpg 200w\" sizes=\"(max-width: 684px) 100vw, 684px\" \/><\/figure>\n\n\n<p>A megjelenteket Sikl\u00f3si Istv\u00e1n k\u00f6sz\u00f6nt\u00f6tte. A polg\u00e1rmester elmondta, a F\u00f6ldi Harm\u00f3nia H\u00e1z felv\u00e1llalta, hogy \u2013 m\u00e1sok mellett \u2013 az autist\u00e1kkal is foglalkozik. Az \u00e9vfordul\u00f3 alkalm\u00e1b\u00f3l a polg\u00e1rmester aj\u00e1nd\u00e9kcsomagot ny\u00fajtott \u00e1t Kond\u00e1sz Gabriell\u00e1nak, az egyes\u00fclet eln\u00f6k\u00e9nek.<\/p>\n<\/p>\n<p>Az eln\u00f6k arr\u00f3l sz\u00f3lt, hogy negyven \u00e9vvel ezel\u0151tt a m\u00e1ss\u00e1ggal \u00e9l\u0151ket eldugt\u00e1k az int\u00e9zm\u00e9nyekbe. Ma m\u00e1r r\u00e1j\u00f6tt\u00fcnk, hogy nem nekik kell alkalmazkodniuk hozz\u00e1nk, hanem nek\u00fcnk hozz\u00e1juk. Egyes\u00fclet\u00fck c\u00e9lja a m\u00e1ss\u00e1ggal \u00e9l\u0151k gondoz\u00e1sa. Tavaly tartott\u00e1k meg els\u0151 alkalommal az autizmus vil\u00e1gnapj\u00e1t, \u00edgy az idei a m\u00e1sodik.\u00a0<\/p>\n<\/p>\n<p>A m\u0171sor a Mez\u0151ber\u00e9nyi Mazsorett Egy\u00fcttes bemutat\u00f3j\u00e1val kezd\u0151d\u00f6tt. \u0150ket Balog D\u00e1vid szavalata k\u00f6vette, Bal\u00e1zs Gergely egy boh\u00f3zatot adott el\u0151, M\u00e1t\u00e9 Norbert pedig harmonik\u00e1n j\u00e1tszott.<\/p>\n<\/p>\n<p>\u00a0Sokan v\u00e1rt\u00e1k a Silent zenekar fell\u00e9p\u00e9s\u00e9t. A banda 2018 okt\u00f3ber\u00e9ben alakult meg, a kezdeti tagcser\u00e9k ut\u00e1n imm\u00e1r t\u00f6bb mint n\u00e9gy \u00e9ve azonos fel\u00e1ll\u00e1sban j\u00e1tszik, \u00edgy zen\u00e9j\u00fck egyre \u00f6sszeszokottabb, \u00e9rettebb. Id\u0151k\u00f6zben a v\u00e1rosban egyre t\u00f6bben megkedvelt\u00e9k a klasszikus rockot j\u00e1tsz\u00f3 zenekart. Most is lelkesen tapsolt a k\u00f6z\u00f6ns\u00e9g.<\/p>\n<\/p>\n\n<p>A rendezv\u00e9nyt visszan\u00e9zhetik a <a href=\"https:\/\/www.youtube.com\/watch?v=uOeMIxhEDVc\">Youtube<\/a>-on<\/p>\n<p style=\"text-align: center;\"><a href=\"https:\/\/muvhaz.orlaihaz.mezobereny.hu\/index.php\/nggallery\/album\/az-autizmus-vilagnapja-2023-marcius-31?page_id=7899\">Gal\u00e9ria<\/a><\/p>","protected":false},"excerpt":{"rendered":"<p style=\"text-align: justify;\">Az autizmus vil\u00e1gnapj\u00e1nak m\u00e1rcius 31-\u00e9n az Orlai h\u00e1z adott otthont, a rendezv\u00e9nyt az Fogjunk \u00d6ssze K\u00f6zhaszn\u00fa Egyes\u00fclet \u00e9s az int\u00e9zm\u00e9ny k\u00f6z\u00f6sen szervezte.<\/p>\n","protected":false},"author":0,"featured_media":36440,"comment_status":"closed","ping_status":"open","sticky":false,"template":"","format":"standard","meta":{"site-sidebar-layout":"default","site-content-layout":"","ast-site-content-layout":"","site-content-style":"default","site-sidebar-style":"default","ast-global-header-display":"","ast-banner-title-visibility":"","ast-main-header-display":"","ast-hfb-above-header-display":"","ast-hfb-below-header-display":"","ast-hfb-mobile-header-display":"","site-post-title":"","ast-breadcrumbs-content":"","ast-featured-img":"","footer-sml-layout":"","theme-transparent-header-meta":"","adv-header-id-meta":"","stick-header-meta":"","header-above-stick-meta":"","header-main-stick-meta":"","header-below-stick-meta":"","astra-migrate-meta-layouts":"default","ast-page-background-enabled":"default","ast-page-background-meta":{"desktop":{"background-color":"var(--ast-global-color-4)","background-image":"","background-repeat":"repeat","background-position":"center center","background-size":"auto","background-attachment":"scroll","background-type":"","background-media":"","overlay-type":"","overlay-color":"","overlay-opacity":"","overlay-gradient":""},"tablet":{"background-color":"","background-image":"","background-repeat":"repeat","background-position":"center center","background-size":"auto","background-attachment":"scroll","background-type":"","background-media":"","overlay-type":"","overlay-color":"","overlay-opacity":"","overlay-gradient":""},"mobile":{"background-color":"","background-image":"","background-repeat":"repeat","background-position":"center center","background-size":"auto","background-attachment":"scroll","background-type":"","background-media":"","overlay-type":"","overlay-color":"","overlay-opacity":"","overlay-gradient":""}},"ast-content-background-meta":{"desktop":{"background-color":"var(--ast-global-color-5)","background-image":"","background-repeat":"repeat","background-position":"center center","background-size":"auto","background-attachment":"scroll","background-type":"","background-media":"","overlay-type":"","overlay-color":"","overlay-opacity":"","overlay-gradient":""},"tablet":{"background-color":"var(--ast-global-color-5)","background-image":"","background-repeat":"repeat","background-position":"center center","background-size":"auto","background-attachment":"scroll","background-type":"","background-media":"","overlay-type":"","overlay-color":"","overlay-opacity":"","overlay-gradient":""},"mobile":{"background-color":"var(--ast-global-color-5)","background-image":"","background-repeat":"repeat","background-position":"center center","background-size":"auto","background-attachment":"scroll","background-type":"","background-media":"","overlay-type":"","overlay-color":"","overlay-opacity":"","overlay-gradient":""}},"ngg_post_thumbnail":0,"footnotes":""},"categories":[1],"tags":[],"class_list":["post-3187","post","type-post","status-publish","format-standard","has-post-thumbnail","hentry"],"jetpack_featured_media_url":"https:\/\/muvhaz.orlaihaz.mezobereny.hu\/wp-content\/uploads\/sites\/2\/2024\/07\/Autizmus_PLAKAT.jpg","_links":{"self":[{"href":"https:\/\/muvhaz.orlaihaz.mezobereny.hu\/index.php?rest_route=\/wp\/v2\/posts\/3187"}],"collection":[{"href":"https:\/\/muvhaz.orlaihaz.mezobereny.hu\/index.php?rest_route=\/wp\/v2\/posts"}],"about":[{"href":"https:\/\/muvhaz.orlaihaz.mezobereny.hu\/index.php?rest_route=\/wp\/v2\/types\/post"}],"replies":[{"embeddable":true,"href":"https:\/\/muvhaz.orlaihaz.mezobereny.hu\/index.php?rest_route=%2Fwp%2Fv2%2Fcomments&post=3187"}],"version-history":[{"count":2,"href":"https:\/\/muvhaz.orlaihaz.mezobereny.hu\/index.php?rest_route=\/wp\/v2\/posts\/3187\/revisions"}],"predecessor-version":[{"id":35330,"href":"https:\/\/muvhaz.orlaihaz.mezobereny.hu\/index.php?rest_route=\/wp\/v2\/posts\/3187\/revisions\/35330"}],"wp:featuredmedia":[{"embeddable":true,"href":"https:\/\/muvhaz.orlaihaz.mezobereny.hu\/index.php?rest_route=\/wp\/v2\/media\/36440"}],"wp:attachment":[{"href":"https:\/\/muvhaz.orlaihaz.mezobereny.hu\/index.php?rest_route=%2Fwp%2Fv2%2Fmedia&parent=3187"}],"wp:term":[{"taxonomy":"category","embeddable":true,"href":"https:\/\/muvhaz.orlaihaz.mezobereny.hu\/index.php?rest_route=%2Fwp%2Fv2%2Fcategories&post=3187"},{"taxonomy":"post_tag","embeddable":true,"href":"https:\/\/muvhaz.orlaihaz.mezobereny.hu\/index.php?rest_route=%2Fwp%2Fv2%2Ftags&post=3187"}],"curies":[{"name":"wp","href":"https:\/\/api.w.org\/{rel}","templated":true}]}}