{"id":3210,"date":"2023-04-14T00:00:00","date_gmt":"2023-04-13T22:00:00","guid":{"rendered":""},"modified":"2024-06-18T11:38:37","modified_gmt":"2024-06-18T09:38:37","slug":"romamesterseg-bemutato","status":"publish","type":"post","link":"https:\/\/muvhaz.orlaihaz.mezobereny.hu\/?p=3210","title":{"rendered":"Romamesters\u00e9g-bemutat\u00f3"},"content":{"rendered":"\n<p>\u00c1prilis 8. a roma kult\u00fara vil\u00e1gnapja. Angli\u00e1ban 1971-ben tartott\u00e1k a rom\u00e1k els\u0151 vil\u00e1gkongresszus\u00e1t, amelyen \u00e1prilis 8-\u00e1t nemzetk\u00f6zi roma napp\u00e1 nyilv\u00e1n\u00edtott\u00e1k. Ennek alkalm\u00e1b\u00f3l 2023. \u00e1prilis 14-\u00e9n az Orlai h\u00e1z \u00e9s a Mez\u0151ber\u00e9nyi Cig\u00e1ny Nemzetis\u00e9gi \u00d6nkorm\u00e1nyzat romamesters\u00e9g-bemutat\u00f3t tartott a m\u0171vel\u0151d\u00e9si k\u00f6zpontban.<\/p>\n\n\n\n<figure class=\"wp-block-image aligncenter size-large is-resized\"><img fetchpriority=\"high\" decoding=\"async\" width=\"1024\" height=\"683\" src=\"https:\/\/muvhaz.orlaihaz.mezobereny.hu\/wp-content\/uploads\/sites\/2\/2024\/06\/OPS_0058_oh-1-1024x683.jpg\" alt=\"\" class=\"wp-image-35352\" style=\"aspect-ratio:1.499267935578331;width:499px;height:auto\" srcset=\"https:\/\/muvhaz.orlaihaz.mezobereny.hu\/wp-content\/uploads\/sites\/2\/2024\/06\/OPS_0058_oh-1-1024x683.jpg 1024w, https:\/\/muvhaz.orlaihaz.mezobereny.hu\/wp-content\/uploads\/sites\/2\/2024\/06\/OPS_0058_oh-1-300x200.jpg 300w, https:\/\/muvhaz.orlaihaz.mezobereny.hu\/wp-content\/uploads\/sites\/2\/2024\/06\/OPS_0058_oh-1-768x512.jpg 768w, https:\/\/muvhaz.orlaihaz.mezobereny.hu\/wp-content\/uploads\/sites\/2\/2024\/06\/OPS_0058_oh-1.jpg 1484w\" sizes=\"(max-width: 1024px) 100vw, 1024px\" \/><\/figure>\n\n\n<p style=\"text-align: justify;\">Lakatos Mih\u00e1ly kos\u00e1rfon\u00f3 ki\u00e1ll\u00edt\u00e1s\u00e1t Horv\u00e1th R\u00f3bert, a nemzetis\u00e9gi \u00f6nkorm\u00e1nyzat eln\u00f6ke nyitotta meg. Elmondta, az els\u0151 roma vil\u00e1gkongresszust 1971. \u00e1prilis 8. \u00e9s 12. k\u00f6z\u00f6tt tartott\u00e1k meg, ezen kilenc orsz\u00e1g 23 k\u00e9pvisel\u0151je vett r\u00e9szt. Itt mondt\u00e1k ki, hogy egy nemzetet k\u00e9pviselnek \u00e9s rom\u00e1nak nevezik magukat.<\/p>\n<p style=\"text-align: justify;\">T\u00fari Andrea az int\u00e9zm\u00e9ny igazgat\u00f3ja mutatta be Lakatos Mih\u00e1lyt. Hangoztatta, 1990-ben iskola keretek k\u00f6z\u00f6tt tanulta meg a kos\u00e1rfon\u00e1st, 2002-t\u0151l a M\u00e9cses Szolg\u00e1ltat\u00f3 Egyes\u00fcletn\u00e9l dolgozik, \u00e9s ott nagyr\u00e9szt ezzel foglalkozik. Az Orsz\u00e1gos Ifj\u00fas\u00e1gi N\u00e9pi K\u00e9zm\u0171ves p\u00e1ly\u00e1zaton 2001-ben els\u0151 helyez\u00e9st \u00e9rt el. Az \u201eAranyszalma\u201d Orsz\u00e1gos Szalmafon\u00f3 P\u00e1ly\u00e1zaton 2006-ban \u00e9s 2010-ben is dobog\u00f3s helyen v\u00e9gzett.<\/p>\n<p style=\"text-align: justify;\">Lakatos Mih\u00e1ly vezet\u00e9s\u00e9vel az \u00e9rdekl\u0151d\u0151k a kos\u00e1rfon\u00e1ssal ismerkedtek.&nbsp; A Ber\u00e9ny T\u00e1ncegy\u00fcttes t\u00e1nch\u00e1zat adott a \u201eLeg a l\u00e1b\u201d Alapfok\u00fa M\u0171v\u00e9szeti Iskola t\u00e1ncosainak k\u00f6zrem\u0171k\u00f6d\u00e9s\u00e9vel. Zen\u00e9lt a G\u00f6rbesz\u00e9k T\u00e1rsulat.<\/p>\n<p style=\"text-align: justify;\">A koncert el\u0151tt T\u00fari Andrea k\u00f6sz\u00f6nt\u00f6tte 85. sz\u00fclet\u00e9snapja alkalm\u00e1b\u00f3l Ol\u00e1h Lajosn\u00e9, a Ber\u00e9ny T\u00e1ncegy\u00fcttes r\u00e9gi tagj\u00e1t, illetve n\u00e9vnapjuk alkalm\u00e1b\u00f3l Mezei Tibort, a nemzetis\u00e9gi \u00f6nkorm\u00e1nyzat aleln\u00f6k\u00e9t, illetve az est szt\u00e1rvend\u00e9g\u00e9t? Rusz\u00f3 Tibit.<\/p>\n<p style=\"text-align: justify;\">A fiatal \u00e9nekes a 2019-es X-Faktor gy\u0151ztese \u2013 h\u00edrnev\u00e9nek megfelel\u0151en \u2013 fergeteges koncertet adott. Felv\u00e1ltva \u00e9nekelt l\u00edrai \u00e9s p\u00f6rg\u0151s sz\u00e1mokat. A sz\u00ednpad \u00e9s a sz\u00ednpad el\u0151tti ter\u00fclet megtelt t\u00e1ncosokkal. &nbsp;&nbsp;<\/p>\n<p style=\"text-align: justify;\">A program tombolasorsol\u00e1ssal z\u00e1rult.<\/p>\n<p>Rusz\u00f3 Tibi el\u0151ad\u00e1s\u00e1t vissza n\u00e9zhetik a<a href=\"https:\/\/www.youtube.com\/watch?v=f-Q4nmxeqjs\"> Youtube<\/a>-on<\/p>\n<p style=\"text-align: center;\"><a href=\"https:\/\/muvhaz.orlaihaz.mezobereny.hu\/index.php\/nggallery\/album\/romamesterseg-bemutato-2023-aprilis-14?page_id=7899\">Gal\u00e9ria<\/a><\/p>","protected":false},"excerpt":{"rendered":"<p style=\"text-align: justify;\">\u00c1prilis 8. a roma kult\u00fara vil\u00e1gnapja. Angli\u00e1ban 1971-ben tartott\u00e1k a rom\u00e1k els\u0151 vil\u00e1gkongresszus\u00e1t, amelyen \u00e1prilis 8-\u00e1t nemzetk\u00f6zi roma napp\u00e1 nyilv\u00e1n\u00edtott\u00e1k. Ennek alkalm\u00e1b\u00f3l 2023. \u00e1prilis 14-\u00e9n az Orlai h\u00e1z \u00e9s a Mez\u0151ber\u00e9nyi Cig\u00e1ny Nemzetis\u00e9gi \u00d6nkorm\u00e1nyzat romamesters\u00e9g-bemutat\u00f3t tartott a m\u0171vel\u0151d\u00e9si k\u00f6zpontban.<\/p>\n","protected":false},"author":0,"featured_media":35341,"comment_status":"closed","ping_status":"open","sticky":false,"template":"","format":"standard","meta":{"site-sidebar-layout":"default","site-content-layout":"","ast-site-content-layout":"","site-content-style":"default","site-sidebar-style":"default","ast-global-header-display":"","ast-banner-title-visibility":"","ast-main-header-display":"","ast-hfb-above-header-display":"","ast-hfb-below-header-display":"","ast-hfb-mobile-header-display":"","site-post-title":"","ast-breadcrumbs-content":"","ast-featured-img":"","footer-sml-layout":"","theme-transparent-header-meta":"","adv-header-id-meta":"","stick-header-meta":"","header-above-stick-meta":"","header-main-stick-meta":"","header-below-stick-meta":"","astra-migrate-meta-layouts":"default","ast-page-background-enabled":"default","ast-page-background-meta":{"desktop":{"background-color":"var(--ast-global-color-4)","background-image":"","background-repeat":"repeat","background-position":"center center","background-size":"auto","background-attachment":"scroll","background-type":"","background-media":"","overlay-type":"","overlay-color":"","overlay-opacity":"","overlay-gradient":""},"tablet":{"background-color":"","background-image":"","background-repeat":"repeat","background-position":"center center","background-size":"auto","background-attachment":"scroll","background-type":"","background-media":"","overlay-type":"","overlay-color":"","overlay-opacity":"","overlay-gradient":""},"mobile":{"background-color":"","background-image":"","background-repeat":"repeat","background-position":"center center","background-size":"auto","background-attachment":"scroll","background-type":"","background-media":"","overlay-type":"","overlay-color":"","overlay-opacity":"","overlay-gradient":""}},"ast-content-background-meta":{"desktop":{"background-color":"var(--ast-global-color-5)","background-image":"","background-repeat":"repeat","background-position":"center center","background-size":"auto","background-attachment":"scroll","background-type":"","background-media":"","overlay-type":"","overlay-color":"","overlay-opacity":"","overlay-gradient":""},"tablet":{"background-color":"var(--ast-global-color-5)","background-image":"","background-repeat":"repeat","background-position":"center center","background-size":"auto","background-attachment":"scroll","background-type":"","background-media":"","overlay-type":"","overlay-color":"","overlay-opacity":"","overlay-gradient":""},"mobile":{"background-color":"var(--ast-global-color-5)","background-image":"","background-repeat":"repeat","background-position":"center center","background-size":"auto","background-attachment":"scroll","background-type":"","background-media":"","overlay-type":"","overlay-color":"","overlay-opacity":"","overlay-gradient":""}},"ngg_post_thumbnail":0,"footnotes":""},"categories":[1],"tags":[],"class_list":["post-3210","post","type-post","status-publish","format-standard","has-post-thumbnail","hentry"],"jetpack_featured_media_url":"https:\/\/muvhaz.orlaihaz.mezobereny.hu\/wp-content\/uploads\/sites\/2\/2024\/06\/Roma-mestersegbemutato_aktualis.jpg","_links":{"self":[{"href":"https:\/\/muvhaz.orlaihaz.mezobereny.hu\/index.php?rest_route=\/wp\/v2\/posts\/3210"}],"collection":[{"href":"https:\/\/muvhaz.orlaihaz.mezobereny.hu\/index.php?rest_route=\/wp\/v2\/posts"}],"about":[{"href":"https:\/\/muvhaz.orlaihaz.mezobereny.hu\/index.php?rest_route=\/wp\/v2\/types\/post"}],"replies":[{"embeddable":true,"href":"https:\/\/muvhaz.orlaihaz.mezobereny.hu\/index.php?rest_route=%2Fwp%2Fv2%2Fcomments&post=3210"}],"version-history":[{"count":2,"href":"https:\/\/muvhaz.orlaihaz.mezobereny.hu\/index.php?rest_route=\/wp\/v2\/posts\/3210\/revisions"}],"predecessor-version":[{"id":35354,"href":"https:\/\/muvhaz.orlaihaz.mezobereny.hu\/index.php?rest_route=\/wp\/v2\/posts\/3210\/revisions\/35354"}],"wp:featuredmedia":[{"embeddable":true,"href":"https:\/\/muvhaz.orlaihaz.mezobereny.hu\/index.php?rest_route=\/wp\/v2\/media\/35341"}],"wp:attachment":[{"href":"https:\/\/muvhaz.orlaihaz.mezobereny.hu\/index.php?rest_route=%2Fwp%2Fv2%2Fmedia&parent=3210"}],"wp:term":[{"taxonomy":"category","embeddable":true,"href":"https:\/\/muvhaz.orlaihaz.mezobereny.hu\/index.php?rest_route=%2Fwp%2Fv2%2Fcategories&post=3210"},{"taxonomy":"post_tag","embeddable":true,"href":"https:\/\/muvhaz.orlaihaz.mezobereny.hu\/index.php?rest_route=%2Fwp%2Fv2%2Ftags&post=3210"}],"curies":[{"name":"wp","href":"https:\/\/api.w.org\/{rel}","templated":true}]}}