{"id":3213,"date":"2023-04-21T00:00:00","date_gmt":"2023-04-20T22:00:00","guid":{"rendered":""},"modified":"2024-06-18T12:44:54","modified_gmt":"2024-06-18T10:44:54","slug":"szulok-klubja","status":"publish","type":"post","link":"https:\/\/muvhaz.orlaihaz.mezobereny.hu\/?p=3213","title":{"rendered":"Sz\u00fcl\u0151k klubja"},"content":{"rendered":"\n<p>A Mez\u0151ber\u00e9nyi Talentum Reform\u00e1tus \u00d3voda el\u0151ad\u00e1ssorozatot tart, hogy a sz\u00fcl\u0151ket seg\u00edtse a kisgyermekek nevel\u00e9s\u00e9ben. Minden alkalommal m\u00e1s-m\u00e1s t\u00e9m\u00e1t j\u00e1rnak k\u00f6rbe, 2023. \u00e1prilis 21-\u00e9n az Orlai h\u00e1zban T\u00f6r\u00f6kn\u00e9 Szentp\u00e9teri Ibolya int\u00e9zm\u00e9nyvezet\u0151 \u00e9s Fazekas Kl\u00e1ra \u00f3vodapedag\u00f3gus a t\u00e1pl\u00e1lkoz\u00e1si j\u00f3 szok\u00e1sok kialak\u00edt\u00e1s\u00e1r\u00f3l sz\u00f3lt. Az el\u0151ad\u00e1s idej\u00e9re a gyermekeket foglalkoztat\u00f3 program v\u00e1rta a T\u00fccs\u00f6k j\u00e1tsz\u00f3h\u00e1zban.<\/p>\n\n\n\n<figure class=\"wp-block-image aligncenter size-full is-resized\"><img fetchpriority=\"high\" decoding=\"async\" width=\"1024\" height=\"683\" src=\"https:\/\/muvhaz.orlaihaz.mezobereny.hu\/wp-content\/uploads\/sites\/2\/2024\/06\/ops_8558_oh-914860.jpg\" alt=\"\" class=\"wp-image-35356\" style=\"aspect-ratio:1.499267935578331;width:622px;height:auto\" srcset=\"https:\/\/muvhaz.orlaihaz.mezobereny.hu\/wp-content\/uploads\/sites\/2\/2024\/06\/ops_8558_oh-914860.jpg 1024w, https:\/\/muvhaz.orlaihaz.mezobereny.hu\/wp-content\/uploads\/sites\/2\/2024\/06\/ops_8558_oh-914860-300x200.jpg 300w, https:\/\/muvhaz.orlaihaz.mezobereny.hu\/wp-content\/uploads\/sites\/2\/2024\/06\/ops_8558_oh-914860-768x512.jpg 768w\" sizes=\"(max-width: 1024px) 100vw, 1024px\" \/><\/figure>\n\n\n<p style=\"text-align: center;\"><a href=\"https:\/\/muvhaz.orlaihaz.mezobereny.hu\/index.php\/nggallery\/album\/szulok-klubja-2023-aprilis-21?page_id=7899\">Gal\u00e9ria<\/a><\/p>","protected":false},"excerpt":{"rendered":"<p style=\"text-align: justify;\">A Mez\u0151ber\u00e9nyi Talentum Reform\u00e1tus \u00d3voda el\u0151ad\u00e1ssorozatot tart, hogy a sz\u00fcl\u0151ket seg\u00edtse a kisgyermekek nevel\u00e9s\u00e9ben. Minden alkalommal m\u00e1s-m\u00e1s t\u00e9m\u00e1t j\u00e1rnak k\u00f6rbe, 2023. \u00e1prilis 21-\u00e9n az Orlai h\u00e1zban T\u00f6r\u00f6kn\u00e9 Szentp\u00e9teri Ibolya int\u00e9zm\u00e9nyvezet\u0151 \u00e9s Fazekas Kl\u00e1ra \u00f3vodapedag\u00f3gus a t\u00e1pl\u00e1lkoz\u00e1si j\u00f3 szok\u00e1sok kialak\u00edt\u00e1s\u00e1r\u00f3l sz\u00f3lt. Az el\u0151ad\u00e1s idej\u00e9re a gyermekeket foglalkoztat\u00f3 program v\u00e1rta a T\u00fccs\u00f6k j\u00e1tsz\u00f3h\u00e1zban.<\/p>\n","protected":false},"author":0,"featured_media":36434,"comment_status":"closed","ping_status":"open","sticky":false,"template":"","format":"standard","meta":{"site-sidebar-layout":"default","site-content-layout":"","ast-site-content-layout":"","site-content-style":"default","site-sidebar-style":"default","ast-global-header-display":"","ast-banner-title-visibility":"","ast-main-header-display":"","ast-hfb-above-header-display":"","ast-hfb-below-header-display":"","ast-hfb-mobile-header-display":"","site-post-title":"","ast-breadcrumbs-content":"","ast-featured-img":"","footer-sml-layout":"","theme-transparent-header-meta":"","adv-header-id-meta":"","stick-header-meta":"","header-above-stick-meta":"","header-main-stick-meta":"","header-below-stick-meta":"","astra-migrate-meta-layouts":"default","ast-page-background-enabled":"default","ast-page-background-meta":{"desktop":{"background-color":"var(--ast-global-color-4)","background-image":"","background-repeat":"repeat","background-position":"center center","background-size":"auto","background-attachment":"scroll","background-type":"","background-media":"","overlay-type":"","overlay-color":"","overlay-opacity":"","overlay-gradient":""},"tablet":{"background-color":"","background-image":"","background-repeat":"repeat","background-position":"center center","background-size":"auto","background-attachment":"scroll","background-type":"","background-media":"","overlay-type":"","overlay-color":"","overlay-opacity":"","overlay-gradient":""},"mobile":{"background-color":"","background-image":"","background-repeat":"repeat","background-position":"center center","background-size":"auto","background-attachment":"scroll","background-type":"","background-media":"","overlay-type":"","overlay-color":"","overlay-opacity":"","overlay-gradient":""}},"ast-content-background-meta":{"desktop":{"background-color":"var(--ast-global-color-5)","background-image":"","background-repeat":"repeat","background-position":"center center","background-size":"auto","background-attachment":"scroll","background-type":"","background-media":"","overlay-type":"","overlay-color":"","overlay-opacity":"","overlay-gradient":""},"tablet":{"background-color":"var(--ast-global-color-5)","background-image":"","background-repeat":"repeat","background-position":"center center","background-size":"auto","background-attachment":"scroll","background-type":"","background-media":"","overlay-type":"","overlay-color":"","overlay-opacity":"","overlay-gradient":""},"mobile":{"background-color":"var(--ast-global-color-5)","background-image":"","background-repeat":"repeat","background-position":"center center","background-size":"auto","background-attachment":"scroll","background-type":"","background-media":"","overlay-type":"","overlay-color":"","overlay-opacity":"","overlay-gradient":""}},"ngg_post_thumbnail":0,"footnotes":""},"categories":[1],"tags":[],"class_list":["post-3213","post","type-post","status-publish","format-standard","has-post-thumbnail","hentry"],"jetpack_featured_media_url":"https:\/\/muvhaz.orlaihaz.mezobereny.hu\/wp-content\/uploads\/sites\/2\/2024\/07\/szulok-klubja_PLAKAT.jpg","_links":{"self":[{"href":"https:\/\/muvhaz.orlaihaz.mezobereny.hu\/index.php?rest_route=\/wp\/v2\/posts\/3213"}],"collection":[{"href":"https:\/\/muvhaz.orlaihaz.mezobereny.hu\/index.php?rest_route=\/wp\/v2\/posts"}],"about":[{"href":"https:\/\/muvhaz.orlaihaz.mezobereny.hu\/index.php?rest_route=\/wp\/v2\/types\/post"}],"replies":[{"embeddable":true,"href":"https:\/\/muvhaz.orlaihaz.mezobereny.hu\/index.php?rest_route=%2Fwp%2Fv2%2Fcomments&post=3213"}],"version-history":[{"count":2,"href":"https:\/\/muvhaz.orlaihaz.mezobereny.hu\/index.php?rest_route=\/wp\/v2\/posts\/3213\/revisions"}],"predecessor-version":[{"id":35358,"href":"https:\/\/muvhaz.orlaihaz.mezobereny.hu\/index.php?rest_route=\/wp\/v2\/posts\/3213\/revisions\/35358"}],"wp:featuredmedia":[{"embeddable":true,"href":"https:\/\/muvhaz.orlaihaz.mezobereny.hu\/index.php?rest_route=\/wp\/v2\/media\/36434"}],"wp:attachment":[{"href":"https:\/\/muvhaz.orlaihaz.mezobereny.hu\/index.php?rest_route=%2Fwp%2Fv2%2Fmedia&parent=3213"}],"wp:term":[{"taxonomy":"category","embeddable":true,"href":"https:\/\/muvhaz.orlaihaz.mezobereny.hu\/index.php?rest_route=%2Fwp%2Fv2%2Fcategories&post=3213"},{"taxonomy":"post_tag","embeddable":true,"href":"https:\/\/muvhaz.orlaihaz.mezobereny.hu\/index.php?rest_route=%2Fwp%2Fv2%2Ftags&post=3213"}],"curies":[{"name":"wp","href":"https:\/\/api.w.org\/{rel}","templated":true}]}}