{"id":3214,"date":"2023-04-23T00:00:00","date_gmt":"2023-04-22T22:00:00","guid":{"rendered":""},"modified":"-0001-11-30T00:00:00","modified_gmt":"-0001-11-29T22:00:00","slug":"","status":"publish","type":"post","link":"https:\/\/muvhaz.orlaihaz.mezobereny.hu\/?p=3214","title":{"rendered":"Maksa \u2013 Orb\u00e1n \u2013 Varga Show"},"content":{"rendered":"<p style=\"text-align: justify;\">El\u0151bb Varga Ferenc J\u00f3zsef sz\u00f3rakoztatta a k\u00f6z\u00f6ns\u00e9get, \u0151t Antal Imre <em>Szesz\u00e9lyes \u00e9vszakok <\/em>c\u00edm\u0171 t\u00e9v\u00e9m\u0171sor\u00e1ban ismertt\u00e9 v\u00e1lt Orb\u00e1n S\u00e1ndor k\u00f6vette, \u00e9s harmadikk\u00e9nt Maksa Zolt\u00e1n vette \u00e1t a sz\u00f3t, aki elmes\u00e9lte, hogy 1981-t\u0151l van a p\u00e1ly\u00e1n, s\u0151t azt is el\u00e1rulta, ma m\u00e1r 62 \u00e9ves, \u00edgy a k\u00f6z\u00f6ns\u00e9g k\u00f6nnyen kisz\u00e1molhatta, hogy 41 \u00e9ve van sz\u00ednpadon. A Varga\u00a0 &#8211; Orb\u00e1n kett\u0151s\u00a0 is mosolyt csalt a n\u00e9z\u0151k arc\u00e1ra azzal a k\u00e9rd\u00e9ssorozattal, hogyan v\u00e9lekednek a f\u00e9rfiak p\u00e1rkapcsolatukr\u00f3l a szerelem els\u0151, tizedik \u00e9s huszadik \u00e9v\u00e9ben.<\/p>\r\n<p style=\"text-align: justify;\">\u00a0<\/p>\r\n<p style=\"text-align: justify;\">Befejez\u00e9sk\u00e9nt Varga Ferenc J\u00f3zsef \u00e9nekes parodistak\u00e9nt is bemutatkozott, Horv\u00e1th Charlie, Csepregi \u00c9va \u00e9s Szikora Robi sz\u00e1mait adta el\u0151, egy kicsit m\u00e1sk\u00e9pp.<\/p>\r\n<p style=\"text-align: justify;\">\u00a0<\/p>\r\n<p style=\"text-align: justify;\">A szenz\u00e1ci\u00f3s tri\u00f3 el\u0151ad\u00e1s\u00e1n mindenki j\u00f3l sz\u00f3rakozhatott.\u00a0<\/p>\r\n<p style=\"text-align: justify;\"><\/p>\r\nngg_shortcode_0_placeholder","protected":false},"excerpt":{"rendered":"<p style=\"text-align: justify;\">Az \u00e9let \u00e1trendezte a 2023. \u00e1prilis 23-ra meghirdetett Aradi &amp; Varga Show-t.\u00a0 Az Orlai h\u00e1z sz\u00ednpad\u00e1n T\u00fari Andrea igazgat\u00f3 k\u00f6sz\u00f6nt\u00f6tte a k\u00f6z\u00f6ns\u00e9get, \u00e9s sz\u00ednpadra sz\u00f3l\u00edtotta Varga Ferenc J\u00f3zsefet.\u00a0 A humorista bejelentette, hogy t\u00e1rsa 39 fokos l\u00e1zzal fekszik otthon, s r\u00f6gvest fel is h\u00edvta telefonon, hogy a k\u00f6z\u00f6ns\u00e9g taps\u00e1t hallva hamarabb gy\u00f3gyulhasson. Aradi Tibor elmondta, hogy gyermeke egy halom v\u00edrust vitt haza, \u00e9s \u0151 eld\u00f6nthette, melyiket szeretn\u00e9 elkapni.<\/p>\n","protected":false},"author":0,"featured_media":36432,"comment_status":"closed","ping_status":"open","sticky":false,"template":"","format":"standard","meta":{"site-sidebar-layout":"default","site-content-layout":"","ast-site-content-layout":"","site-content-style":"default","site-sidebar-style":"default","ast-global-header-display":"","ast-banner-title-visibility":"","ast-main-header-display":"","ast-hfb-above-header-display":"","ast-hfb-below-header-display":"","ast-hfb-mobile-header-display":"","site-post-title":"","ast-breadcrumbs-content":"","ast-featured-img":"","footer-sml-layout":"","theme-transparent-header-meta":"","adv-header-id-meta":"","stick-header-meta":"","header-above-stick-meta":"","header-main-stick-meta":"","header-below-stick-meta":"","astra-migrate-meta-layouts":"default","ast-page-background-enabled":"default","ast-page-background-meta":{"desktop":{"background-color":"var(--ast-global-color-4)","background-image":"","background-repeat":"repeat","background-position":"center center","background-size":"auto","background-attachment":"scroll","background-type":"","background-media":"","overlay-type":"","overlay-color":"","overlay-opacity":"","overlay-gradient":""},"tablet":{"background-color":"","background-image":"","background-repeat":"repeat","background-position":"center center","background-size":"auto","background-attachment":"scroll","background-type":"","background-media":"","overlay-type":"","overlay-color":"","overlay-opacity":"","overlay-gradient":""},"mobile":{"background-color":"","background-image":"","background-repeat":"repeat","background-position":"center center","background-size":"auto","background-attachment":"scroll","background-type":"","background-media":"","overlay-type":"","overlay-color":"","overlay-opacity":"","overlay-gradient":""}},"ast-content-background-meta":{"desktop":{"background-color":"var(--ast-global-color-5)","background-image":"","background-repeat":"repeat","background-position":"center center","background-size":"auto","background-attachment":"scroll","background-type":"","background-media":"","overlay-type":"","overlay-color":"","overlay-opacity":"","overlay-gradient":""},"tablet":{"background-color":"var(--ast-global-color-5)","background-image":"","background-repeat":"repeat","background-position":"center center","background-size":"auto","background-attachment":"scroll","background-type":"","background-media":"","overlay-type":"","overlay-color":"","overlay-opacity":"","overlay-gradient":""},"mobile":{"background-color":"var(--ast-global-color-5)","background-image":"","background-repeat":"repeat","background-position":"center center","background-size":"auto","background-attachment":"scroll","background-type":"","background-media":"","overlay-type":"","overlay-color":"","overlay-opacity":"","overlay-gradient":""}},"ngg_post_thumbnail":0,"footnotes":""},"categories":[1],"tags":[],"class_list":["post-3214","post","type-post","status-publish","format-standard","has-post-thumbnail","hentry"],"jetpack_featured_media_url":"https:\/\/muvhaz.orlaihaz.mezobereny.hu\/wp-content\/uploads\/sites\/2\/2024\/07\/Aradi-Varga_PLAKAT.jpg","_links":{"self":[{"href":"https:\/\/muvhaz.orlaihaz.mezobereny.hu\/index.php?rest_route=\/wp\/v2\/posts\/3214"}],"collection":[{"href":"https:\/\/muvhaz.orlaihaz.mezobereny.hu\/index.php?rest_route=\/wp\/v2\/posts"}],"about":[{"href":"https:\/\/muvhaz.orlaihaz.mezobereny.hu\/index.php?rest_route=\/wp\/v2\/types\/post"}],"replies":[{"embeddable":true,"href":"https:\/\/muvhaz.orlaihaz.mezobereny.hu\/index.php?rest_route=%2Fwp%2Fv2%2Fcomments&post=3214"}],"version-history":[{"count":0,"href":"https:\/\/muvhaz.orlaihaz.mezobereny.hu\/index.php?rest_route=\/wp\/v2\/posts\/3214\/revisions"}],"wp:featuredmedia":[{"embeddable":true,"href":"https:\/\/muvhaz.orlaihaz.mezobereny.hu\/index.php?rest_route=\/wp\/v2\/media\/36432"}],"wp:attachment":[{"href":"https:\/\/muvhaz.orlaihaz.mezobereny.hu\/index.php?rest_route=%2Fwp%2Fv2%2Fmedia&parent=3214"}],"wp:term":[{"taxonomy":"category","embeddable":true,"href":"https:\/\/muvhaz.orlaihaz.mezobereny.hu\/index.php?rest_route=%2Fwp%2Fv2%2Fcategories&post=3214"},{"taxonomy":"post_tag","embeddable":true,"href":"https:\/\/muvhaz.orlaihaz.mezobereny.hu\/index.php?rest_route=%2Fwp%2Fv2%2Ftags&post=3214"}],"curies":[{"name":"wp","href":"https:\/\/api.w.org\/{rel}","templated":true}]}}