{"id":3224,"date":"2023-05-01T00:00:00","date_gmt":"2023-04-30T22:00:00","guid":{"rendered":""},"modified":"2024-06-18T13:31:31","modified_gmt":"2024-06-18T11:31:31","slug":"varosi-majalis-4","status":"publish","type":"post","link":"https:\/\/muvhaz.orlaihaz.mezobereny.hu\/?p=3224","title":{"rendered":"V\u00e1rosi maj\u00e1lis"},"content":{"rendered":"\n<p>A v\u00e1rosi maj\u00e1lis programja a ligetben Sikl\u00f3si Istv\u00e1n polg\u00e1rmester k\u00f6sz\u00f6nt\u0151j\u00e9vel kezd\u0151d\u00f6tt. Megk\u00f6sz\u00f6nte a fell\u00e9p\u0151k munk\u00e1j\u00e1t, a f\u0151z\u0151csapatok er\u0151fesz\u00edt\u00e9s\u00e9t.<\/p>\n\n\n\n<figure class=\"wp-block-image aligncenter size-large is-resized\"><img fetchpriority=\"high\" decoding=\"async\" width=\"1024\" height=\"683\" src=\"https:\/\/muvhaz.orlaihaz.mezobereny.hu\/wp-content\/uploads\/sites\/2\/2024\/06\/majalis-1024x683.jpg\" alt=\"\" class=\"wp-image-35366\" style=\"aspect-ratio:1.499267935578331;width:748px;height:auto\" srcset=\"https:\/\/muvhaz.orlaihaz.mezobereny.hu\/wp-content\/uploads\/sites\/2\/2024\/06\/majalis-1024x683.jpg 1024w, https:\/\/muvhaz.orlaihaz.mezobereny.hu\/wp-content\/uploads\/sites\/2\/2024\/06\/majalis-300x200.jpg 300w, https:\/\/muvhaz.orlaihaz.mezobereny.hu\/wp-content\/uploads\/sites\/2\/2024\/06\/majalis-768x512.jpg 768w, https:\/\/muvhaz.orlaihaz.mezobereny.hu\/wp-content\/uploads\/sites\/2\/2024\/06\/majalis.jpg 1484w\" sizes=\"(max-width: 1024px) 100vw, 1024px\" \/><\/figure>\n\n\n<p>A k\u00f6sz\u00f6nt\u0151 ut\u00e1n szlov\u00e1k \u00f6nkorm\u00e1nyzat \u00e9s az egyes\u00fclet\u00fck, illetve a nyugd\u00edjas klub m\u00e1jusf\u00e1t \u00e1ll\u00edtott. Ezzel egy id\u0151ben kezd\u0151d\u00f6tt a retr\u00f3 f\u0151z\u0151verseny. \u00d6sszesen 24 munkahelyi, bar\u00e1ti t\u00e1rsas\u00e1g nevezett a versenyre, valamennyi f\u0151z\u0151csapat maga d\u00f6nthette el, hogy mit f\u0151zz\u00f6n. A miccst\u0151l kezdve a hal\u00e1szl\u00e9n kereszt\u00fcl az \u0151zp\u00f6rk\u00f6ltig k\u00e9sz\u00fclt sokf\u00e9le \u00e9tel. A h\u00e1romtag\u00fa zs\u0171ri: Marton Mih\u00e1ly, T\u00e1nczos Imre \u00e9s Zolnai R\u00f3bert h\u00e1rom szempont szerint b\u00edr\u00e1lta el az el\u00e9je ker\u00fclt produktumokat, figyelembe vette az \u00edzharm\u00f3ni\u00e1t, a sz\u00ednt \u00e9s illatot, illetve az \u00e9tel egyedis\u00e9g\u00e9t, \u00f6tletess\u00e9g\u00e9t. A sz\u00ednpadi m\u0171sort a Mez\u0151ber\u00e9nyi Talentum Reform\u00e1tus \u00d3voda m\u0171sora kezdte, \u0151ket a Malom Fitness \u00e9s a Mez\u0151ber\u00e9nyi V\u00e1rosi Ifj\u00fas\u00e1gi F\u00fav\u00f3szenekar k\u00f6vette. D\u00e9lben T\u00edm\u00e1r Zsolt mulat\u00f3s m\u0171sorral sz\u00f3rakoztatta a k\u00f6z\u00f6ns\u00e9get.<\/p>\n<p>Eb\u00e9d ut\u00e1n a B\u00e9k\u00e9s v\u00e1rmegyei futsal bajnoks\u00e1gban Ber\u00e9nyi Gyermek FC U 19 csapata megnyerte a k\u00fczdelmet, U 15 koroszt\u00e1lyuk pedig a m\u00e1sodik helyen v\u00e9gzett. A k\u00e9t g\u00e1rda tagjainak az \u00e9rmeket Dank\u00f3 B\u00e9la, az MLSZ eln\u00f6ks\u00e9gi tagja adta \u00e1t.<\/p>\n<p>Ezt \u201eKat\u00f3 n\u00e9ni konyh\u00e1ja\u201d k\u00f6vette Ihos J\u00f3zseffel \u00e9s Balla D\u00e1vid Nahrin s\u00e9ffel, aki tavaly Luxemburgban megnyerte a Kulin\u00e1ris Vil\u00e1gbajnoks\u00e1got. M\u00edg Ihos humoros t\u00f6rt\u00e9neteket mes\u00e9lt, a s\u00e9f g\u00f6m\u00f6ri gulyk\u00e1t f\u0151z\u00f6tt, \u00e9s azt a v\u00e9g\u00e9n k\u00f6z\u00f6ns\u00e9g meg is k\u00f3stolhatta. A maj\u00e1list a Maczk\u00f3 Farm lovagoltat\u00e1ssal, a Mez\u0151ber\u00e9nyi \u00cdj\u00e1sz \u00e9s Hagyom\u00e1ny\u0151rz\u0151 Sportegyes\u00fclet \u00edj\u00e1szattal, az \u00f3v\u00f3n\u0151k k\u00e9zm\u0171vess\u00e9ggel sz\u00ednes\u00edtett\u00e9k. A liget el\u0151tti r\u00e9szen tulajdonosaik veter\u00e1n aut\u00f3kat \u00e9s motorokat mutattak be, az Orlai h\u00e1z a telep\u00fcl\u00e9si \u00e9rt\u00e9kt\u00e1r n\u00e9h\u00e1ny darabj\u00e1ra h\u00edvta fel a figyelmet. A program a f\u0151z\u0151verseny eredm\u00e9nyhirdet\u00e9s\u00e9vel z\u00e1rult. A f\u0151z\u0151csapatok verseny\u00e9ben a polg\u00e1rmesteri hivatal nyert, a \u201eNyald meg kanalam!\u201d \u00e9s a Ga-ba Team el\u0151tt.<\/p>\n<p>A rendezv\u00e9nyt vissza n\u00e9zhetik a <a href=\"https:\/\/www.youtube.com\/watch?v=R2qHsZbo4Ig\">Youtube<\/a>-on.<\/p>\n<p style=\"text-align: center;\"><a href=\"https:\/\/muvhaz.orlaihaz.mezobereny.hu\/index.php\/nggallery\/album\/varosi-majalis-2023-majus-01?page_id=7920\">Gal\u00e9ria<\/a><\/p>","protected":false},"excerpt":{"rendered":"<p style=\"text-align: justify;\">A v\u00e1rosi maj\u00e1lis programja m\u00e1jus elsej\u00e9n a ligetben Sikl\u00f3si Istv\u00e1n polg\u00e1rmester k\u00f6sz\u00f6nt\u0151j\u00e9vel kezd\u0151d\u00f6tt, megk\u00f6sz\u00f6nte a fell\u00e9p\u0151k munk\u00e1j\u00e1t, a f\u0151z\u0151csapatok er\u0151fesz\u00edt\u00e9s\u00e9t.<\/p>\n","protected":false},"author":0,"featured_media":35364,"comment_status":"closed","ping_status":"open","sticky":false,"template":"","format":"standard","meta":{"site-sidebar-layout":"default","site-content-layout":"","ast-site-content-layout":"","site-content-style":"default","site-sidebar-style":"default","ast-global-header-display":"","ast-banner-title-visibility":"","ast-main-header-display":"","ast-hfb-above-header-display":"","ast-hfb-below-header-display":"","ast-hfb-mobile-header-display":"","site-post-title":"","ast-breadcrumbs-content":"","ast-featured-img":"","footer-sml-layout":"","theme-transparent-header-meta":"","adv-header-id-meta":"","stick-header-meta":"","header-above-stick-meta":"","header-main-stick-meta":"","header-below-stick-meta":"","astra-migrate-meta-layouts":"default","ast-page-background-enabled":"default","ast-page-background-meta":{"desktop":{"background-color":"var(--ast-global-color-4)","background-image":"","background-repeat":"repeat","background-position":"center center","background-size":"auto","background-attachment":"scroll","background-type":"","background-media":"","overlay-type":"","overlay-color":"","overlay-opacity":"","overlay-gradient":""},"tablet":{"background-color":"","background-image":"","background-repeat":"repeat","background-position":"center center","background-size":"auto","background-attachment":"scroll","background-type":"","background-media":"","overlay-type":"","overlay-color":"","overlay-opacity":"","overlay-gradient":""},"mobile":{"background-color":"","background-image":"","background-repeat":"repeat","background-position":"center center","background-size":"auto","background-attachment":"scroll","background-type":"","background-media":"","overlay-type":"","overlay-color":"","overlay-opacity":"","overlay-gradient":""}},"ast-content-background-meta":{"desktop":{"background-color":"var(--ast-global-color-5)","background-image":"","background-repeat":"repeat","background-position":"center center","background-size":"auto","background-attachment":"scroll","background-type":"","background-media":"","overlay-type":"","overlay-color":"","overlay-opacity":"","overlay-gradient":""},"tablet":{"background-color":"var(--ast-global-color-5)","background-image":"","background-repeat":"repeat","background-position":"center center","background-size":"auto","background-attachment":"scroll","background-type":"","background-media":"","overlay-type":"","overlay-color":"","overlay-opacity":"","overlay-gradient":""},"mobile":{"background-color":"var(--ast-global-color-5)","background-image":"","background-repeat":"repeat","background-position":"center center","background-size":"auto","background-attachment":"scroll","background-type":"","background-media":"","overlay-type":"","overlay-color":"","overlay-opacity":"","overlay-gradient":""}},"ngg_post_thumbnail":0,"footnotes":""},"categories":[1],"tags":[],"class_list":["post-3224","post","type-post","status-publish","format-standard","has-post-thumbnail","hentry"],"jetpack_featured_media_url":"https:\/\/muvhaz.orlaihaz.mezobereny.hu\/wp-content\/uploads\/sites\/2\/2024\/06\/Varosi-majalis-PLAKAT.jpg","_links":{"self":[{"href":"https:\/\/muvhaz.orlaihaz.mezobereny.hu\/index.php?rest_route=\/wp\/v2\/posts\/3224"}],"collection":[{"href":"https:\/\/muvhaz.orlaihaz.mezobereny.hu\/index.php?rest_route=\/wp\/v2\/posts"}],"about":[{"href":"https:\/\/muvhaz.orlaihaz.mezobereny.hu\/index.php?rest_route=\/wp\/v2\/types\/post"}],"replies":[{"embeddable":true,"href":"https:\/\/muvhaz.orlaihaz.mezobereny.hu\/index.php?rest_route=%2Fwp%2Fv2%2Fcomments&post=3224"}],"version-history":[{"count":2,"href":"https:\/\/muvhaz.orlaihaz.mezobereny.hu\/index.php?rest_route=\/wp\/v2\/posts\/3224\/revisions"}],"predecessor-version":[{"id":35368,"href":"https:\/\/muvhaz.orlaihaz.mezobereny.hu\/index.php?rest_route=\/wp\/v2\/posts\/3224\/revisions\/35368"}],"wp:featuredmedia":[{"embeddable":true,"href":"https:\/\/muvhaz.orlaihaz.mezobereny.hu\/index.php?rest_route=\/wp\/v2\/media\/35364"}],"wp:attachment":[{"href":"https:\/\/muvhaz.orlaihaz.mezobereny.hu\/index.php?rest_route=%2Fwp%2Fv2%2Fmedia&parent=3224"}],"wp:term":[{"taxonomy":"category","embeddable":true,"href":"https:\/\/muvhaz.orlaihaz.mezobereny.hu\/index.php?rest_route=%2Fwp%2Fv2%2Fcategories&post=3224"},{"taxonomy":"post_tag","embeddable":true,"href":"https:\/\/muvhaz.orlaihaz.mezobereny.hu\/index.php?rest_route=%2Fwp%2Fv2%2Ftags&post=3224"}],"curies":[{"name":"wp","href":"https:\/\/api.w.org\/{rel}","templated":true}]}}