{"id":3225,"date":"2023-05-07T00:00:00","date_gmt":"2023-05-06T22:00:00","guid":{"rendered":""},"modified":"2024-06-18T14:04:58","modified_gmt":"2024-06-18T12:04:58","slug":"dioszegi-eszter-es-tanitvanyai-kiallitasa","status":"publish","type":"post","link":"https:\/\/muvhaz.orlaihaz.mezobereny.hu\/?p=3225","title":{"rendered":"Di\u00f3szegi Eszter \u00e9s tan\u00edtv\u00e1nyai ki\u00e1ll\u00edt\u00e1sa"},"content":{"rendered":"\n<p><br>Di\u00f3szegi Eszter grafikusm\u0171v\u00e9sz \u00e9s a\u00a0<em>Var\u00e1zsceruza szakk\u00f6r<\/em>\u00a0tagjainak ki\u00e1ll\u00edt\u00e1s\u00e1t 2023. m\u00e1jus 7-\u00e9n az Orlai h\u00e1zban nyitotta meg Papp Zolt\u00e1n grafikusm\u0171v\u00e9sz, tan\u00e1r. Elmondta, a k\u00f6r 2021 szeptember\u00e9ben indult a m\u0171vel\u0151d\u00e9si h\u00e1zban. A gyerekek alkot\u00e1s k\u00f6zben l\u00e9p\u00e9sr\u0151l-l\u00e9p\u00e9sre ismerik meg a k\u00e9pz\u0151m\u0171v\u00e9szet formanyelv\u00e9t, eszk\u00f6zk\u00e9szlet\u00e9t, m\u0171faji saj\u00e1toss\u00e1gait. A csoport tagjai: Guly\u00e1s Orsi, Konyecsni Zorka, Pojend\u00e1n Petra, P\u00f3nya S\u00e1ra, Rig\u00f3 Lilla, Szab\u00f3 R\u00e9ka \u00e9s Zolnai Anna.<\/p>\n\n\n\n<figure class=\"wp-block-image aligncenter size-large is-resized\"><img fetchpriority=\"high\" decoding=\"async\" width=\"1024\" height=\"683\" src=\"https:\/\/muvhaz.orlaihaz.mezobereny.hu\/wp-content\/uploads\/sites\/2\/2024\/06\/OPS_0181_oh-1024x683.jpg\" alt=\"\" class=\"wp-image-35390\" style=\"aspect-ratio:1.499267935578331;width:733px;height:auto\" srcset=\"https:\/\/muvhaz.orlaihaz.mezobereny.hu\/wp-content\/uploads\/sites\/2\/2024\/06\/OPS_0181_oh-1024x683.jpg 1024w, https:\/\/muvhaz.orlaihaz.mezobereny.hu\/wp-content\/uploads\/sites\/2\/2024\/06\/OPS_0181_oh-300x200.jpg 300w, https:\/\/muvhaz.orlaihaz.mezobereny.hu\/wp-content\/uploads\/sites\/2\/2024\/06\/OPS_0181_oh-768x512.jpg 768w, https:\/\/muvhaz.orlaihaz.mezobereny.hu\/wp-content\/uploads\/sites\/2\/2024\/06\/OPS_0181_oh.jpg 1484w\" sizes=\"(max-width: 1024px) 100vw, 1024px\" \/><\/figure>\n\n\n<p>A gyermekek ki\u00e1ll\u00edt\u00e1s\u00e1val p\u00e1rhuzamosan szakmai vezet\u0151j\u00fck saj\u00e1t anyag\u00e1val is bemutatkozik. A megnyit\u00f3n Papp Zolt\u00e1n visszaeml\u00e9kezett arra, hogy Di\u00f3szegi Eszter illusztrat\u00edv akvarell, akvarellceruza munk\u00e1ival a \u201980-as \u00e9vek v\u00e9g\u00e9n tal\u00e1lkozott el\u0151sz\u00f6r. Alkot\u00e1sai jelz\u00e9sszer\u0171, l\u00e9gies fel\u00e9p\u00edt\u00e9s\u00e9vel, sejtelmes formai megold\u00e1saival azonnal hatnak a n\u00e9z\u0151re. A kompoz\u00edci\u00f3kat \u00fagy \u00e9p\u00edti fel, hogy azok a szeml\u00e9l\u0151t akt\u00edv r\u00e9szv\u00e9telre \u00f6szt\u00f6n\u00f6zze. Munk\u00e1ss\u00e1ga legnagyobb siker\u00e9nek a 2003-ban a Tevan Kiad\u00f3n\u00e1l megjelent&nbsp;<i>Pinokki\u00f3<\/i>&nbsp;c\u00edm\u0171 mesek\u00f6nyvet tekinti. &nbsp;<\/p>\n<p>A t\u00e1rlat megtekinthet\u0151 \u2013 az int\u00e9zm\u00e9ny nyitvatart\u00e1si idej\u00e9ben \u2013 m\u00e1jus 31-ig. &nbsp;<\/p>\n<p>A ki\u00e1ll\u00edt\u00e1s megnyit\u00f3t visszan\u00e9zhetik a <a href=\"https:\/\/www.youtube.com\/watch?v=EQNaI-gOKdY\">Youtube<\/a>-on.<\/p>\n<p style=\"text-align: center;\"><a href=\"https:\/\/muvhaz.orlaihaz.mezobereny.hu\/index.php\/nggallery\/album\/dioszegi-eszter-es-tanitvanyai-kiallitasa-2023-majus-07?page_id=7926\">Gal\u00e9ria<\/a><\/p>","protected":false},"excerpt":{"rendered":"<p style=\"text-align: justify;\">Di\u00f3szegi Eszter grafikusm\u0171v\u00e9sz \u00e9s a <em>Var\u00e1zsceruza szakk\u00f6r<\/em> tagjainak ki\u00e1ll\u00edt\u00e1s\u00e1t 2023. m\u00e1jus 7-\u00e9n az Orlai h\u00e1zban nyitotta meg Papp Zolt\u00e1n grafikusm\u0171v\u00e9sz, tan\u00e1r. Elmondta, a k\u00f6r 2021 szeptember\u00e9ben indult a m\u0171vel\u0151d\u00e9si h\u00e1zban. A gyerekek alkot\u00e1s k\u00f6zben l\u00e9p\u00e9sr\u0151l-l\u00e9p\u00e9sre ismerik meg a k\u00e9pz\u0151m\u0171v\u00e9szet formanyelv\u00e9t, eszk\u00f6zk\u00e9szlet\u00e9t, m\u0171faji saj\u00e1toss\u00e1gait. A csoport tagjai: Guly\u00e1s Orsi, Konyecsni Zorka, Pojend\u00e1n Petra, P\u00f3nya S\u00e1ra, Rig\u00f3 Lilla, Szab\u00f3 R\u00e9ka \u00e9s Zolnai Anna.<\/p>\n","protected":false},"author":0,"featured_media":36431,"comment_status":"closed","ping_status":"open","sticky":false,"template":"","format":"standard","meta":{"site-sidebar-layout":"default","site-content-layout":"","ast-site-content-layout":"","site-content-style":"default","site-sidebar-style":"default","ast-global-header-display":"","ast-banner-title-visibility":"","ast-main-header-display":"","ast-hfb-above-header-display":"","ast-hfb-below-header-display":"","ast-hfb-mobile-header-display":"","site-post-title":"","ast-breadcrumbs-content":"","ast-featured-img":"","footer-sml-layout":"","theme-transparent-header-meta":"","adv-header-id-meta":"","stick-header-meta":"","header-above-stick-meta":"","header-main-stick-meta":"","header-below-stick-meta":"","astra-migrate-meta-layouts":"default","ast-page-background-enabled":"default","ast-page-background-meta":{"desktop":{"background-color":"var(--ast-global-color-4)","background-image":"","background-repeat":"repeat","background-position":"center center","background-size":"auto","background-attachment":"scroll","background-type":"","background-media":"","overlay-type":"","overlay-color":"","overlay-opacity":"","overlay-gradient":""},"tablet":{"background-color":"","background-image":"","background-repeat":"repeat","background-position":"center center","background-size":"auto","background-attachment":"scroll","background-type":"","background-media":"","overlay-type":"","overlay-color":"","overlay-opacity":"","overlay-gradient":""},"mobile":{"background-color":"","background-image":"","background-repeat":"repeat","background-position":"center center","background-size":"auto","background-attachment":"scroll","background-type":"","background-media":"","overlay-type":"","overlay-color":"","overlay-opacity":"","overlay-gradient":""}},"ast-content-background-meta":{"desktop":{"background-color":"var(--ast-global-color-5)","background-image":"","background-repeat":"repeat","background-position":"center center","background-size":"auto","background-attachment":"scroll","background-type":"","background-media":"","overlay-type":"","overlay-color":"","overlay-opacity":"","overlay-gradient":""},"tablet":{"background-color":"var(--ast-global-color-5)","background-image":"","background-repeat":"repeat","background-position":"center center","background-size":"auto","background-attachment":"scroll","background-type":"","background-media":"","overlay-type":"","overlay-color":"","overlay-opacity":"","overlay-gradient":""},"mobile":{"background-color":"var(--ast-global-color-5)","background-image":"","background-repeat":"repeat","background-position":"center center","background-size":"auto","background-attachment":"scroll","background-type":"","background-media":"","overlay-type":"","overlay-color":"","overlay-opacity":"","overlay-gradient":""}},"ngg_post_thumbnail":0,"footnotes":""},"categories":[1],"tags":[],"class_list":["post-3225","post","type-post","status-publish","format-standard","has-post-thumbnail","hentry"],"jetpack_featured_media_url":"https:\/\/muvhaz.orlaihaz.mezobereny.hu\/wp-content\/uploads\/sites\/2\/2024\/07\/OPS_0181_oh.jpg","_links":{"self":[{"href":"https:\/\/muvhaz.orlaihaz.mezobereny.hu\/index.php?rest_route=\/wp\/v2\/posts\/3225"}],"collection":[{"href":"https:\/\/muvhaz.orlaihaz.mezobereny.hu\/index.php?rest_route=\/wp\/v2\/posts"}],"about":[{"href":"https:\/\/muvhaz.orlaihaz.mezobereny.hu\/index.php?rest_route=\/wp\/v2\/types\/post"}],"replies":[{"embeddable":true,"href":"https:\/\/muvhaz.orlaihaz.mezobereny.hu\/index.php?rest_route=%2Fwp%2Fv2%2Fcomments&post=3225"}],"version-history":[{"count":2,"href":"https:\/\/muvhaz.orlaihaz.mezobereny.hu\/index.php?rest_route=\/wp\/v2\/posts\/3225\/revisions"}],"predecessor-version":[{"id":35391,"href":"https:\/\/muvhaz.orlaihaz.mezobereny.hu\/index.php?rest_route=\/wp\/v2\/posts\/3225\/revisions\/35391"}],"wp:featuredmedia":[{"embeddable":true,"href":"https:\/\/muvhaz.orlaihaz.mezobereny.hu\/index.php?rest_route=\/wp\/v2\/media\/36431"}],"wp:attachment":[{"href":"https:\/\/muvhaz.orlaihaz.mezobereny.hu\/index.php?rest_route=%2Fwp%2Fv2%2Fmedia&parent=3225"}],"wp:term":[{"taxonomy":"category","embeddable":true,"href":"https:\/\/muvhaz.orlaihaz.mezobereny.hu\/index.php?rest_route=%2Fwp%2Fv2%2Fcategories&post=3225"},{"taxonomy":"post_tag","embeddable":true,"href":"https:\/\/muvhaz.orlaihaz.mezobereny.hu\/index.php?rest_route=%2Fwp%2Fv2%2Ftags&post=3225"}],"curies":[{"name":"wp","href":"https:\/\/api.w.org\/{rel}","templated":true}]}}