{"id":3340,"date":"2023-08-17T00:00:00","date_gmt":"2023-08-16T22:00:00","guid":{"rendered":""},"modified":"2024-07-16T07:18:22","modified_gmt":"2024-07-16T05:18:22","slug":"a-muvesztelep-nyilt-napja","status":"publish","type":"post","link":"https:\/\/muvhaz.orlaihaz.mezobereny.hu\/?p=3340","title":{"rendered":"A m\u0171v\u00e9sztelep ny\u00edlt napja"},"content":{"rendered":"<p>A X. Mez\u0151ber\u00e9nyi M\u0171v\u00e9sztelep 2023. augusztus 17-\u00e9n ny\u00edlt napot tartott, a T\u00f3part Vend\u00e9gl\u0151 \u00e9s Panzi\u00f3ban ottj\u00e1rtunk idej\u00e9n K\u0151szegi \u00c1d\u00e1mn\u00e9 \u00e9lt a lehet\u0151s\u00e9ggel, \u0151 alkotott egy\u00fctt a m\u0171v\u00e9szekkel. &nbsp;A m\u0171v\u00e9sztelep z\u00e1r\u00f3ki\u00e1ll\u00edt\u00e1sa 2023. augusztus 20-\u00e1n 11 \u00f3rakor ny\u00edlik meg a v\u00e1rosh\u00e1za emeleti folyos\u00f3j\u00e1n.<\/p>\n\n\n<figure class=\"wp-block-image aligncenter size-large is-resized\"><img fetchpriority=\"high\" decoding=\"async\" width=\"683\" height=\"1024\" src=\"https:\/\/muvhaz.orlaihaz.mezobereny.hu\/wp-content\/uploads\/sites\/2\/2024\/07\/OPS_0082_oh-683x1024.jpg\" alt=\"\" class=\"wp-image-36207\" style=\"aspect-ratio:0.6669921875;width:351px;height:auto\" srcset=\"https:\/\/muvhaz.orlaihaz.mezobereny.hu\/wp-content\/uploads\/sites\/2\/2024\/07\/OPS_0082_oh-683x1024.jpg 683w, https:\/\/muvhaz.orlaihaz.mezobereny.hu\/wp-content\/uploads\/sites\/2\/2024\/07\/OPS_0082_oh-200x300.jpg 200w, https:\/\/muvhaz.orlaihaz.mezobereny.hu\/wp-content\/uploads\/sites\/2\/2024\/07\/OPS_0082_oh-768x1151.jpg 768w, https:\/\/muvhaz.orlaihaz.mezobereny.hu\/wp-content\/uploads\/sites\/2\/2024\/07\/OPS_0082_oh.jpg 990w\" sizes=\"(max-width: 683px) 100vw, 683px\" \/><\/figure>\n\n\n<p style=\"text-align: center;\"><strong><a href=\"https:\/\/muvhaz.orlaihaz.mezobereny.hu\/index.php\/nggallery\/album\/a-muvesztelep-nyilt-napja-2023-augusztus-17?page_id=7920\">Album<\/a><\/strong><\/p>","protected":false},"excerpt":{"rendered":"<p style=\"text-align: justify;\">A X. Mez\u0151ber\u00e9nyi M\u0171v\u00e9sztelep 2023. augusztus 17-\u00e9n ny\u00edlt napot tartott, a T\u00f3part Vend\u00e9gl\u0151 \u00e9s Panzi\u00f3ban ottj\u00e1rtunk idej\u00e9n K\u0151szegi \u00c1d\u00e1mn\u00e9 \u00e9lt a lehet\u0151s\u00e9ggel, \u0151 alkotott egy\u00fctt a m\u0171v\u00e9szekkel. \u00a0A m\u0171v\u00e9sztelep z\u00e1r\u00f3ki\u00e1ll\u00edt\u00e1sa 2023. augusztus 20-\u00e1n 11 \u00f3rakor ny\u00edlik meg a v\u00e1rosh\u00e1za emeleti folyos\u00f3j\u00e1n.<\/p>\n","protected":false},"author":0,"featured_media":36207,"comment_status":"closed","ping_status":"open","sticky":false,"template":"","format":"standard","meta":{"site-sidebar-layout":"default","site-content-layout":"","ast-site-content-layout":"","site-content-style":"default","site-sidebar-style":"default","ast-global-header-display":"","ast-banner-title-visibility":"","ast-main-header-display":"","ast-hfb-above-header-display":"","ast-hfb-below-header-display":"","ast-hfb-mobile-header-display":"","site-post-title":"","ast-breadcrumbs-content":"","ast-featured-img":"","footer-sml-layout":"","theme-transparent-header-meta":"","adv-header-id-meta":"","stick-header-meta":"","header-above-stick-meta":"","header-main-stick-meta":"","header-below-stick-meta":"","astra-migrate-meta-layouts":"default","ast-page-background-enabled":"default","ast-page-background-meta":{"desktop":{"background-color":"var(--ast-global-color-4)","background-image":"","background-repeat":"repeat","background-position":"center center","background-size":"auto","background-attachment":"scroll","background-type":"","background-media":"","overlay-type":"","overlay-color":"","overlay-opacity":"","overlay-gradient":""},"tablet":{"background-color":"","background-image":"","background-repeat":"repeat","background-position":"center center","background-size":"auto","background-attachment":"scroll","background-type":"","background-media":"","overlay-type":"","overlay-color":"","overlay-opacity":"","overlay-gradient":""},"mobile":{"background-color":"","background-image":"","background-repeat":"repeat","background-position":"center center","background-size":"auto","background-attachment":"scroll","background-type":"","background-media":"","overlay-type":"","overlay-color":"","overlay-opacity":"","overlay-gradient":""}},"ast-content-background-meta":{"desktop":{"background-color":"var(--ast-global-color-5)","background-image":"","background-repeat":"repeat","background-position":"center center","background-size":"auto","background-attachment":"scroll","background-type":"","background-media":"","overlay-type":"","overlay-color":"","overlay-opacity":"","overlay-gradient":""},"tablet":{"background-color":"var(--ast-global-color-5)","background-image":"","background-repeat":"repeat","background-position":"center center","background-size":"auto","background-attachment":"scroll","background-type":"","background-media":"","overlay-type":"","overlay-color":"","overlay-opacity":"","overlay-gradient":""},"mobile":{"background-color":"var(--ast-global-color-5)","background-image":"","background-repeat":"repeat","background-position":"center center","background-size":"auto","background-attachment":"scroll","background-type":"","background-media":"","overlay-type":"","overlay-color":"","overlay-opacity":"","overlay-gradient":""}},"ngg_post_thumbnail":0,"footnotes":""},"categories":[1],"tags":[],"class_list":["post-3340","post","type-post","status-publish","format-standard","has-post-thumbnail","hentry"],"jetpack_featured_media_url":"https:\/\/muvhaz.orlaihaz.mezobereny.hu\/wp-content\/uploads\/sites\/2\/2024\/07\/OPS_0082_oh.jpg","_links":{"self":[{"href":"https:\/\/muvhaz.orlaihaz.mezobereny.hu\/index.php?rest_route=\/wp\/v2\/posts\/3340"}],"collection":[{"href":"https:\/\/muvhaz.orlaihaz.mezobereny.hu\/index.php?rest_route=\/wp\/v2\/posts"}],"about":[{"href":"https:\/\/muvhaz.orlaihaz.mezobereny.hu\/index.php?rest_route=\/wp\/v2\/types\/post"}],"replies":[{"embeddable":true,"href":"https:\/\/muvhaz.orlaihaz.mezobereny.hu\/index.php?rest_route=%2Fwp%2Fv2%2Fcomments&post=3340"}],"version-history":[{"count":2,"href":"https:\/\/muvhaz.orlaihaz.mezobereny.hu\/index.php?rest_route=\/wp\/v2\/posts\/3340\/revisions"}],"predecessor-version":[{"id":36208,"href":"https:\/\/muvhaz.orlaihaz.mezobereny.hu\/index.php?rest_route=\/wp\/v2\/posts\/3340\/revisions\/36208"}],"wp:featuredmedia":[{"embeddable":true,"href":"https:\/\/muvhaz.orlaihaz.mezobereny.hu\/index.php?rest_route=\/wp\/v2\/media\/36207"}],"wp:attachment":[{"href":"https:\/\/muvhaz.orlaihaz.mezobereny.hu\/index.php?rest_route=%2Fwp%2Fv2%2Fmedia&parent=3340"}],"wp:term":[{"taxonomy":"category","embeddable":true,"href":"https:\/\/muvhaz.orlaihaz.mezobereny.hu\/index.php?rest_route=%2Fwp%2Fv2%2Fcategories&post=3340"},{"taxonomy":"post_tag","embeddable":true,"href":"https:\/\/muvhaz.orlaihaz.mezobereny.hu\/index.php?rest_route=%2Fwp%2Fv2%2Ftags&post=3340"}],"curies":[{"name":"wp","href":"https:\/\/api.w.org\/{rel}","templated":true}]}}