{"id":3341,"date":"2023-08-18T00:00:00","date_gmt":"2023-08-17T22:00:00","guid":{"rendered":""},"modified":"2024-06-24T13:24:22","modified_gmt":"2024-06-24T11:24:22","slug":"eperjesi-mari-kiallitasa-2","status":"publish","type":"post","link":"https:\/\/muvhaz.orlaihaz.mezobereny.hu\/?p=3341","title":{"rendered":"Eperjesi Mari ki\u00e1ll\u00edt\u00e1sa"},"content":{"rendered":"\n<p>A X. Mez\u0151ber\u00e9nyi M\u0171v\u00e9sztelep \u00e9s M\u0171v\u00e9szeti Fesztiv\u00e1l idej\u00e9n megtartott XXVI. Ber\u00e9nyi napok keret\u00e9ben Eperjesi Mari ki\u00e1ll\u00edt\u00e1sa ny\u00edlt meg 2023. augusztus 18-\u00e1n az Orlai h\u00e1zban.\u00a0<\/p>\n\n\n\n<figure class=\"wp-block-image aligncenter size-large is-resized\"><img fetchpriority=\"high\" decoding=\"async\" width=\"683\" height=\"1024\" src=\"https:\/\/muvhaz.orlaihaz.mezobereny.hu\/wp-content\/uploads\/sites\/2\/2024\/06\/OPS_0150_oh-683x1024.jpg\" alt=\"\" class=\"wp-image-35736\" style=\"aspect-ratio:0.6669921875;width:309px;height:auto\" srcset=\"https:\/\/muvhaz.orlaihaz.mezobereny.hu\/wp-content\/uploads\/sites\/2\/2024\/06\/OPS_0150_oh-683x1024.jpg 683w, https:\/\/muvhaz.orlaihaz.mezobereny.hu\/wp-content\/uploads\/sites\/2\/2024\/06\/OPS_0150_oh-200x300.jpg 200w, https:\/\/muvhaz.orlaihaz.mezobereny.hu\/wp-content\/uploads\/sites\/2\/2024\/06\/OPS_0150_oh-768x1151.jpg 768w, https:\/\/muvhaz.orlaihaz.mezobereny.hu\/wp-content\/uploads\/sites\/2\/2024\/06\/OPS_0150_oh.jpg 990w\" sizes=\"(max-width: 683px) 100vw, 683px\" \/><\/figure>\n\n\n<p>A ki\u00e1ll\u00edt\u00e1s vezet\u0151j\u00e9b\u0151l az alkot\u00f3r\u00f3l megtudhatjuk, hogy Mez\u0151ber\u00e9nyben \u00e9lte le \u00e9lete els\u0151, meghat\u00e1roz\u00f3 h\u00fasz \u00e9v\u00e9t. T\u00f6bb mint hatvan \u00e9ve m\u00e1r Budapesten lakik. Akt\u00edv \u00e9veimben nem jutott r\u00e1 ideje, hogy azzal foglalkozzon, amire igaz\u00e1n v\u00e1gyik. Hetven \u00e9vesen tanulta meg a fazekas mesters\u00e9get, 2013-ban a munk\u00e1i itthon is bemutatta. K\u00e9s\u0151bb, 2017-ben beiratkozott egy fest\u0151iskol\u00e1ba, az\u00f3ta t\u00f6bb ki\u00e1ll\u00edtson is r\u00e9szt vett.<\/p>\n<p>A megjelenteket K\u00f6r\u00f6si Mih\u00e1ly alpolg\u00e1rmester k\u00f6sz\u00f6nt\u00f6tte. Elmondta, az alkot\u00f3 nem el\u0151sz\u00f6r t\u00e9r haza, hogy bemutassa, mire jutott, hiszen 2013-ban is nagy sikert aratott ker\u00e1mi\u00e1ival.&nbsp;<\/p>\n<p>V\u00e1rkonyi J\u00e1nos fest\u0151m\u0171v\u00e9sz megnyit\u00f3j\u00e1ban kifejtette, Eperjesi Mari m\u00e1r az iskol\u00e1ban is kit\u0171nt k\u00e9z\u00fcgyess\u00e9g\u00e9vel, de akkor sz\u00e1rmaz\u00e1sa miatt nem tanulhatott tov\u00e1bb. V\u00e9g\u00fcl a fest\u00e9szettel 2017-ben tal\u00e1lkozott, \u00e9s elsaj\u00e1t\u00edtotta a technikai alapokat. F\u0151leg t\u00e1jk\u00e9peket \u00e9s csend\u00e9leteket fest.&nbsp;<\/p>\n<p>Eperjesi Marit a legfiatalabb unok\u00e1ja, Eperjesi \u00c1d\u00e1m is k\u00f6sz\u00f6nt\u00f6tte, azt hangs\u00falyozta, hogy minden k\u00e9pe m\u00e1s-m\u00e1s \u00e9rzelmet fejez ki.&nbsp;<\/p>\n<p>Sz\u00e9pe B\u00e1lint az alkot\u00f3nak \u00e9s a megnyit\u00f3 r\u00e9sztvev\u0151inek k\u00e9t mez\u0151f\u00f6ldi t\u00e1ncot adott el\u0151.&nbsp;<\/p>\n<p>A t\u00e1rlat megtekinthet\u0151 az int\u00e9zm\u00e9ny nyitvatart\u00e1si idej\u00e9ben 2023. szeptember 8-ig.&nbsp;<\/p>\n<p>A ki\u00e1l\u00edt\u00e1s megnyit\u00f3j\u00e1t vissza n\u00e9zhetik a <a href=\"https:\/\/www.youtube.com\/watch?v=JRN1ccWQtQU\">Youtube<\/a>-on.<\/p>\n<p style=\"text-align: center;\"><a href=\"https:\/\/muvhaz.orlaihaz.mezobereny.hu\/index.php\/nggallery\/album\/eperjesi-mari-kiallitasa-2023-augusztus-18?page_id=7926\">Gal\u00e9ria<\/a><\/p>","protected":false},"excerpt":{"rendered":"<p style=\"text-align: justify;\">A X. Mez\u0151ber\u00e9nyi M\u0171v\u00e9sztelep \u00e9s M\u0171v\u00e9szeti Fesztiv\u00e1l idej\u00e9n megtartott XXVI. Ber\u00e9nyi napok keret\u00e9ben Eperjesi Mari ki\u00e1ll\u00edt\u00e1sa ny\u00edlt meg 2023. augusztus 18-\u00e1n az Orlai h\u00e1zban.<\/p>\n","protected":false},"author":0,"featured_media":35736,"comment_status":"closed","ping_status":"open","sticky":false,"template":"","format":"standard","meta":{"site-sidebar-layout":"default","site-content-layout":"","ast-site-content-layout":"","site-content-style":"default","site-sidebar-style":"default","ast-global-header-display":"","ast-banner-title-visibility":"","ast-main-header-display":"","ast-hfb-above-header-display":"","ast-hfb-below-header-display":"","ast-hfb-mobile-header-display":"","site-post-title":"","ast-breadcrumbs-content":"","ast-featured-img":"","footer-sml-layout":"","theme-transparent-header-meta":"","adv-header-id-meta":"","stick-header-meta":"","header-above-stick-meta":"","header-main-stick-meta":"","header-below-stick-meta":"","astra-migrate-meta-layouts":"default","ast-page-background-enabled":"default","ast-page-background-meta":{"desktop":{"background-color":"var(--ast-global-color-4)","background-image":"","background-repeat":"repeat","background-position":"center center","background-size":"auto","background-attachment":"scroll","background-type":"","background-media":"","overlay-type":"","overlay-color":"","overlay-opacity":"","overlay-gradient":""},"tablet":{"background-color":"","background-image":"","background-repeat":"repeat","background-position":"center center","background-size":"auto","background-attachment":"scroll","background-type":"","background-media":"","overlay-type":"","overlay-color":"","overlay-opacity":"","overlay-gradient":""},"mobile":{"background-color":"","background-image":"","background-repeat":"repeat","background-position":"center center","background-size":"auto","background-attachment":"scroll","background-type":"","background-media":"","overlay-type":"","overlay-color":"","overlay-opacity":"","overlay-gradient":""}},"ast-content-background-meta":{"desktop":{"background-color":"var(--ast-global-color-5)","background-image":"","background-repeat":"repeat","background-position":"center center","background-size":"auto","background-attachment":"scroll","background-type":"","background-media":"","overlay-type":"","overlay-color":"","overlay-opacity":"","overlay-gradient":""},"tablet":{"background-color":"var(--ast-global-color-5)","background-image":"","background-repeat":"repeat","background-position":"center center","background-size":"auto","background-attachment":"scroll","background-type":"","background-media":"","overlay-type":"","overlay-color":"","overlay-opacity":"","overlay-gradient":""},"mobile":{"background-color":"var(--ast-global-color-5)","background-image":"","background-repeat":"repeat","background-position":"center center","background-size":"auto","background-attachment":"scroll","background-type":"","background-media":"","overlay-type":"","overlay-color":"","overlay-opacity":"","overlay-gradient":""}},"ngg_post_thumbnail":0,"footnotes":""},"categories":[1],"tags":[],"class_list":["post-3341","post","type-post","status-publish","format-standard","has-post-thumbnail","hentry"],"jetpack_featured_media_url":"https:\/\/muvhaz.orlaihaz.mezobereny.hu\/wp-content\/uploads\/sites\/2\/2024\/06\/OPS_0150_oh.jpg","_links":{"self":[{"href":"https:\/\/muvhaz.orlaihaz.mezobereny.hu\/index.php?rest_route=\/wp\/v2\/posts\/3341"}],"collection":[{"href":"https:\/\/muvhaz.orlaihaz.mezobereny.hu\/index.php?rest_route=\/wp\/v2\/posts"}],"about":[{"href":"https:\/\/muvhaz.orlaihaz.mezobereny.hu\/index.php?rest_route=\/wp\/v2\/types\/post"}],"replies":[{"embeddable":true,"href":"https:\/\/muvhaz.orlaihaz.mezobereny.hu\/index.php?rest_route=%2Fwp%2Fv2%2Fcomments&post=3341"}],"version-history":[{"count":1,"href":"https:\/\/muvhaz.orlaihaz.mezobereny.hu\/index.php?rest_route=\/wp\/v2\/posts\/3341\/revisions"}],"predecessor-version":[{"id":35737,"href":"https:\/\/muvhaz.orlaihaz.mezobereny.hu\/index.php?rest_route=\/wp\/v2\/posts\/3341\/revisions\/35737"}],"wp:featuredmedia":[{"embeddable":true,"href":"https:\/\/muvhaz.orlaihaz.mezobereny.hu\/index.php?rest_route=\/wp\/v2\/media\/35736"}],"wp:attachment":[{"href":"https:\/\/muvhaz.orlaihaz.mezobereny.hu\/index.php?rest_route=%2Fwp%2Fv2%2Fmedia&parent=3341"}],"wp:term":[{"taxonomy":"category","embeddable":true,"href":"https:\/\/muvhaz.orlaihaz.mezobereny.hu\/index.php?rest_route=%2Fwp%2Fv2%2Fcategories&post=3341"},{"taxonomy":"post_tag","embeddable":true,"href":"https:\/\/muvhaz.orlaihaz.mezobereny.hu\/index.php?rest_route=%2Fwp%2Fv2%2Ftags&post=3341"}],"curies":[{"name":"wp","href":"https:\/\/api.w.org\/{rel}","templated":true}]}}