{"id":3375,"date":"2023-09-16T00:00:00","date_gmt":"2023-09-15T22:00:00","guid":{"rendered":""},"modified":"2024-07-16T08:43:33","modified_gmt":"2024-07-16T06:43:33","slug":"xii-mezoberenyi-toltott-kaposzta-fesztival-2","status":"publish","type":"post","link":"https:\/\/muvhaz.orlaihaz.mezobereny.hu\/?p=3375","title":{"rendered":"XII. Mez\u0151ber\u00e9nyi T\u00f6lt\u00f6tt K\u00e1poszta Fesztiv\u00e1l"},"content":{"rendered":"<p style=\"text-align: justify;\">A megnyit\u00f3 ut\u00e1n kihirdett\u00e9k \u201dA legszebb konyhakertek\u201d verseny eredm\u00e9ny\u00e9t. Az okleveleket a zs\u0171ri tagjai: D\u00e9v\u00e9nyi Csilla eln\u00f6k, illetve Hern\u00e1di Mih\u00e1ly \u00e9s Magyar P\u00e1l adta \u00e1t. A mini kateg\u00f3ri\u00e1ban az els\u0151 helyen Kerekes J\u00f3zsefn\u00e9, a m\u00e1sodik helyen Szeles K\u00e1rolyn\u00e9 v\u00e9gzett, harmadik lett Mal\u00e9th Katalin. A d\u00edszkertek kateg\u00f3ri\u00e1j\u00e1ban Bokorn\u00e9 Varga Katalin gy\u0151z\u00f6tt Petneh\u00e1zin\u00e9 Sz\u0171cs Katalin \u00e9s B\u00edr\u00f3 S\u00e1ndorn\u00e9 el\u0151tt. A hagyom\u00e1nyos paraszti kertet m\u0171vel\u0151k k\u00f6z\u00f6tt a zs\u0171ri Plavecz J\u00f3zsef P\u00e1l kertj\u00e9t tal\u00e1lta a legszebbnek, Hegyesin\u00e9 Barna Katalin a m\u00e1sodik, Szab\u00f3 Gyula a harmadik helyen v\u00e9gzett. A k\u00f6z\u00f6ss\u00e9gi kertek kateg\u00f3ri\u00e1j\u00e1ban a v\u00e1rosi b\u00f6lcs\u0151de v\u00e9gzett az els\u0151 helyen, a M\u00e9cses Egyes\u00fclet \u00e9s a Mez\u0151ber\u00e9nyi Talentum Reform\u00e1tus \u00d3voda el\u0151tt.<\/p>\n<p style=\"text-align: justify;\">Eb\u00e9dig a Berecske T\u00e1nccsoport, a Kis-Ber\u00e9nyke T\u00e1ncegy\u00fcttes \u00e9s a Ber\u00e9ny T\u00e1ncegy\u00fcttes sz\u00f3rakoztatta a k\u00f6z\u00f6ns\u00e9get, a talpal\u00e1val\u00f3t a Ludas Zenekar h\u00fazta. D\u00e9lben a Sebesty\u00e9n Du\u00f3 &#8222;J\u00f3 eb\u00e9dhez sz\u00f3l a n\u00f3ta&#8221; c\u00edm\u0171 m\u0171sora sz\u00f3lt.<\/p>\n<p style=\"text-align: justify;\">A fesztiv\u00e1lon k\u00e9t h\u00e1romtag\u00fa zs\u0171ri dolgozott. B\u00e1lint Anna, Papp Zolt\u00e1n \u00e9s Sch\u00e4fer Anetta f\u0151z\u0151helyek dekor\u00e1ci\u00f3j\u00e1t szeml\u00e9lte meg, B\u00e1rdi Mih\u00e1ly, T\u00e1nczos Imre \u00e9s Urbancsek Zolt\u00e1n a t\u00f6lt\u00f6tt k\u00e1poszt\u00e1kat vizsg\u00e1lta meg.<\/p>\n<p style=\"text-align: justify;\">Eb\u00e9d ut\u00e1n Bodrogk\u00f6zy Rita zen\u00e9s m\u0171sor\u00e1val sz\u00f3rakoztatta a gyerekeket.<\/p>\n<p style=\"text-align: justify;\">A m\u0171sor k\u00e9t helysz\u00ednen folytat\u00f3dott. Az egyiken a gyerekek a Kacag\u00f3 B\u00e1bsz\u00ednh\u00e1z \u201eMadzag Jank\u00f3 \u00e9s Ny\u00fal Dani\u201d c\u00edm\u0171 el\u0151ad\u00e1s\u00e1t l\u00e1thatt\u00e1k, a sz\u00ednpad el\u0151tt pedig a szlov\u00e1k nemzetis\u00e9g a 300 \u00e9vvel ezel\u0151tti meg\u00e9rkez\u00e9s\u00e9re eml\u00e9kezett. Hollern\u00e9 Racsk\u00f3 Erzs\u00e9bet, az Orsz\u00e1gos Szlov\u00e1k \u00d6nkorm\u00e1nyzat eln\u00f6ke besz\u00e9d\u00e9ben k\u00e9t \u00e9vfordul\u00f3r\u00f3l eml\u00e9kezett meg, hangs\u00falyozta, az a 300 \u00e9v, amit a szlov\u00e1kok a n\u00e9metekkel \u00e9s magyarokkal egy\u00fctt t\u00f6lt\u00f6ttek, sok \u00f6r\u00f6mre adott okot. Sz\u00f3lt arr\u00f3l is, hogy az Orsz\u00e1ggy\u0171l\u00e9s 30 \u00e9vvel ezel\u0151tt fogadta el a nemzetis\u00e9gi t\u00f6rv\u00e9nyt, ez tette lehet\u0151v\u00e9 a nemzetis\u00e9gi \u00f6nkorm\u00e1nyzatok megalakul\u00e1s\u00e1t. Hollern\u00e9 Racsk\u00f3 Erzs\u00e9bet \u00edg\u00e9retet tett arra, hogy seg\u00edtik a ber\u00e9nyieket abban, hogy meg\u0151rizz\u00e9k nyelv\u00fcket \u00e9s tartalommal t\u00f6lts\u00e9k meg t\u00e1jh\u00e1z \u00e9let\u00e9t.<\/p>\n<p style=\"text-align: justify;\">Az esem\u00e9nyre Egyh\u00e1zasdengeleng, Vanyarc \u00e9s Leg\u00e9nd is elk\u00fcldte k\u00e9pvisel\u0151it, h\u00e1rom \u00e9vsz\u00e1zaddal ezel\u0151tt t\u00f6bbek k\u00f6z\u00f6tt ezekr\u0151l a telep\u00fcl\u00e9sekr\u0151l \u00e9rkeztek Ber\u00e9nybe a szlov\u00e1kok. A megeml\u00e9kez\u00e9sen jelent volt dr. Egyedn\u00e9 Bar\u00e1nek Ruzsenka, a Magyarorsz\u00e1gi Szlov\u00e1kok Sz\u00f6vets\u00e9g\u00e9nek eln\u00f6ke is.<\/p>\n<p style=\"text-align: justify;\">Kiszely Andr\u00e1s, a B\u00e9k\u00e9scsabai Szlov\u00e1k \u00d6nkorm\u00e1nyzat eln\u00f6ke h\u00e1rom t\u00e1rs\u00e1val a szlov\u00e1kok leteleped\u00e9si szerz\u0151d\u00e9se tartalm\u00e1t id\u00e9zte fel.&nbsp;&nbsp; &nbsp;&nbsp;&nbsp;&nbsp;&nbsp;<\/p>\n<p style=\"text-align: justify;\">A dekor\u00e1ci\u00f3s, illetve a f\u0151z\u0151verseny d\u00edjait a zs\u0171ri k\u00e9t tagja, Urbancsek Zolt\u00e1n \u00e9s B\u00e1rdi Mih\u00e1ly adta \u00e1t. Urbancsek Zolt\u00e1n hangs\u00falyozta a 31 csapat 32 \u00e9tel\u00e9b\u0151l neh\u00e9z volt a legjobb h\u00e1rmat kiv\u00e1lasztaniuk. A dekor\u00e1ci\u00f3s versenyt a Csillag\u00f6sv\u00e9ny Panzi\u00f3 nyerte, m\u00e1sodik lett a Szlov\u00e1k Nemzetis\u00e9gi \u00d6nkorm\u00e1nyzat, harmadik helyen az Alf\u00f6ld Turista Egyes\u00fclet v\u00e9gzett. K\u00fcl\u00f6nd\u00edjat \u00e9rdemelt ki a \u201eNyald meg a kanalam\u201d csapata.<\/p>\n<p style=\"text-align: justify;\">A f\u0151z\u0151versenyben a N\u00e9met Nemzetis\u00e9gi \u00d6nkorm\u00e1nyzat v\u00e9gzett az \u00e9len, a Szlov\u00e1k Nemzetis\u00e9gi \u00d6nkorm\u00e1nyzat \u00e9s a polg\u00e1rmesteri hivatal el\u0151tt. Ebben a kateg\u00f3ri\u00e1ban a \u201eNagycsal\u00e1dos ifik\u201d csapata kapott k\u00fcl\u00f6nd\u00edjat.<\/p>\n<p style=\"text-align: justify;\">A \u201eNyald meg a kanalam\u201d csapata kihirdette a k\u00e1poszta olimpia eredm\u00e9ny\u00e9t. A verseng\u00e9s n\u00e9gy kateg\u00f3ri\u00e1ban zajlott: darts, s\u00f6rpong, leng\u0151teke \u00e9s k\u00e1posztadob\u00e1s. A k\u00f6zel nyolcvan nevez\u0151 k\u00f6z\u00fcl N\u00e9meth Filip nyert Mez\u0151 L\u00e1szl\u00f3 \u00e9s V\u00e1rhalmi M\u00e1t\u00e9 el\u0151tt.<\/p>\n<p style=\"text-align: justify;\">A programot Mez\u0151ber\u00e9ny kedvenc rockzenekara, a Silent folytatta.<\/p>\n<p style=\"text-align: justify;\">A 18 \u00e9ven fel\u00fclieknek 17 \u00f3r\u00e1t\u00f3l k\u00fcl\u00f6n s\u00f6rpong versenyt rendeztek, ut\u00e1n a Rockabilly Rulez Zenekar klasszikus rockabilly sz\u00e1mokkal cs\u00e1b\u00edtotta t\u00e1ncra a liget k\u00f6z\u00f6ns\u00e9g\u00e9t. &nbsp;A XII. Mez\u0151ber\u00e9nyi T\u00f6lt\u00f6tt K\u00e1poszta Fesztiv\u00e1l programja DJ YUUP retro partyj\u00e1val z\u00e1rult.&nbsp;<\/p>\n<p style=\"text-align: justify;\">Az esem\u00e9nyt vissza n\u00e9zhetik <a href=\"https:\/\/www.youtube.com\/watch?v=m7gPE8qQoww\">itt<\/a>.<\/p>\n\n\nngg_shortcode_0_placeholder\n","protected":false},"excerpt":{"rendered":"<p style=\"text-align: justify;\">A XII. Mez\u0151ber\u00e9nyi T\u00f6lt\u00f6tt K\u00e1poszta Fesztiv\u00e1l megnyit\u00f3j\u00e1n 2023. szeptember 16-\u00e1n a v\u00e1rosi ligetben Sikl\u00f3si Istv\u00e1n polg\u00e1rmester megk\u00f6sz\u00f6nte a Bar\u00e1ti Egylet Mez\u0151ber\u00e9ny\u00e9rt Egyes\u00fcletnek, hogy annak idej\u00e9n elind\u00edtotta a rendezv\u00e9nyt \u00e9s eddig fenntartotta, majd \u00e1tadta az \u00f6nkorm\u00e1nyzatnak a rendez\u00e9s jog\u00e1t, v\u00e9g\u00fcl azt az \u00f6nkorm\u00e1nyzat \u00e1truh\u00e1zta az Orlai h\u00e1zra. A polg\u00e1rmester megfogalmazta, itt mindenki j\u00f3l \u00e9rezheti mag\u00e1t.<\/p>\n","protected":false},"author":0,"featured_media":36204,"comment_status":"closed","ping_status":"open","sticky":false,"template":"","format":"standard","meta":{"site-sidebar-layout":"default","site-content-layout":"","ast-site-content-layout":"","site-content-style":"default","site-sidebar-style":"default","ast-global-header-display":"","ast-banner-title-visibility":"","ast-main-header-display":"","ast-hfb-above-header-display":"","ast-hfb-below-header-display":"","ast-hfb-mobile-header-display":"","site-post-title":"","ast-breadcrumbs-content":"","ast-featured-img":"","footer-sml-layout":"","theme-transparent-header-meta":"","adv-header-id-meta":"","stick-header-meta":"","header-above-stick-meta":"","header-main-stick-meta":"","header-below-stick-meta":"","astra-migrate-meta-layouts":"default","ast-page-background-enabled":"default","ast-page-background-meta":{"desktop":{"background-color":"var(--ast-global-color-4)","background-image":"","background-repeat":"repeat","background-position":"center center","background-size":"auto","background-attachment":"scroll","background-type":"","background-media":"","overlay-type":"","overlay-color":"","overlay-opacity":"","overlay-gradient":""},"tablet":{"background-color":"","background-image":"","background-repeat":"repeat","background-position":"center center","background-size":"auto","background-attachment":"scroll","background-type":"","background-media":"","overlay-type":"","overlay-color":"","overlay-opacity":"","overlay-gradient":""},"mobile":{"background-color":"","background-image":"","background-repeat":"repeat","background-position":"center center","background-size":"auto","background-attachment":"scroll","background-type":"","background-media":"","overlay-type":"","overlay-color":"","overlay-opacity":"","overlay-gradient":""}},"ast-content-background-meta":{"desktop":{"background-color":"var(--ast-global-color-5)","background-image":"","background-repeat":"repeat","background-position":"center center","background-size":"auto","background-attachment":"scroll","background-type":"","background-media":"","overlay-type":"","overlay-color":"","overlay-opacity":"","overlay-gradient":""},"tablet":{"background-color":"var(--ast-global-color-5)","background-image":"","background-repeat":"repeat","background-position":"center center","background-size":"auto","background-attachment":"scroll","background-type":"","background-media":"","overlay-type":"","overlay-color":"","overlay-opacity":"","overlay-gradient":""},"mobile":{"background-color":"var(--ast-global-color-5)","background-image":"","background-repeat":"repeat","background-position":"center center","background-size":"auto","background-attachment":"scroll","background-type":"","background-media":"","overlay-type":"","overlay-color":"","overlay-opacity":"","overlay-gradient":""}},"ngg_post_thumbnail":0,"footnotes":""},"categories":[1],"tags":[],"class_list":["post-3375","post","type-post","status-publish","format-standard","has-post-thumbnail","hentry"],"jetpack_featured_media_url":"https:\/\/muvhaz.orlaihaz.mezobereny.hu\/wp-content\/uploads\/sites\/2\/2024\/07\/download.jfif","_links":{"self":[{"href":"https:\/\/muvhaz.orlaihaz.mezobereny.hu\/index.php?rest_route=\/wp\/v2\/posts\/3375"}],"collection":[{"href":"https:\/\/muvhaz.orlaihaz.mezobereny.hu\/index.php?rest_route=\/wp\/v2\/posts"}],"about":[{"href":"https:\/\/muvhaz.orlaihaz.mezobereny.hu\/index.php?rest_route=\/wp\/v2\/types\/post"}],"replies":[{"embeddable":true,"href":"https:\/\/muvhaz.orlaihaz.mezobereny.hu\/index.php?rest_route=%2Fwp%2Fv2%2Fcomments&post=3375"}],"version-history":[{"count":1,"href":"https:\/\/muvhaz.orlaihaz.mezobereny.hu\/index.php?rest_route=\/wp\/v2\/posts\/3375\/revisions"}],"predecessor-version":[{"id":36285,"href":"https:\/\/muvhaz.orlaihaz.mezobereny.hu\/index.php?rest_route=\/wp\/v2\/posts\/3375\/revisions\/36285"}],"wp:featuredmedia":[{"embeddable":true,"href":"https:\/\/muvhaz.orlaihaz.mezobereny.hu\/index.php?rest_route=\/wp\/v2\/media\/36204"}],"wp:attachment":[{"href":"https:\/\/muvhaz.orlaihaz.mezobereny.hu\/index.php?rest_route=%2Fwp%2Fv2%2Fmedia&parent=3375"}],"wp:term":[{"taxonomy":"category","embeddable":true,"href":"https:\/\/muvhaz.orlaihaz.mezobereny.hu\/index.php?rest_route=%2Fwp%2Fv2%2Fcategories&post=3375"},{"taxonomy":"post_tag","embeddable":true,"href":"https:\/\/muvhaz.orlaihaz.mezobereny.hu\/index.php?rest_route=%2Fwp%2Fv2%2Ftags&post=3375"}],"curies":[{"name":"wp","href":"https:\/\/api.w.org\/{rel}","templated":true}]}}