{"id":3388,"date":"2023-09-29T00:00:00","date_gmt":"2023-09-28T22:00:00","guid":{"rendered":""},"modified":"2024-07-16T09:49:32","modified_gmt":"2024-07-16T07:49:32","slug":"kulturalis-oroksegunk-az-ertektarban","status":"publish","type":"post","link":"https:\/\/muvhaz.orlaihaz.mezobereny.hu\/?p=3388","title":{"rendered":"Kultur\u00e1lis \u00f6r\u00f6ks\u00e9g\u00fcnk az \u00e9rt\u00e9kt\u00e1rban"},"content":{"rendered":"<p style=\"text-align: justify;\">K\u00f6r\u00f6si Mih\u00e1ly alpolg\u00e1rmester, az \u00e9rt\u00e9kt\u00e1r bizotts\u00e1g eln\u00f6ke k\u00f6sz\u00f6nt\u0151j\u00e9ben elmondta, Bart\u00f3ki J\u00f3zsef fest\u0151m\u0171v\u00e9sznek j\u00f6v\u0151re kett\u0151s \u00e9vfordul\u00f3ja lesz, sz\u00fclet\u00e9se 95., illetve hal\u00e1la 15. \u00e9vfordul\u00f3ja. Err\u0151l az alkalomr\u00f3l a bizotts\u00e1g ki\u00e1ll\u00edt\u00e1ssal k\u00edv\u00e1n megeml\u00e9kezni. K\u00e9rte, akinek tulajdon\u00e1ban van Bart\u00f3ki-k\u00e9p, aj\u00e1nlja fel a ki\u00e1ll\u00edt\u00e1sra. K\u00f6r\u00f6si Mih\u00e1ly a m\u0171v\u00e9sztan\u00e1r h\u00e1rom festm\u00e9ny\u00e9t hozta el erre a c\u00e9lra.<\/p>\n<p style=\"text-align: justify;\">Herczeg L\u00e1szl\u00f3 csal\u00e1dkutat\u00f3 a h\u00e1rom nemzetis\u00e9g egy\u00fctt\u00e9l\u00e9s\u00e9r\u0151l sz\u00f3lt. Hangs\u00falyozta, b\u00e1r a k\u00f6ztudatban \u00fagy \u00e9l, hogy a szlov\u00e1kok, a n\u00e9metek \u00e9s a magyarok sok\u00e1ig elk\u00fcl\u00f6n\u00fclten \u00e9ltek, m\u00e1r Skorka Andr\u00e1s evang\u00e9likus lelk\u00e9sz \u00edrt a h\u00e1rom n\u00e1ci\u00f3 b\u00e9k\u00e9s egy\u00fctt\u00e9l\u00e9s\u00e9r\u0151l. Ezt t\u00e1masztj\u00e1k al\u00e1 a csal\u00e1di kapcsolatok is, m\u00e1r 1807-ben k\u00f6t\u00f6ttek n\u00e9metek \u00e9s szlov\u00e1kok h\u00e1zass\u00e1got.&nbsp; &nbsp;<\/p>\n\n\n<figure class=\"wp-block-image aligncenter size-large is-resized\"><img fetchpriority=\"high\" decoding=\"async\" width=\"1024\" height=\"683\" src=\"https:\/\/muvhaz.orlaihaz.mezobereny.hu\/wp-content\/uploads\/sites\/2\/2024\/07\/OPS_0007_oh-1024x683.jpg\" alt=\"\" class=\"wp-image-36330\" style=\"aspect-ratio:1.499267935578331;width:613px;height:auto\" srcset=\"https:\/\/muvhaz.orlaihaz.mezobereny.hu\/wp-content\/uploads\/sites\/2\/2024\/07\/OPS_0007_oh-1024x683.jpg 1024w, https:\/\/muvhaz.orlaihaz.mezobereny.hu\/wp-content\/uploads\/sites\/2\/2024\/07\/OPS_0007_oh-300x200.jpg 300w, https:\/\/muvhaz.orlaihaz.mezobereny.hu\/wp-content\/uploads\/sites\/2\/2024\/07\/OPS_0007_oh-768x512.jpg 768w, https:\/\/muvhaz.orlaihaz.mezobereny.hu\/wp-content\/uploads\/sites\/2\/2024\/07\/OPS_0007_oh.jpg 1484w\" sizes=\"(max-width: 1024px) 100vw, 1024px\" \/><\/figure>\n\n\n<p style=\"text-align: justify;\">Debreczeni G\u00e1bor, az \u00d6nk\u00e9ntes T\u0171zolt\u00f3 Egyes\u00fclet, Mez\u0151ber\u00e9ny eln\u00f6ke a szervezet t\u00f6rt\u00e9net\u00e9t id\u00e9zte f\u00f6l. Kifejtette, az egyes\u00fcletet 1893-ban alap\u00edtotta meg Horv\u00e1th J\u00e1nos postamester, ennek 130. \u00e9vfordul\u00f3j\u00e1r\u00f3l ez \u00e9v augusztus\u00e1ban eml\u00e9keztek meg. A szervezet egy 1989-es IFA \u00e9s egy 1971-es Mercedes t\u0171zolt\u00f3 kocsival rendelkezik, ez ut\u00f3bbi harminc m\u00e9teres t\u0171zolt\u00f3 l\u00e9tr\u00e1val felszerelt. Mindk\u00e9t j\u00e1rm\u0171 kifog\u00e1stalan \u00e1llapotban van. Az egyes\u00fclet els\u0151sorban t\u0171zolt\u00e1ssal \u00e9s m\u0171szaki ment\u00e9ssel foglalkozik, ezek mellett tartanak szakmai bemutat\u00f3kat, rendezv\u00e9nyeket biztos\u00edtanak \u00e9s egy\u00e9b seg\u00edts\u00e9gny\u00fajt\u00e1st is v\u00e1llalnak.<\/p>\n<p style=\"text-align: justify;\">Benyovszki Mih\u00e1ly k\u00e9peslapgy\u0171jt\u0151 kollekci\u00f3ja kialakul\u00e1s\u00e1r\u00f3l besz\u00e9lt. Elmondta, ezt a tev\u00e9kenys\u00e9get huszonegyneh\u00e1ny \u00e9vvel ezel\u0151tt kezdte, a legt\u00f6bb mez\u0151ber\u00e9nyi k\u00e9peslapra az interneten: a Vater\u00e1n \u00e9s a J\u00f3fog\u00e1son bukkant. Benyovszki Mih\u00e1ly gy\u0171jtem\u00e9nye t\u00f6bb darabj\u00e1t kivet\u00edtette, a jelenl\u00e9v\u0151k nagy \u00e9rdekl\u0151d\u00e9ssel figyelt\u00e9k a v\u00e1ros r\u00e9gi utc\u00e1it, tereit, nevezetes \u00e9p\u00fcleteit. Ez alkalomb\u00f3l a kollekci\u00f3 egy r\u00e9sz\u00e9b\u0151l ki\u00e1ll\u00edt\u00e1s ny\u00edlt, ez okt\u00f3ber 15-ig tekinthet\u0151 meg a muze\u00e1lis gy\u0171jtem\u00e9nyben.&nbsp;&nbsp;&nbsp;&nbsp;<\/p>","protected":false},"excerpt":{"rendered":"<p style=\"text-align: justify;\">Mez\u0151ber\u00e9ny \u00fajratelep\u00fcl\u00e9s\u00e9nek 300. \u00e9s a telep\u00fcl\u00e9si \u00e9rt\u00e9kt\u00e1r l\u00e9trej\u00f6tte 10. \u00e9vfordul\u00f3ja alkalm\u00e1b\u00f3l, a \u201eM\u00fazeumi est\u00e9k\u201d rendezv\u00e9nysorozat keret\u00e9ben 2023. szeptember 28-\u00e1n a muze\u00e1lis gy\u0171jtem\u00e9nyben n\u00e9h\u00e1ny, a telep\u00fcl\u00e9si \u00e9rt\u00e9kt\u00e1rba beker\u00fclt kultur\u00e1lis \u00e9rt\u00e9k\u00fcnkr\u0151l hallhattunk el\u0151ad\u00e1st.<\/p>\n","protected":false},"author":0,"featured_media":36330,"comment_status":"closed","ping_status":"open","sticky":false,"template":"","format":"standard","meta":{"site-sidebar-layout":"default","site-content-layout":"","ast-site-content-layout":"","site-content-style":"default","site-sidebar-style":"default","ast-global-header-display":"","ast-banner-title-visibility":"","ast-main-header-display":"","ast-hfb-above-header-display":"","ast-hfb-below-header-display":"","ast-hfb-mobile-header-display":"","site-post-title":"","ast-breadcrumbs-content":"","ast-featured-img":"","footer-sml-layout":"","theme-transparent-header-meta":"","adv-header-id-meta":"","stick-header-meta":"","header-above-stick-meta":"","header-main-stick-meta":"","header-below-stick-meta":"","astra-migrate-meta-layouts":"default","ast-page-background-enabled":"default","ast-page-background-meta":{"desktop":{"background-color":"var(--ast-global-color-4)","background-image":"","background-repeat":"repeat","background-position":"center center","background-size":"auto","background-attachment":"scroll","background-type":"","background-media":"","overlay-type":"","overlay-color":"","overlay-opacity":"","overlay-gradient":""},"tablet":{"background-color":"","background-image":"","background-repeat":"repeat","background-position":"center center","background-size":"auto","background-attachment":"scroll","background-type":"","background-media":"","overlay-type":"","overlay-color":"","overlay-opacity":"","overlay-gradient":""},"mobile":{"background-color":"","background-image":"","background-repeat":"repeat","background-position":"center center","background-size":"auto","background-attachment":"scroll","background-type":"","background-media":"","overlay-type":"","overlay-color":"","overlay-opacity":"","overlay-gradient":""}},"ast-content-background-meta":{"desktop":{"background-color":"var(--ast-global-color-5)","background-image":"","background-repeat":"repeat","background-position":"center center","background-size":"auto","background-attachment":"scroll","background-type":"","background-media":"","overlay-type":"","overlay-color":"","overlay-opacity":"","overlay-gradient":""},"tablet":{"background-color":"var(--ast-global-color-5)","background-image":"","background-repeat":"repeat","background-position":"center center","background-size":"auto","background-attachment":"scroll","background-type":"","background-media":"","overlay-type":"","overlay-color":"","overlay-opacity":"","overlay-gradient":""},"mobile":{"background-color":"var(--ast-global-color-5)","background-image":"","background-repeat":"repeat","background-position":"center center","background-size":"auto","background-attachment":"scroll","background-type":"","background-media":"","overlay-type":"","overlay-color":"","overlay-opacity":"","overlay-gradient":""}},"ngg_post_thumbnail":0,"footnotes":""},"categories":[1],"tags":[],"class_list":["post-3388","post","type-post","status-publish","format-standard","has-post-thumbnail","hentry"],"jetpack_featured_media_url":"https:\/\/muvhaz.orlaihaz.mezobereny.hu\/wp-content\/uploads\/sites\/2\/2024\/07\/OPS_0007_oh.jpg","_links":{"self":[{"href":"https:\/\/muvhaz.orlaihaz.mezobereny.hu\/index.php?rest_route=\/wp\/v2\/posts\/3388"}],"collection":[{"href":"https:\/\/muvhaz.orlaihaz.mezobereny.hu\/index.php?rest_route=\/wp\/v2\/posts"}],"about":[{"href":"https:\/\/muvhaz.orlaihaz.mezobereny.hu\/index.php?rest_route=\/wp\/v2\/types\/post"}],"replies":[{"embeddable":true,"href":"https:\/\/muvhaz.orlaihaz.mezobereny.hu\/index.php?rest_route=%2Fwp%2Fv2%2Fcomments&post=3388"}],"version-history":[{"count":2,"href":"https:\/\/muvhaz.orlaihaz.mezobereny.hu\/index.php?rest_route=\/wp\/v2\/posts\/3388\/revisions"}],"predecessor-version":[{"id":36332,"href":"https:\/\/muvhaz.orlaihaz.mezobereny.hu\/index.php?rest_route=\/wp\/v2\/posts\/3388\/revisions\/36332"}],"wp:featuredmedia":[{"embeddable":true,"href":"https:\/\/muvhaz.orlaihaz.mezobereny.hu\/index.php?rest_route=\/wp\/v2\/media\/36330"}],"wp:attachment":[{"href":"https:\/\/muvhaz.orlaihaz.mezobereny.hu\/index.php?rest_route=%2Fwp%2Fv2%2Fmedia&parent=3388"}],"wp:term":[{"taxonomy":"category","embeddable":true,"href":"https:\/\/muvhaz.orlaihaz.mezobereny.hu\/index.php?rest_route=%2Fwp%2Fv2%2Fcategories&post=3388"},{"taxonomy":"post_tag","embeddable":true,"href":"https:\/\/muvhaz.orlaihaz.mezobereny.hu\/index.php?rest_route=%2Fwp%2Fv2%2Ftags&post=3388"}],"curies":[{"name":"wp","href":"https:\/\/api.w.org\/{rel}","templated":true}]}}