{"id":3409,"date":"2023-10-04T00:00:00","date_gmt":"2023-10-03T22:00:00","guid":{"rendered":""},"modified":"2024-07-16T10:26:02","modified_gmt":"2024-07-16T08:26:02","slug":"lampaval-a-lelek-barlangjaban","status":"publish","type":"post","link":"https:\/\/muvhaz.orlaihaz.mezobereny.hu\/?p=3409","title":{"rendered":"L\u00e1mp\u00e1val a l\u00e9lek barlangj\u00e1ban"},"content":{"rendered":"<p style=\"text-align: justify;\">A k\u00e9rd\u00e9sekre v\u00e1laszolva Sipos Attila Andr\u00e1s elmondta, 21 \u00e9ves egy\u00e9ni v\u00e1llalkoz\u00f3 \u00e9s V\u00e9szt\u0151n \u00e9l, k\u00f6z\u00e9piskol\u00e1s kor\u00e1ban \u00f6t \u00e9vet t\u00f6lt\u00f6tt &nbsp;Mez\u0151ber\u00e9nyben. M\u00e9g t\u00edz \u00e9ves sem volt, amikor elvesz\u00edtette nagyapj\u00e1t, az \u0151 hi\u00e1nya \u00e1trendezte a vil\u00e1gr\u00f3l alkotott k\u00e9p\u00e9t, \u00e9s akkor kezdett el verset \u00edrni. Az alkot\u00e1s seg\u00edt neki az \u00f6nismeretben, \u00e9s rem\u00e9li, ezt olvas\u00f3i is \u00edgy tapasztalj\u00e1k. Hangs\u00falyozta, kell\u0151 \u00e9rzelmi alap n\u00e9lk\u00fcl nem lehet j\u00f3 verset \u00edrni, az em\u00f3ci\u00f3k fontoss\u00e1g\u00e1t j\u00f3l jelzi, ha a l\u00e9lekben elromlik valami, az el\u0151bb-ut\u00f3bb a testben is megmutatkozik. Az\u00e9rt \u00edr verset, mert ezt tartja a m\u0171v\u00e9szetek legmagasabb fok\u00e1nak. Olvas\u00f3k\u00e9nt Pet\u0151fi, J\u00f3zsef Attila \u00e9s Dsida Jen\u0151 k\u00f6ltem\u00e9nyeit szereti.<\/p>\n\n\n<figure class=\"wp-block-image aligncenter size-large is-resized\"><img fetchpriority=\"high\" decoding=\"async\" width=\"1024\" height=\"683\" src=\"https:\/\/muvhaz.orlaihaz.mezobereny.hu\/wp-content\/uploads\/sites\/2\/2024\/07\/OPS_0014_oh-1024x683.jpg\" alt=\"\" class=\"wp-image-36347\" style=\"aspect-ratio:1.499267935578331;width:865px;height:auto\" srcset=\"https:\/\/muvhaz.orlaihaz.mezobereny.hu\/wp-content\/uploads\/sites\/2\/2024\/07\/OPS_0014_oh-1024x683.jpg 1024w, https:\/\/muvhaz.orlaihaz.mezobereny.hu\/wp-content\/uploads\/sites\/2\/2024\/07\/OPS_0014_oh-300x200.jpg 300w, https:\/\/muvhaz.orlaihaz.mezobereny.hu\/wp-content\/uploads\/sites\/2\/2024\/07\/OPS_0014_oh-768x512.jpg 768w, https:\/\/muvhaz.orlaihaz.mezobereny.hu\/wp-content\/uploads\/sites\/2\/2024\/07\/OPS_0014_oh.jpg 1484w\" sizes=\"(max-width: 1024px) 100vw, 1024px\" \/><\/figure>\n\n\n<p style=\"text-align: justify;\">Sipos Attila Andr\u00e1s sz\u00f3lt arr\u00f3l is, a k\u00f6tete tavaly k\u00e9tsz\u00e1z p\u00e9ld\u00e1nyban jelent meg, a Facebook-oldala sz\u00e1mos k\u00f6vet\u0151vel rendelkezik, \u00e9s m\u00e1r t\u00f6bb k\u00f6nyvbemutat\u00f3t tartott, \u00edgy csak harminc k\u00f6tet maradt, ha ez is elfogy, akkor \u00fajranyomj\u00e1k. Az alkot\u00f3 megeml\u00edtette, m\u00e1r tervezi a k\u00f6vetkez\u0151 versesk\u00f6tetet, illetve egy reg\u00e9nyen is dolgozik, ezt m\u00e9g a k\u00f6z\u00e9piskol\u00e1ban kezdte el \u00edrni, \u00e9s hamarosan befejezi.<\/p>\n<p style=\"text-align: justify;\">A bemutat\u00f3n r\u00e9szt vett az alkot\u00f3 egykori tan\u00e1ra P\u00f3cs J\u00f3zsef is, aki a k\u00f6nyv bor\u00edt\u00f3j\u00e1t tervezet. Kifejtette, Attila n\u00e9gy \u00e9vig volt a tan\u00edtv\u00e1nya, a bor\u00edt\u00f3 tervez\u00e9se el\u0151tt r\u00e9szletesen kifaggatatta az elk\u00e9pzel\u00e9seir\u0151l. \u00cdgy ker\u00fclt a bor\u00edt\u00f3ra \u00e9les kontraszttal egy s\u00f6t\u00e9t barlangban a l\u00e1mp\u00e1st tart\u00f3 alak, ugyanis \u00f6nmagunk felfedez\u00e9s\u00e9hez, megismer\u00e9s\u00e9hez kell a f\u00e9ny.<\/p>\n<p style=\"text-align: justify;\">&nbsp;Orsz\u00e1gos K\u00f6nyvt\u00e1ri Napok rendezv\u00e9nysorozat\u00e1ban okt\u00f3ber 5-\u00e9n 17 \u00f3r\u00e1t\u00f3l \u201eElfogyni az \u00f6lel\u00e9sben \u2013 Ady Endre szerelmei\u201d c\u00edm\u0171 filmet vet\u00edtik le.<\/p>\n\n<p style=\"text-align: center;\"><strong><a href=\"https:\/\/muvhaz.orlaihaz.mezobereny.hu\/index.php\/nggallery\/album\/lampaval-a-lelek-barlangjaban-2023-oktober-4?page_id=34581\">Album<\/a><\/strong><\/p>","protected":false},"excerpt":{"rendered":"<p style=\"text-align: justify;\">Az Orsz\u00e1gos K\u00f6nyvt\u00e1ri Napok keret\u00e9ben 2023. okt\u00f3ber 4-\u00e9n Sipos Attila Andr\u00e1s \u201eL\u00e9lekbarlang\u201d c\u00edm\u0171 versesk\u00f6tet\u00e9t mutatt\u00e1k be az Orlai h\u00e1zban. Az alkot\u00f3val Moln\u00e1r Lajos \u00edr\u00f3 besz\u00e9lgetett.<\/p>\n","protected":false},"author":0,"featured_media":36350,"comment_status":"closed","ping_status":"open","sticky":false,"template":"","format":"standard","meta":{"site-sidebar-layout":"default","site-content-layout":"","ast-site-content-layout":"","site-content-style":"default","site-sidebar-style":"default","ast-global-header-display":"","ast-banner-title-visibility":"","ast-main-header-display":"","ast-hfb-above-header-display":"","ast-hfb-below-header-display":"","ast-hfb-mobile-header-display":"","site-post-title":"","ast-breadcrumbs-content":"","ast-featured-img":"","footer-sml-layout":"","theme-transparent-header-meta":"","adv-header-id-meta":"","stick-header-meta":"","header-above-stick-meta":"","header-main-stick-meta":"","header-below-stick-meta":"","astra-migrate-meta-layouts":"default","ast-page-background-enabled":"default","ast-page-background-meta":{"desktop":{"background-color":"var(--ast-global-color-4)","background-image":"","background-repeat":"repeat","background-position":"center center","background-size":"auto","background-attachment":"scroll","background-type":"","background-media":"","overlay-type":"","overlay-color":"","overlay-opacity":"","overlay-gradient":""},"tablet":{"background-color":"","background-image":"","background-repeat":"repeat","background-position":"center center","background-size":"auto","background-attachment":"scroll","background-type":"","background-media":"","overlay-type":"","overlay-color":"","overlay-opacity":"","overlay-gradient":""},"mobile":{"background-color":"","background-image":"","background-repeat":"repeat","background-position":"center center","background-size":"auto","background-attachment":"scroll","background-type":"","background-media":"","overlay-type":"","overlay-color":"","overlay-opacity":"","overlay-gradient":""}},"ast-content-background-meta":{"desktop":{"background-color":"var(--ast-global-color-5)","background-image":"","background-repeat":"repeat","background-position":"center center","background-size":"auto","background-attachment":"scroll","background-type":"","background-media":"","overlay-type":"","overlay-color":"","overlay-opacity":"","overlay-gradient":""},"tablet":{"background-color":"var(--ast-global-color-5)","background-image":"","background-repeat":"repeat","background-position":"center center","background-size":"auto","background-attachment":"scroll","background-type":"","background-media":"","overlay-type":"","overlay-color":"","overlay-opacity":"","overlay-gradient":""},"mobile":{"background-color":"var(--ast-global-color-5)","background-image":"","background-repeat":"repeat","background-position":"center center","background-size":"auto","background-attachment":"scroll","background-type":"","background-media":"","overlay-type":"","overlay-color":"","overlay-opacity":"","overlay-gradient":""}},"ngg_post_thumbnail":0,"footnotes":""},"categories":[1],"tags":[],"class_list":["post-3409","post","type-post","status-publish","format-standard","has-post-thumbnail","hentry"],"jetpack_featured_media_url":"https:\/\/muvhaz.orlaihaz.mezobereny.hu\/wp-content\/uploads\/sites\/2\/2024\/07\/OPS_0025_oh.jpg","_links":{"self":[{"href":"https:\/\/muvhaz.orlaihaz.mezobereny.hu\/index.php?rest_route=\/wp\/v2\/posts\/3409"}],"collection":[{"href":"https:\/\/muvhaz.orlaihaz.mezobereny.hu\/index.php?rest_route=\/wp\/v2\/posts"}],"about":[{"href":"https:\/\/muvhaz.orlaihaz.mezobereny.hu\/index.php?rest_route=\/wp\/v2\/types\/post"}],"replies":[{"embeddable":true,"href":"https:\/\/muvhaz.orlaihaz.mezobereny.hu\/index.php?rest_route=%2Fwp%2Fv2%2Fcomments&post=3409"}],"version-history":[{"count":2,"href":"https:\/\/muvhaz.orlaihaz.mezobereny.hu\/index.php?rest_route=\/wp\/v2\/posts\/3409\/revisions"}],"predecessor-version":[{"id":36349,"href":"https:\/\/muvhaz.orlaihaz.mezobereny.hu\/index.php?rest_route=\/wp\/v2\/posts\/3409\/revisions\/36349"}],"wp:featuredmedia":[{"embeddable":true,"href":"https:\/\/muvhaz.orlaihaz.mezobereny.hu\/index.php?rest_route=\/wp\/v2\/media\/36350"}],"wp:attachment":[{"href":"https:\/\/muvhaz.orlaihaz.mezobereny.hu\/index.php?rest_route=%2Fwp%2Fv2%2Fmedia&parent=3409"}],"wp:term":[{"taxonomy":"category","embeddable":true,"href":"https:\/\/muvhaz.orlaihaz.mezobereny.hu\/index.php?rest_route=%2Fwp%2Fv2%2Fcategories&post=3409"},{"taxonomy":"post_tag","embeddable":true,"href":"https:\/\/muvhaz.orlaihaz.mezobereny.hu\/index.php?rest_route=%2Fwp%2Fv2%2Ftags&post=3409"}],"curies":[{"name":"wp","href":"https:\/\/api.w.org\/{rel}","templated":true}]}}