{"id":34802,"date":"2024-01-22T14:20:00","date_gmt":"2024-01-22T13:20:00","guid":{"rendered":"https:\/\/muvhaz.orlaihaz.mezobereny.hu\/?p=34802"},"modified":"2024-06-06T14:30:38","modified_gmt":"2024-06-06T12:30:38","slug":"koncert-a-magyar-kultura-napjan","status":"publish","type":"post","link":"https:\/\/muvhaz.orlaihaz.mezobereny.hu\/?p=34802","title":{"rendered":"Koncert a magyar kult\u00fara napj\u00e1n"},"content":{"rendered":"<p>A magyar kult\u00fara napja alkalm\u00e1b\u00f3l 2024. janu\u00e1r 22-\u00e9n \u201eTiszta sz\u00edvvel\u201d c\u00edmmel megzen\u00e9s\u00edtett verseket \u00e9s ismert dalokat adott el\u0151 Sipos D\u00e1vid, Sz\u0171cs Istv\u00e1n, Vadkerti Imre \u00e9s Zsapka Attila.<\/p>\n\n\n<figure class=\"wp-block-image aligncenter size-large is-resized\"><img fetchpriority=\"high\" decoding=\"async\" width=\"1024\" height=\"683\" src=\"https:\/\/muvhaz.orlaihaz.mezobereny.hu\/wp-content\/uploads\/sites\/2\/2024\/06\/OPS_0061_oh-1024x683.jpg\" alt=\"\" class=\"wp-image-34803\" style=\"aspect-ratio:1.499267935578331;width:703px;height:auto\" srcset=\"https:\/\/muvhaz.orlaihaz.mezobereny.hu\/wp-content\/uploads\/sites\/2\/2024\/06\/OPS_0061_oh-1024x683.jpg 1024w, https:\/\/muvhaz.orlaihaz.mezobereny.hu\/wp-content\/uploads\/sites\/2\/2024\/06\/OPS_0061_oh-300x200.jpg 300w, https:\/\/muvhaz.orlaihaz.mezobereny.hu\/wp-content\/uploads\/sites\/2\/2024\/06\/OPS_0061_oh-768x512.jpg 768w, https:\/\/muvhaz.orlaihaz.mezobereny.hu\/wp-content\/uploads\/sites\/2\/2024\/06\/OPS_0061_oh.jpg 1484w\" sizes=\"(max-width: 1024px) 100vw, 1024px\" \/><\/figure>\n\n\n<p>A koncert el\u0151tt Sikl\u00f3si Istv\u00e1n polg\u00e1rmester megfogalmazta, az \u00fcnnep alkalm\u00e1b\u00f3l k\u00f6sz\u00f6nti az Orlai h\u00e1z dolgoz\u00f3it, akik ez \u00e9vre is szerte\u00e1gaz\u00f3 programot \u00e1ll\u00edtottak \u00f6ssze, illetve k\u00f6sz\u00f6nti a civileket is, mivel az int\u00e9zm\u00e9ny vel\u00fck \u00f6sszefogva val\u00f3s\u00edtja meg rendezv\u00e9nyeit.&nbsp;<\/p>\n<p><br>A polg\u00e1rmester elmondta, a mai nap ugyan nem piros bet\u0171s \u00fcnnep, de j\u00f3 alkalom arra, hogy felmutassuk kultur\u00e1lis \u00e9rt\u00e9keinket, valamint elt\u00f6prengj\u00fcnk azon, be\u00e1razhat\u00f3ak-e ezek? A v\u00e1ros saj\u00e1t er\u0151b\u0151l \u00e9vente 100 milli\u00f3 forintot ford\u00edt int\u00e9zm\u00e9nyek m\u0171k\u00f6dtet\u00e9s\u00e9re, rendezv\u00e9nyek megtart\u00e1s\u00e1ra, illetve civil szervezetek t\u00e1mogat\u00e1s\u00e1ra. Ki d\u00f6nti el, hogy a kult\u00fara hozz\u00e1j\u00e1rul-e telep\u00fcl\u00e9s\u00fcnk gazdagod\u00e1s\u00e1hoz? A k\u00e9rd\u00e9sre a kult\u00fara k\u00f6zvet\u0151inek \u00e9s befogad\u00f3inak kell v\u00e1laszt adniuk. Ha \u2013 p\u00e9ld\u00e1ul \u2013 egy sz\u00ednh\u00e1zi esten j\u00f3l \u00e9rezz\u00fck magunkat, vagy ha j\u00f3 k\u00f6nyvet hozunk ki a k\u00f6nyvt\u00e1rb\u00f3l, akkor meg\u00e9ri r\u00e1 \u00e1ldozni \u2013 fejezte be k\u00f6sz\u00f6nt\u0151j\u00e9t Sikl\u00f3si Istv\u00e1n.&nbsp;<\/p>\n<p><br>Az esten Vadkerti Imre elmondta, a n\u00e9gytag\u00fa form\u00e1ci\u00f3 versek megzen\u00e9s\u00edt\u00e9s\u00e9re, el\u0151ad\u00e1s\u00e1ra j\u00f6tt l\u00e9tre, \u00e9s megeml\u00edtette azt is, hogy a zenekar k\u00e9t tagja G\u00fat\u00e1r\u00f3l j\u00f6tt.&nbsp;<\/p>\n<p><br>A koncert v\u00e9g\u00e9n a k\u00f6z\u00f6ns\u00e9g t\u00f6bbsz\u00f6r is visszatapsolta a n\u00e9gy zen\u00e9szt, v\u00e9g\u00fcl f\u00f6l\u00e1llva k\u00f6sz\u00f6nte meg a m\u0171sort. &nbsp;<\/p>\n<p>Az esem\u00e9nyt vissza n\u00e9zhetik a <a href=\"https:\/\/www.youtube.com\/watch?v=CurM6kTj88E\">youtube<\/a>-on.<\/p>\n<p style=\"text-align: center;\"><a href=\"https:\/\/muvhaz.orlaihaz.mezobereny.hu\/index.php\/nggallery\/album\/tiszta-szivvel-2024-januar-22?page_id=7899\">Gal\u00e9ria<\/a><\/p>\n\n\n<figure class=\"wp-block-image aligncenter size-large is-resized\"><img decoding=\"async\" width=\"717\" height=\"1024\" src=\"https:\/\/muvhaz.orlaihaz.mezobereny.hu\/wp-content\/uploads\/sites\/2\/2024\/06\/magyar-kultura-napja-PLAKAT-1-717x1024.jpg\" alt=\"\" class=\"wp-image-34810\" style=\"aspect-ratio:0.7001953125;width:507px;height:auto\" srcset=\"https:\/\/muvhaz.orlaihaz.mezobereny.hu\/wp-content\/uploads\/sites\/2\/2024\/06\/magyar-kultura-napja-PLAKAT-1-717x1024.jpg 717w, https:\/\/muvhaz.orlaihaz.mezobereny.hu\/wp-content\/uploads\/sites\/2\/2024\/06\/magyar-kultura-napja-PLAKAT-1-210x300.jpg 210w, https:\/\/muvhaz.orlaihaz.mezobereny.hu\/wp-content\/uploads\/sites\/2\/2024\/06\/magyar-kultura-napja-PLAKAT-1-768x1097.jpg 768w, https:\/\/muvhaz.orlaihaz.mezobereny.hu\/wp-content\/uploads\/sites\/2\/2024\/06\/magyar-kultura-napja-PLAKAT-1-1076x1536.jpg 1076w, https:\/\/muvhaz.orlaihaz.mezobereny.hu\/wp-content\/uploads\/sites\/2\/2024\/06\/magyar-kultura-napja-PLAKAT-1-1434x2048.jpg 1434w, https:\/\/muvhaz.orlaihaz.mezobereny.hu\/wp-content\/uploads\/sites\/2\/2024\/06\/magyar-kultura-napja-PLAKAT-1.jpg 1696w\" sizes=\"(max-width: 717px) 100vw, 717px\" \/><\/figure>\n","protected":false},"excerpt":{"rendered":"<p>A magyar kult\u00fara napja alkalm\u00e1b\u00f3l 2024. janu\u00e1r 22-\u00e9n \u201eTiszta sz\u00edvvel\u201d c\u00edmmel megzen\u00e9s\u00edtett verseket \u00e9s ismert dalokat adott el\u0151 Sipos D\u00e1vid, Sz\u0171cs Istv\u00e1n, Vadkerti Imre \u00e9s Zsapka Attila. A koncert el\u0151tt [&hellip;]<\/p>\n","protected":false},"author":1,"featured_media":34812,"comment_status":"closed","ping_status":"open","sticky":false,"template":"","format":"standard","meta":{"site-sidebar-layout":"default","site-content-layout":"","ast-site-content-layout":"","site-content-style":"default","site-sidebar-style":"default","ast-global-header-display":"","ast-banner-title-visibility":"","ast-main-header-display":"","ast-hfb-above-header-display":"","ast-hfb-below-header-display":"","ast-hfb-mobile-header-display":"","site-post-title":"","ast-breadcrumbs-content":"","ast-featured-img":"","footer-sml-layout":"","theme-transparent-header-meta":"","adv-header-id-meta":"","stick-header-meta":"","header-above-stick-meta":"","header-main-stick-meta":"","header-below-stick-meta":"","astra-migrate-meta-layouts":"default","ast-page-background-enabled":"default","ast-page-background-meta":{"desktop":{"background-color":"var(--ast-global-color-4)","background-image":"","background-repeat":"repeat","background-position":"center center","background-size":"auto","background-attachment":"scroll","background-type":"","background-media":"","overlay-type":"","overlay-color":"","overlay-opacity":"","overlay-gradient":""},"tablet":{"background-color":"","background-image":"","background-repeat":"repeat","background-position":"center center","background-size":"auto","background-attachment":"scroll","background-type":"","background-media":"","overlay-type":"","overlay-color":"","overlay-opacity":"","overlay-gradient":""},"mobile":{"background-color":"","background-image":"","background-repeat":"repeat","background-position":"center center","background-size":"auto","background-attachment":"scroll","background-type":"","background-media":"","overlay-type":"","overlay-color":"","overlay-opacity":"","overlay-gradient":""}},"ast-content-background-meta":{"desktop":{"background-color":"var(--ast-global-color-5)","background-image":"","background-repeat":"repeat","background-position":"center center","background-size":"auto","background-attachment":"scroll","background-type":"","background-media":"","overlay-type":"","overlay-color":"","overlay-opacity":"","overlay-gradient":""},"tablet":{"background-color":"var(--ast-global-color-5)","background-image":"","background-repeat":"repeat","background-position":"center center","background-size":"auto","background-attachment":"scroll","background-type":"","background-media":"","overlay-type":"","overlay-color":"","overlay-opacity":"","overlay-gradient":""},"mobile":{"background-color":"var(--ast-global-color-5)","background-image":"","background-repeat":"repeat","background-position":"center center","background-size":"auto","background-attachment":"scroll","background-type":"","background-media":"","overlay-type":"","overlay-color":"","overlay-opacity":"","overlay-gradient":""}},"ngg_post_thumbnail":0,"footnotes":""},"categories":[1],"tags":[],"class_list":["post-34802","post","type-post","status-publish","format-standard","has-post-thumbnail","hentry"],"jetpack_featured_media_url":"https:\/\/muvhaz.orlaihaz.mezobereny.hu\/wp-content\/uploads\/sites\/2\/2024\/06\/magyar-kultura-napja-PLAKAT-2.jpg","_links":{"self":[{"href":"https:\/\/muvhaz.orlaihaz.mezobereny.hu\/index.php?rest_route=\/wp\/v2\/posts\/34802"}],"collection":[{"href":"https:\/\/muvhaz.orlaihaz.mezobereny.hu\/index.php?rest_route=\/wp\/v2\/posts"}],"about":[{"href":"https:\/\/muvhaz.orlaihaz.mezobereny.hu\/index.php?rest_route=\/wp\/v2\/types\/post"}],"author":[{"embeddable":true,"href":"https:\/\/muvhaz.orlaihaz.mezobereny.hu\/index.php?rest_route=\/wp\/v2\/users\/1"}],"replies":[{"embeddable":true,"href":"https:\/\/muvhaz.orlaihaz.mezobereny.hu\/index.php?rest_route=%2Fwp%2Fv2%2Fcomments&post=34802"}],"version-history":[{"count":4,"href":"https:\/\/muvhaz.orlaihaz.mezobereny.hu\/index.php?rest_route=\/wp\/v2\/posts\/34802\/revisions"}],"predecessor-version":[{"id":34811,"href":"https:\/\/muvhaz.orlaihaz.mezobereny.hu\/index.php?rest_route=\/wp\/v2\/posts\/34802\/revisions\/34811"}],"wp:featuredmedia":[{"embeddable":true,"href":"https:\/\/muvhaz.orlaihaz.mezobereny.hu\/index.php?rest_route=\/wp\/v2\/media\/34812"}],"wp:attachment":[{"href":"https:\/\/muvhaz.orlaihaz.mezobereny.hu\/index.php?rest_route=%2Fwp%2Fv2%2Fmedia&parent=34802"}],"wp:term":[{"taxonomy":"category","embeddable":true,"href":"https:\/\/muvhaz.orlaihaz.mezobereny.hu\/index.php?rest_route=%2Fwp%2Fv2%2Fcategories&post=34802"},{"taxonomy":"post_tag","embeddable":true,"href":"https:\/\/muvhaz.orlaihaz.mezobereny.hu\/index.php?rest_route=%2Fwp%2Fv2%2Ftags&post=34802"}],"curies":[{"name":"wp","href":"https:\/\/api.w.org\/{rel}","templated":true}]}}