{"id":34825,"date":"2024-01-10T14:40:00","date_gmt":"2024-01-10T13:40:00","guid":{"rendered":"https:\/\/muvhaz.orlaihaz.mezobereny.hu\/?p=34825"},"modified":"2024-07-16T13:57:16","modified_gmt":"2024-07-16T11:57:16","slug":"az-alfold-turista-egyesulet-mezobereny-kiallitasa-2","status":"publish","type":"post","link":"https:\/\/muvhaz.orlaihaz.mezobereny.hu\/?p=34825","title":{"rendered":"Az Alf\u00f6ld turista Egyes\u00fclet Mez\u0151ber\u00e9ny ki\u00e1ll\u00edt\u00e1sa"},"content":{"rendered":"\n<p>Az elm\u00falt 40 \u00e9v k\u00e9pekben az Alf\u00f6ld Turista Egyes\u00fclet Mez\u0151ber\u00e9ny ki\u00e1ll\u00edt\u00e1sa ny\u00edlik 2024. janu\u00e1r 10-\u00e9n az Orlai h\u00e1zban. A ki\u00e1ll\u00edt\u00e1st megnyitja: K\u00f6r\u00f6si Mih\u00e1ly, Mez\u0151ber\u00e9ny v\u00e1ros alpolg\u00e1rmestere, k\u00f6zrem\u0171k\u00f6dik: F\u00f6ldes \u00c1ron<br>Ingyenesen megtekinthet\u0151 az int\u00e9zm\u00e9ny nyitvatart\u00e1si idej\u00e9ben 2024. febru\u00e1r 7-ig. Minden kedves \u00e9rdekl\u0151d\u0151t szeretettel v\u00e1runk!<\/p>\n\n\n\n<figure class=\"wp-block-image aligncenter size-large is-resized\"><img fetchpriority=\"high\" decoding=\"async\" width=\"1024\" height=\"683\" src=\"https:\/\/muvhaz.orlaihaz.mezobereny.hu\/wp-content\/uploads\/sites\/2\/2024\/07\/OPS_0052_oh-1024x683.jpg\" alt=\"\" class=\"wp-image-36409\" style=\"aspect-ratio:1.499267935578331;width:655px;height:auto\" srcset=\"https:\/\/muvhaz.orlaihaz.mezobereny.hu\/wp-content\/uploads\/sites\/2\/2024\/07\/OPS_0052_oh-1024x683.jpg 1024w, https:\/\/muvhaz.orlaihaz.mezobereny.hu\/wp-content\/uploads\/sites\/2\/2024\/07\/OPS_0052_oh-300x200.jpg 300w, https:\/\/muvhaz.orlaihaz.mezobereny.hu\/wp-content\/uploads\/sites\/2\/2024\/07\/OPS_0052_oh-768x512.jpg 768w, https:\/\/muvhaz.orlaihaz.mezobereny.hu\/wp-content\/uploads\/sites\/2\/2024\/07\/OPS_0052_oh.jpg 1484w\" sizes=\"(max-width: 1024px) 100vw, 1024px\" \/><\/figure>\n\n\n<p>Az Alf\u00f6ld Turista Egyes\u00fclet 2002-t\u0151l m\u0171k\u00f6dik \u00f6n\u00e1ll\u00f3an. Tagl\u00e9tsz\u00e1muk 90-100 k\u00f6z\u00f6tt v\u00e1ltozik. A szervezet c\u00e9lja, hogy folyamatos sportol\u00e1si lehet\u0151s\u00e9get ny\u00fajtson minden koroszt\u00e1ly sz\u00e1m\u00e1ra. Gyalogos- \u00e9s ker\u00e9kp\u00e1ros \u00e9s teljes\u00edtm\u00e9nyt\u00far\u00e1kat, illetve k\u00fcl\u00f6nb\u00f6z\u0151 szabadid\u0151s programokat szerveznek. Tags\u00e1guk egy r\u00e9sze teljes\u00edtm\u00e9nyt\u00far\u00e1z\u00f3k\u00e9nt min\u0151s\u00edtett sportol\u00f3, de a szel\u00eddebb t\u00far\u00e1kat kedvel\u0151k sz\u00e1m\u00e1ra is k\u00edn\u00e1lnak lehet\u0151s\u00e9get, egy napos kir\u00e1ndul\u00e1sokat a hegyekbe avagy &nbsp;v\u00e1rosl\u00e1togat\u00e1sokat.<\/p>\n<p>A ki\u00e1ll\u00edt\u00e1st K\u00f6r\u00f6si Mih\u00e1ly alpolg\u00e1rmester nyitotta meg, hangs\u00falyozta, az ATE a v\u00e1ros egyik legr\u00e9gebbi, egyik legnagyobb tags\u00e1ggal rendelkez\u0151 \u00e9s az egyik legakt\u00edvabb civil szervezete. Olyan nagy hagyom\u00e1nnyal b\u00edr\u00f3 t\u00far\u00e1kat szerveznek, mint a K\u00f6r\u00f6s teljes\u00edtm\u00e9nyt\u00far\u00e1k, a Pet\u0151fi Eml\u00e9kt\u00fara, az 1100 \u00e9v eml\u00e9kei B\u00e9k\u00e9sben, illetve a K\u00e9t ker\u00e9ken B\u00e9k\u00e9sben. A k\u00f6zelm\u00faltban rendezt\u00e9k meg a K\u00f6r\u00f6s k\u00f6r\u00fcl \u00e9s a Ker\u00e9kp\u00e1rral \u0151seink f\u00f6ldj\u00e9n ker\u00e9kp\u00e1rt\u00far\u00e1kat. Olyan jeles szem\u00e9lyis\u00e9get vezett\u00e9k a szervezetet, mint Szuharda Gyula, aki a m\u00falt sz\u00e1zad \u00f6tvenes \u00e9veiben a sakk\u00e9letben t\u0171nt fel, majd a hatvanas \u00e9vekben a t\u00far\u00e1z\u00e1sban is szerepet v\u00e1llalt. V\u00e1radi L\u00e1szl\u00f3 pedig h\u00fasz \u00e9vig l\u00e1tta el az eln\u00f6ki teend\u0151ket.&nbsp;<\/p>\n<p>Az alpolg\u00e1rmester kifejtette, a t\u00far\u00e1z\u00e1s \u00e1talak\u00edtja a szem\u00e9lyis\u00e9get, jobban megismerheti k\u00e9pess\u00e9geit, fejlesztheti ment\u00e1lis \u00e9s fizikai \u00e1llapot\u00e1t, valamint egy integral\u00f3 k\u00f6z\u00f6ss\u00e9g tagja lehet. &nbsp;<\/p>\n<p>Git\u00e1ron F\u00f6ldes \u00c1ron k\u00f6zrem\u0171k\u00f6d\u00f6tt.<\/p>\n<p>A rendezv\u00e9nyr\u0151l k\u00e9sz\u00fclt felv\u00e9telt <a href=\"https:\/\/www.youtube.com\/watch?v=3qjdchBDlzE\">youtube-on<\/a> is megtekinthetik.<\/p>\n<p>A t\u00e1rlat megtekinthet\u0151 \u2013 az int\u00e9zm\u00e9ny nyitvatart\u00e1si idej\u00e9ben \u2013 febru\u00e1r 7-ig.&nbsp;<\/p>\n<p style=\"text-align: center;\"><a href=\"https:\/\/muvhaz.orlaihaz.mezobereny.hu\/index.php\/nggallery\/album\/az-ate-kiallitasa-2024-januar-10?page_id=7926\">Gal\u00e9ria<\/a><\/p>","protected":false},"excerpt":{"rendered":"<p>Az elm\u00falt 40 \u00e9v k\u00e9pekben az Alf\u00f6ld Turista Egyes\u00fclet Mez\u0151ber\u00e9ny ki\u00e1ll\u00edt\u00e1sa ny\u00edlik 2024. janu\u00e1r 10-\u00e9n az Orlai h\u00e1zban. A ki\u00e1ll\u00edt\u00e1st megnyitja: K\u00f6r\u00f6si Mih\u00e1ly, Mez\u0151ber\u00e9ny v\u00e1ros alpolg\u00e1rmestere, k\u00f6zrem\u0171k\u00f6dik: F\u00f6ldes \u00c1ronIngyenesen megtekinthet\u0151 [&hellip;]<\/p>\n","protected":false},"author":1,"featured_media":34753,"comment_status":"closed","ping_status":"open","sticky":false,"template":"","format":"standard","meta":{"site-sidebar-layout":"default","site-content-layout":"","ast-site-content-layout":"","site-content-style":"default","site-sidebar-style":"default","ast-global-header-display":"","ast-banner-title-visibility":"","ast-main-header-display":"","ast-hfb-above-header-display":"","ast-hfb-below-header-display":"","ast-hfb-mobile-header-display":"","site-post-title":"","ast-breadcrumbs-content":"","ast-featured-img":"","footer-sml-layout":"","theme-transparent-header-meta":"","adv-header-id-meta":"","stick-header-meta":"","header-above-stick-meta":"","header-main-stick-meta":"","header-below-stick-meta":"","astra-migrate-meta-layouts":"default","ast-page-background-enabled":"default","ast-page-background-meta":{"desktop":{"background-color":"var(--ast-global-color-4)","background-image":"","background-repeat":"repeat","background-position":"center center","background-size":"auto","background-attachment":"scroll","background-type":"","background-media":"","overlay-type":"","overlay-color":"","overlay-opacity":"","overlay-gradient":""},"tablet":{"background-color":"","background-image":"","background-repeat":"repeat","background-position":"center center","background-size":"auto","background-attachment":"scroll","background-type":"","background-media":"","overlay-type":"","overlay-color":"","overlay-opacity":"","overlay-gradient":""},"mobile":{"background-color":"","background-image":"","background-repeat":"repeat","background-position":"center center","background-size":"auto","background-attachment":"scroll","background-type":"","background-media":"","overlay-type":"","overlay-color":"","overlay-opacity":"","overlay-gradient":""}},"ast-content-background-meta":{"desktop":{"background-color":"var(--ast-global-color-5)","background-image":"","background-repeat":"repeat","background-position":"center center","background-size":"auto","background-attachment":"scroll","background-type":"","background-media":"","overlay-type":"","overlay-color":"","overlay-opacity":"","overlay-gradient":""},"tablet":{"background-color":"var(--ast-global-color-5)","background-image":"","background-repeat":"repeat","background-position":"center center","background-size":"auto","background-attachment":"scroll","background-type":"","background-media":"","overlay-type":"","overlay-color":"","overlay-opacity":"","overlay-gradient":""},"mobile":{"background-color":"var(--ast-global-color-5)","background-image":"","background-repeat":"repeat","background-position":"center center","background-size":"auto","background-attachment":"scroll","background-type":"","background-media":"","overlay-type":"","overlay-color":"","overlay-opacity":"","overlay-gradient":""}},"ngg_post_thumbnail":0,"footnotes":""},"categories":[1],"tags":[],"class_list":["post-34825","post","type-post","status-publish","format-standard","has-post-thumbnail","hentry"],"jetpack_featured_media_url":"https:\/\/muvhaz.orlaihaz.mezobereny.hu\/wp-content\/uploads\/sites\/2\/2024\/06\/Alfold-Turista-kiallitas-PLAKAT.jpg","_links":{"self":[{"href":"https:\/\/muvhaz.orlaihaz.mezobereny.hu\/index.php?rest_route=\/wp\/v2\/posts\/34825"}],"collection":[{"href":"https:\/\/muvhaz.orlaihaz.mezobereny.hu\/index.php?rest_route=\/wp\/v2\/posts"}],"about":[{"href":"https:\/\/muvhaz.orlaihaz.mezobereny.hu\/index.php?rest_route=\/wp\/v2\/types\/post"}],"author":[{"embeddable":true,"href":"https:\/\/muvhaz.orlaihaz.mezobereny.hu\/index.php?rest_route=\/wp\/v2\/users\/1"}],"replies":[{"embeddable":true,"href":"https:\/\/muvhaz.orlaihaz.mezobereny.hu\/index.php?rest_route=%2Fwp%2Fv2%2Fcomments&post=34825"}],"version-history":[{"count":2,"href":"https:\/\/muvhaz.orlaihaz.mezobereny.hu\/index.php?rest_route=\/wp\/v2\/posts\/34825\/revisions"}],"predecessor-version":[{"id":36410,"href":"https:\/\/muvhaz.orlaihaz.mezobereny.hu\/index.php?rest_route=\/wp\/v2\/posts\/34825\/revisions\/36410"}],"wp:featuredmedia":[{"embeddable":true,"href":"https:\/\/muvhaz.orlaihaz.mezobereny.hu\/index.php?rest_route=\/wp\/v2\/media\/34753"}],"wp:attachment":[{"href":"https:\/\/muvhaz.orlaihaz.mezobereny.hu\/index.php?rest_route=%2Fwp%2Fv2%2Fmedia&parent=34825"}],"wp:term":[{"taxonomy":"category","embeddable":true,"href":"https:\/\/muvhaz.orlaihaz.mezobereny.hu\/index.php?rest_route=%2Fwp%2Fv2%2Fcategories&post=34825"},{"taxonomy":"post_tag","embeddable":true,"href":"https:\/\/muvhaz.orlaihaz.mezobereny.hu\/index.php?rest_route=%2Fwp%2Fv2%2Ftags&post=34825"}],"curies":[{"name":"wp","href":"https:\/\/api.w.org\/{rel}","templated":true}]}}