{"id":34840,"date":"2024-01-26T15:11:00","date_gmt":"2024-01-26T14:11:00","guid":{"rendered":"https:\/\/muvhaz.orlaihaz.mezobereny.hu\/?p=34840"},"modified":"2024-06-06T15:17:21","modified_gmt":"2024-06-06T13:17:21","slug":"a-civil-szervezetek-uj-evi-koszontoje","status":"publish","type":"post","link":"https:\/\/muvhaz.orlaihaz.mezobereny.hu\/?p=34840","title":{"rendered":"A civil szervezetek \u00faj \u00e9vi k\u00f6sz\u00f6nt\u0151je"},"content":{"rendered":"\n<p>A v\u00e1rosban m\u0171k\u00f6d\u0151 civil szervezetek k\u00e9pvisel\u0151it 2024. janu\u00e1r 26-\u00e1n k\u00f6sz\u00f6nt\u00f6tte Sikl\u00f3si Istv\u00e1n polg\u00e1rmester a V\u00e1rosh\u00e1za d\u00edszterm\u00e9ben. El\u0151tte Kov\u00e1cs M\u00e1t\u00e9, a Pet\u0151fi S\u00e1ndor Evang\u00e9likus Gimn\u00e1zium di\u00e1kja git\u00e1rj\u00e1t\u00e9k\u00e1val lepte meg a r\u00e9sztvev\u0151ket.<\/p>\n\n\n\n<figure class=\"wp-block-image aligncenter size-large is-resized\"><img fetchpriority=\"high\" decoding=\"async\" width=\"1024\" height=\"683\" src=\"https:\/\/muvhaz.orlaihaz.mezobereny.hu\/wp-content\/uploads\/sites\/2\/2024\/06\/OPS_0053_oh-1024x683.jpg\" alt=\"\" class=\"wp-image-34843\" style=\"aspect-ratio:1.499267935578331;width:745px;height:auto\" srcset=\"https:\/\/muvhaz.orlaihaz.mezobereny.hu\/wp-content\/uploads\/sites\/2\/2024\/06\/OPS_0053_oh-1024x683.jpg 1024w, https:\/\/muvhaz.orlaihaz.mezobereny.hu\/wp-content\/uploads\/sites\/2\/2024\/06\/OPS_0053_oh-300x200.jpg 300w, https:\/\/muvhaz.orlaihaz.mezobereny.hu\/wp-content\/uploads\/sites\/2\/2024\/06\/OPS_0053_oh-768x512.jpg 768w, https:\/\/muvhaz.orlaihaz.mezobereny.hu\/wp-content\/uploads\/sites\/2\/2024\/06\/OPS_0053_oh.jpg 1484w\" sizes=\"(max-width: 1024px) 100vw, 1024px\" \/><\/figure>\n\n\n<p>Sikl\u00f3si Istv\u00e1n t\u00e1j\u00e9koztat\u00e1st adott az \u00f6nkorm\u00e1nyzat elm\u00falt \u00e9vi eredm\u00e9nyeir\u0151l \u00e9s az idei tervekr\u0151l. Megfogalmazta, elk\u00e9sz\u00fclt az idei k\u00f6lts\u00e9gvet\u00e9s tervezete, az neh\u00e9znek, de teljes\u00edthet\u0151nek t\u0171nik. A bizotts\u00e1gok elfogad\u00e1sra javasolj\u00e1k a test\u00fcletnek. Sz\u00f3lt arr\u00f3l, a megye jelent\u0151sebb telep\u00fcl\u00e9si k\u00f6z\u00fcl Gyula ut\u00e1n Mez\u0151ber\u00e9ny n\u00e9pess\u00e9ge cs\u00f6kken a legkisebb m\u00e9rt\u00e9kben. M\u00edg 2021. \u00e9s 2023. janu\u00e1r 1. k\u00f6z\u00f6tt v\u00e1rosunk lakoss\u00e1ga 1, 767 sz\u00e1zal\u00e9kkal m\u00e9rs\u00e9kl\u0151d\u00f6tt, addig a nagyon j\u00f3 adotts\u00e1gokkal rendelkez\u0151 Szarvas\u00e9 3,569 sz\u00e1zal\u00e9kkal.&nbsp;<\/p>\n<p><br>A polg\u00e1rmester kifejtette, vannak, akik azt mondj\u00e1k, hogy Mez\u0151ber\u00e9nyben az elm\u00falt esztend\u0151kben nem t\u00f6rt\u00e9nt semmi, ezzel szemben az a t\u00e9ny, hogy 8 milli\u00e1rd forintot ford\u00edtottak fejleszt\u00e9sre, ebb\u0151l 1,1 milli\u00e1rdot tett ki az \u00f6ner\u0151. Ebb\u0151l a p\u00e9nzb\u0151l p\u00e9ld\u00e1ul az int\u00e9zm\u00e9nyh\u00e1l\u00f3zatot fejlesztett\u00e9k, ipari ter\u00fcleteket alak\u00edtottak ki, illetve utakat, j\u00e1rd\u00e1kat \u00e9p\u00edtettek. A fejleszt\u00e9sb\u0151l a civilek is kivett\u00e9k a r\u00e9sz\u00fcket, p\u00e9ld\u00e1ul a k\u00f3bor kuty\u00e1k helyzet\u00e9nek megold\u00e1s\u00e1ra l\u00e9trehozt\u00e1k a N\u00e1ndi \u00c1llatotthont. Illeg\u00e1lis szem\u00e9tlerak\u00f3kat sz\u00e1moltak fel. Mindk\u00e9t nemzetis\u00e9g \u2013 szlov\u00e1kok \u00e9s n\u00e9metek is \u2013 k\u00f6z\u00f6ss\u00e9gi h\u00e1zat alak\u00edtott ki, tov\u00e1bb\u00e1 Kerekiben keresztet \u00e1ll\u00edtottak \u00e9s a fel\u00faj\u00edtott kereki k\u00fat a muze\u00e1lis gy\u0171jtem\u00e9ny udvar\u00e1n kapott helyet. A telep\u00fcl\u00e9sen 56 civil szervezet k\u00edn\u00e1l k\u00f6z\u00f6ss\u00e9gi programot.&nbsp;<\/p>\n<p><br>Az \u00fajratelep\u00fcl\u00e9s 300. \u00e9vfordul\u00f3j\u00e1ra k\u00f6zadakoz\u00e1sb\u00f3l \u00e1ll\u00edtott eml\u00e9km\u0171re utalva Sikl\u00f3si Istv\u00e1n hangs\u00falyozta, csak \u00f6sszefog\u00e1ssal lehet a v\u00e1rost el\u0151re vinni, \u00e9s oly m\u00f3don, hogy egy ir\u00e1nyba toljuk a szeker\u00e9t. Aki r\u00e9szt vesz az \u00f6sszefog\u00e1sban, az a telep\u00fcl\u00e9s gyarapod\u00e1s\u00e1t szolg\u00e1lja.&nbsp;<\/p>\n<p><br>Borgula Gy\u00f6rgyn\u00e9, a tavaly \u201eMez\u0151ber\u00e9ny Kult\u00far\u00e1j\u00e1\u00e9rt, Nemzetis\u00e9gi Kult\u00far\u00e1j\u00e1\u00e9rt\u201d elismer\u00e9sben r\u00e9szes\u00fclt Mez\u0151ber\u00e9nyi Szlov\u00e1kok Szervezete eln\u00f6ke poh\u00e1rk\u00f6sz\u00f6nt\u0151j\u00e9ben azt hangoztatta, akik \u00f6sszefognak, azokat a k\u00f6z\u00f6ss\u00e9g er\u0151ss\u00e9 teszi, \u00e9s k\u00f6sz\u00f6net\u00e9t fejezte ki azoknak, akik az elm\u00falt esztend\u0151ben tettek a v\u00e1ros\u00e9rt. &nbsp; &nbsp;&nbsp;<br>&nbsp;<\/p>\n<p style=\"text-align: center;\"><a href=\"https:\/\/muvhaz.orlaihaz.mezobereny.hu\/index.php\/nggallery\/album\/civilek-uj-evi-koszontoje-2024-januar-26?page_id=7899\">Gal\u00e9ria<\/a><\/p>","protected":false},"excerpt":{"rendered":"<p>A v\u00e1rosban m\u0171k\u00f6d\u0151 civil szervezetek k\u00e9pvisel\u0151it 2024. janu\u00e1r 26-\u00e1n k\u00f6sz\u00f6nt\u00f6tte Sikl\u00f3si Istv\u00e1n polg\u00e1rmester a V\u00e1rosh\u00e1za d\u00edszterm\u00e9ben. El\u0151tte Kov\u00e1cs M\u00e1t\u00e9, a Pet\u0151fi S\u00e1ndor Evang\u00e9likus Gimn\u00e1zium di\u00e1kja git\u00e1rj\u00e1t\u00e9k\u00e1val lepte meg a r\u00e9sztvev\u0151ket. [&hellip;]<\/p>\n","protected":false},"author":1,"featured_media":36411,"comment_status":"closed","ping_status":"open","sticky":false,"template":"","format":"standard","meta":{"site-sidebar-layout":"default","site-content-layout":"","ast-site-content-layout":"","site-content-style":"default","site-sidebar-style":"default","ast-global-header-display":"","ast-banner-title-visibility":"","ast-main-header-display":"","ast-hfb-above-header-display":"","ast-hfb-below-header-display":"","ast-hfb-mobile-header-display":"","site-post-title":"","ast-breadcrumbs-content":"","ast-featured-img":"","footer-sml-layout":"","theme-transparent-header-meta":"","adv-header-id-meta":"","stick-header-meta":"","header-above-stick-meta":"","header-main-stick-meta":"","header-below-stick-meta":"","astra-migrate-meta-layouts":"default","ast-page-background-enabled":"default","ast-page-background-meta":{"desktop":{"background-color":"var(--ast-global-color-4)","background-image":"","background-repeat":"repeat","background-position":"center center","background-size":"auto","background-attachment":"scroll","background-type":"","background-media":"","overlay-type":"","overlay-color":"","overlay-opacity":"","overlay-gradient":""},"tablet":{"background-color":"","background-image":"","background-repeat":"repeat","background-position":"center center","background-size":"auto","background-attachment":"scroll","background-type":"","background-media":"","overlay-type":"","overlay-color":"","overlay-opacity":"","overlay-gradient":""},"mobile":{"background-color":"","background-image":"","background-repeat":"repeat","background-position":"center center","background-size":"auto","background-attachment":"scroll","background-type":"","background-media":"","overlay-type":"","overlay-color":"","overlay-opacity":"","overlay-gradient":""}},"ast-content-background-meta":{"desktop":{"background-color":"var(--ast-global-color-5)","background-image":"","background-repeat":"repeat","background-position":"center center","background-size":"auto","background-attachment":"scroll","background-type":"","background-media":"","overlay-type":"","overlay-color":"","overlay-opacity":"","overlay-gradient":""},"tablet":{"background-color":"var(--ast-global-color-5)","background-image":"","background-repeat":"repeat","background-position":"center center","background-size":"auto","background-attachment":"scroll","background-type":"","background-media":"","overlay-type":"","overlay-color":"","overlay-opacity":"","overlay-gradient":""},"mobile":{"background-color":"var(--ast-global-color-5)","background-image":"","background-repeat":"repeat","background-position":"center center","background-size":"auto","background-attachment":"scroll","background-type":"","background-media":"","overlay-type":"","overlay-color":"","overlay-opacity":"","overlay-gradient":""}},"ngg_post_thumbnail":0,"footnotes":""},"categories":[1],"tags":[],"class_list":["post-34840","post","type-post","status-publish","format-standard","has-post-thumbnail","hentry"],"jetpack_featured_media_url":"https:\/\/muvhaz.orlaihaz.mezobereny.hu\/wp-content\/uploads\/sites\/2\/2024\/07\/OPS_0040_oh-2.jpg","_links":{"self":[{"href":"https:\/\/muvhaz.orlaihaz.mezobereny.hu\/index.php?rest_route=\/wp\/v2\/posts\/34840"}],"collection":[{"href":"https:\/\/muvhaz.orlaihaz.mezobereny.hu\/index.php?rest_route=\/wp\/v2\/posts"}],"about":[{"href":"https:\/\/muvhaz.orlaihaz.mezobereny.hu\/index.php?rest_route=\/wp\/v2\/types\/post"}],"author":[{"embeddable":true,"href":"https:\/\/muvhaz.orlaihaz.mezobereny.hu\/index.php?rest_route=\/wp\/v2\/users\/1"}],"replies":[{"embeddable":true,"href":"https:\/\/muvhaz.orlaihaz.mezobereny.hu\/index.php?rest_route=%2Fwp%2Fv2%2Fcomments&post=34840"}],"version-history":[{"count":1,"href":"https:\/\/muvhaz.orlaihaz.mezobereny.hu\/index.php?rest_route=\/wp\/v2\/posts\/34840\/revisions"}],"predecessor-version":[{"id":34844,"href":"https:\/\/muvhaz.orlaihaz.mezobereny.hu\/index.php?rest_route=\/wp\/v2\/posts\/34840\/revisions\/34844"}],"wp:featuredmedia":[{"embeddable":true,"href":"https:\/\/muvhaz.orlaihaz.mezobereny.hu\/index.php?rest_route=\/wp\/v2\/media\/36411"}],"wp:attachment":[{"href":"https:\/\/muvhaz.orlaihaz.mezobereny.hu\/index.php?rest_route=%2Fwp%2Fv2%2Fmedia&parent=34840"}],"wp:term":[{"taxonomy":"category","embeddable":true,"href":"https:\/\/muvhaz.orlaihaz.mezobereny.hu\/index.php?rest_route=%2Fwp%2Fv2%2Fcategories&post=34840"},{"taxonomy":"post_tag","embeddable":true,"href":"https:\/\/muvhaz.orlaihaz.mezobereny.hu\/index.php?rest_route=%2Fwp%2Fv2%2Ftags&post=34840"}],"curies":[{"name":"wp","href":"https:\/\/api.w.org\/{rel}","templated":true}]}}