{"id":34852,"date":"2024-01-31T08:15:00","date_gmt":"2024-01-31T07:15:00","guid":{"rendered":"https:\/\/muvhaz.orlaihaz.mezobereny.hu\/?p=34852"},"modified":"2024-06-07T08:20:35","modified_gmt":"2024-06-07T06:20:35","slug":"balkani-gerle-szinpadon-az-igaz-szerelem","status":"publish","type":"post","link":"https:\/\/muvhaz.orlaihaz.mezobereny.hu\/?p=34852","title":{"rendered":"Balk\u00e1ni gerle \u2013 sz\u00ednpadon az igaz szerelem"},"content":{"rendered":"\n<p>S\u00fct\u0151 Andr\u00e1s: \u201eBalk\u00e1ni gerle\u201d c\u00edm\u0171 sz\u00ednm\u0171v\u00e9t mutatta be 2024. janu\u00e1r 31-\u00e9n az Orlai h\u00e1zban a D\u00e9ryn\u00e9 T\u00e1rsulat. A sz\u00ednpadon lakodalmi mulats\u00e1gt\u00f3l zengett a kis erd\u00e9lyi falu, boldog a szerelmes p\u00e1r, b\u00fcszke az \u00f6r\u00f6manya\u2026 vagy m\u00e9gsem? Legal\u00e1bbis a menyasszony h\u00faga, a kamaszl\u00e1ny Zs\u00f3fika nagyon nem \u00edgy l\u00e1tta. Egyre t\u00f6bb furcsas\u00e1g \u00e9s titok der\u00fclt ki az ifj\u00fa p\u00e1rr\u00f3l, \u00e9s a hangos \u00fcnneps\u00e9g kezdett egyre k\u00ednosabb\u00e1 v\u00e1lni. Egy ponton t\u00fal azt\u00e1n kipukkadt a l\u00e1tszatbubor\u00e9k, \u00e9s felsz\u00ednre ker\u00fclt a val\u00f3s\u00e1g.<\/p>\n\n\n\n<figure class=\"wp-block-image aligncenter size-large is-resized\"><img fetchpriority=\"high\" decoding=\"async\" width=\"1024\" height=\"685\" src=\"https:\/\/muvhaz.orlaihaz.mezobereny.hu\/wp-content\/uploads\/sites\/2\/2024\/06\/OPS_0047_oh-1024x685.jpg\" alt=\"\" class=\"wp-image-34853\" style=\"aspect-ratio:1.494890510948905;width:695px;height:auto\" srcset=\"https:\/\/muvhaz.orlaihaz.mezobereny.hu\/wp-content\/uploads\/sites\/2\/2024\/06\/OPS_0047_oh-1024x685.jpg 1024w, https:\/\/muvhaz.orlaihaz.mezobereny.hu\/wp-content\/uploads\/sites\/2\/2024\/06\/OPS_0047_oh-300x201.jpg 300w, https:\/\/muvhaz.orlaihaz.mezobereny.hu\/wp-content\/uploads\/sites\/2\/2024\/06\/OPS_0047_oh-768x513.jpg 768w, https:\/\/muvhaz.orlaihaz.mezobereny.hu\/wp-content\/uploads\/sites\/2\/2024\/06\/OPS_0047_oh.jpg 1433w\" sizes=\"(max-width: 1024px) 100vw, 1024px\" \/><\/figure>\n\n\n<p>Igaz szerelemr\u0151l, gener\u00e1ci\u00f3k k\u00f6zt fesz\u00fcl\u0151 csal\u00e1di titkokr\u00f3l \u00e9s r\u00e9gim\u00f3di falusi hagyom\u00e1nyokr\u00f3l sz\u00f3lt S\u00fct\u0151 Andr\u00e1s darabja. De legf\u0151k\u00e9ppen arr\u00f3l, hogy mennyire nem \u00e9rdemes m\u00e1sok elv\u00e1r\u00e1sai szerint \u00e9ln\u00fcnk.<\/p>\n<p><br>A telth\u00e1zas k\u00f6z\u00f6ns\u00e9g ig\u00e9nyes, sz\u00f3rakoztat\u00f3 darabot l\u00e1thatott.&nbsp;<\/p>\n<p style=\"text-align: center;\"><a href=\"https:\/\/muvhaz.orlaihaz.mezobereny.hu\/index.php\/nggallery\/album\/balkani-gerle-szinhaz-2024-januar-31?page_id=7899\">Gal\u00e9ria<\/a><\/p>","protected":false},"excerpt":{"rendered":"<p>S\u00fct\u0151 Andr\u00e1s: \u201eBalk\u00e1ni gerle\u201d c\u00edm\u0171 sz\u00ednm\u0171v\u00e9t mutatta be 2024. janu\u00e1r 31-\u00e9n az Orlai h\u00e1zban a D\u00e9ryn\u00e9 T\u00e1rsulat. A sz\u00ednpadon lakodalmi mulats\u00e1gt\u00f3l zengett a kis erd\u00e9lyi falu, boldog a szerelmes p\u00e1r, [&hellip;]<\/p>\n","protected":false},"author":1,"featured_media":34849,"comment_status":"closed","ping_status":"open","sticky":false,"template":"","format":"standard","meta":{"site-sidebar-layout":"default","site-content-layout":"","ast-site-content-layout":"","site-content-style":"default","site-sidebar-style":"default","ast-global-header-display":"","ast-banner-title-visibility":"","ast-main-header-display":"","ast-hfb-above-header-display":"","ast-hfb-below-header-display":"","ast-hfb-mobile-header-display":"","site-post-title":"","ast-breadcrumbs-content":"","ast-featured-img":"","footer-sml-layout":"","theme-transparent-header-meta":"","adv-header-id-meta":"","stick-header-meta":"","header-above-stick-meta":"","header-main-stick-meta":"","header-below-stick-meta":"","astra-migrate-meta-layouts":"default","ast-page-background-enabled":"default","ast-page-background-meta":{"desktop":{"background-color":"var(--ast-global-color-4)","background-image":"","background-repeat":"repeat","background-position":"center center","background-size":"auto","background-attachment":"scroll","background-type":"","background-media":"","overlay-type":"","overlay-color":"","overlay-opacity":"","overlay-gradient":""},"tablet":{"background-color":"","background-image":"","background-repeat":"repeat","background-position":"center center","background-size":"auto","background-attachment":"scroll","background-type":"","background-media":"","overlay-type":"","overlay-color":"","overlay-opacity":"","overlay-gradient":""},"mobile":{"background-color":"","background-image":"","background-repeat":"repeat","background-position":"center center","background-size":"auto","background-attachment":"scroll","background-type":"","background-media":"","overlay-type":"","overlay-color":"","overlay-opacity":"","overlay-gradient":""}},"ast-content-background-meta":{"desktop":{"background-color":"var(--ast-global-color-5)","background-image":"","background-repeat":"repeat","background-position":"center center","background-size":"auto","background-attachment":"scroll","background-type":"","background-media":"","overlay-type":"","overlay-color":"","overlay-opacity":"","overlay-gradient":""},"tablet":{"background-color":"var(--ast-global-color-5)","background-image":"","background-repeat":"repeat","background-position":"center center","background-size":"auto","background-attachment":"scroll","background-type":"","background-media":"","overlay-type":"","overlay-color":"","overlay-opacity":"","overlay-gradient":""},"mobile":{"background-color":"var(--ast-global-color-5)","background-image":"","background-repeat":"repeat","background-position":"center center","background-size":"auto","background-attachment":"scroll","background-type":"","background-media":"","overlay-type":"","overlay-color":"","overlay-opacity":"","overlay-gradient":""}},"ngg_post_thumbnail":0,"footnotes":""},"categories":[1],"tags":[],"class_list":["post-34852","post","type-post","status-publish","format-standard","has-post-thumbnail","hentry"],"jetpack_featured_media_url":"https:\/\/muvhaz.orlaihaz.mezobereny.hu\/wp-content\/uploads\/sites\/2\/2024\/06\/balka-ni-gerle-plakat1259_page-0001.jpg","_links":{"self":[{"href":"https:\/\/muvhaz.orlaihaz.mezobereny.hu\/index.php?rest_route=\/wp\/v2\/posts\/34852"}],"collection":[{"href":"https:\/\/muvhaz.orlaihaz.mezobereny.hu\/index.php?rest_route=\/wp\/v2\/posts"}],"about":[{"href":"https:\/\/muvhaz.orlaihaz.mezobereny.hu\/index.php?rest_route=\/wp\/v2\/types\/post"}],"author":[{"embeddable":true,"href":"https:\/\/muvhaz.orlaihaz.mezobereny.hu\/index.php?rest_route=\/wp\/v2\/users\/1"}],"replies":[{"embeddable":true,"href":"https:\/\/muvhaz.orlaihaz.mezobereny.hu\/index.php?rest_route=%2Fwp%2Fv2%2Fcomments&post=34852"}],"version-history":[{"count":1,"href":"https:\/\/muvhaz.orlaihaz.mezobereny.hu\/index.php?rest_route=\/wp\/v2\/posts\/34852\/revisions"}],"predecessor-version":[{"id":34854,"href":"https:\/\/muvhaz.orlaihaz.mezobereny.hu\/index.php?rest_route=\/wp\/v2\/posts\/34852\/revisions\/34854"}],"wp:featuredmedia":[{"embeddable":true,"href":"https:\/\/muvhaz.orlaihaz.mezobereny.hu\/index.php?rest_route=\/wp\/v2\/media\/34849"}],"wp:attachment":[{"href":"https:\/\/muvhaz.orlaihaz.mezobereny.hu\/index.php?rest_route=%2Fwp%2Fv2%2Fmedia&parent=34852"}],"wp:term":[{"taxonomy":"category","embeddable":true,"href":"https:\/\/muvhaz.orlaihaz.mezobereny.hu\/index.php?rest_route=%2Fwp%2Fv2%2Fcategories&post=34852"},{"taxonomy":"post_tag","embeddable":true,"href":"https:\/\/muvhaz.orlaihaz.mezobereny.hu\/index.php?rest_route=%2Fwp%2Fv2%2Ftags&post=34852"}],"curies":[{"name":"wp","href":"https:\/\/api.w.org\/{rel}","templated":true}]}}