{"id":34855,"date":"2024-02-06T08:21:00","date_gmt":"2024-02-06T07:21:00","guid":{"rendered":"https:\/\/muvhaz.orlaihaz.mezobereny.hu\/?p=34855"},"modified":"2024-06-07T08:33:01","modified_gmt":"2024-06-07T06:33:01","slug":"szemezgetes-az-elmult-evtized-himzeseibol","status":"publish","type":"post","link":"https:\/\/muvhaz.orlaihaz.mezobereny.hu\/?p=34855","title":{"rendered":"Szemezget\u00e9s az elm\u00falt \u00e9vtized h\u00edmz\u00e9seib\u0151l"},"content":{"rendered":"\n<p>Az Orlai h\u00e1z D\u00edsz\u00edt\u0151m\u0171v\u00e9szeti K\u00f6r\u00e9t t\u00edz \u00e9ve vezeti Bog\u00e1rn\u00e9 Sz\u0151ke Erika, aki tavaly decemberben a B\u00e9k\u00e9s Megyei N\u00e9pm\u0171v\u00e9szeti Egyes\u00fclet \u00fcnnepi k\u00f6zgy\u0171l\u00e9s\u00e9n vehette \u00e1t az \u201e\u00c9v k\u00f6z\u00f6ss\u00e9ge-d\u00edjat\u201d. Ez alkalomb\u00f3l az elm\u00falt t\u00edz \u00e9v munk\u00e1ib\u00f3l \u00e1ll\u00edtottak ki az int\u00e9zm\u00e9ny aul\u00e1j\u00e1ban.\u00a0<\/p>\n\n\n\n<figure class=\"wp-block-image aligncenter size-large is-resized\"><img fetchpriority=\"high\" decoding=\"async\" width=\"1024\" height=\"683\" src=\"https:\/\/muvhaz.orlaihaz.mezobereny.hu\/wp-content\/uploads\/sites\/2\/2024\/06\/OPS_0086_oh-1024x683.jpg\" alt=\"\" class=\"wp-image-34859\" style=\"aspect-ratio:1.499267935578331;width:790px;height:auto\" srcset=\"https:\/\/muvhaz.orlaihaz.mezobereny.hu\/wp-content\/uploads\/sites\/2\/2024\/06\/OPS_0086_oh-1024x683.jpg 1024w, https:\/\/muvhaz.orlaihaz.mezobereny.hu\/wp-content\/uploads\/sites\/2\/2024\/06\/OPS_0086_oh-300x200.jpg 300w, https:\/\/muvhaz.orlaihaz.mezobereny.hu\/wp-content\/uploads\/sites\/2\/2024\/06\/OPS_0086_oh-768x512.jpg 768w, https:\/\/muvhaz.orlaihaz.mezobereny.hu\/wp-content\/uploads\/sites\/2\/2024\/06\/OPS_0086_oh.jpg 1484w\" sizes=\"(max-width: 1024px) 100vw, 1024px\" \/><\/figure>\n\n\n<p>Debreczeni J\u00e1nos tak\u00e1cs, n\u00e9pi iparm\u0171v\u00e9sz, a N\u00e9pm\u0171v\u00e9szet Mestere, a Magyar M\u0171v\u00e9szeti Akad\u00e9mia k\u00f6ztest\u00fclet\u00e9nek tagja megnyit\u00f3j\u00e1ban kifejtette, telep\u00fcl\u00e9s\u00fcnk m\u00e9lt\u00e1n lehet b\u00fcszke h\u00edmz\u0151 kult\u00far\u00e1j\u00e1ra: a mez\u0151ber\u00e9nyi gyapj\u00fah\u00edmz\u00e9s, a feh\u00e9r h\u00edmz\u00e9s, a ber\u00e9nyi keresztszemes h\u00edmz\u00e9s \u00e9s az UNESCO Szellemi Kultur\u00e1lis \u00d6r\u00f6ks\u00e9g nemzeti jegyz\u00e9k\u00e9be felker\u00fclt a B\u00e9k\u00e9s megyei sz\u0171csh\u00edmz\u00e9s, &nbsp;bele\u00e9rtve a ber\u00e9nyi sz\u0171csh\u00edmz\u00e9st is. R\u00e9gen egy falusi h\u00e1ztart\u00e1s hagyom\u00e1nyos t\u00e1rgyak sz\u00e1zait ig\u00e9nyelte, ma azonban ezek csup\u00e1n hangulati kieg\u00e9sz\u00edt\u0151i otthonainknak. &nbsp;<\/p>\n<p>&nbsp;<\/p>\n<p>Debreczeni J\u00e1nos megfogalmazta, b\u00edzik benne, hogy a ki\u00e1ll\u00edt\u00e1son bemutatott alkot\u00e1sok minden \u00e9rdekl\u0151d\u0151 tetsz\u00e9s\u00e9t elnyerik, \u00e9s sok olyat &nbsp;tal\u00e1lnak k\u00f6z\u00f6tt\u00fck, amelyet el tudn\u00e1nak k\u00e9pzelni otthonukban is. Rem\u00e9li, hogy a l\u00e1tottak m\u00e1sokat is tov\u00e1bbi alkot\u00f3munk\u00e1ra \u00f6szt\u00f6n\u00f6znek. A l\u00e1togat\u00f3knak pedig azt k\u00edv\u00e1nja, hogy ki-ki otthon\u00e1ban, a saj\u00e1t k\u00f6rnyezet\u00e9ben is min\u00e9l t\u00f6bbsz\u00f6r tal\u00e1lkozhasson hagyom\u00e1nyos n\u00e9pi k\u00e9zm\u0171ves alkot\u00e1ssal.<\/p>\n<p><br>Bog\u00e1rn\u00e9 Sz\u0151ke Erika elmondta, a ki\u00e1ll\u00edt\u00e1s java r\u00e9sze a mez\u0151ber\u00e9nyi \u00f6r\u00f6ks\u00e9gb\u0151l k\u00e9sz\u00fclt. A v\u00e1ros b\u00fcszke lehet gazdag n\u00e9pm\u0171v\u00e9szet\u00e9re \u00e9s abban a h\u00edmz\u00e9sekre. A t\u00e1rlat kisebb r\u00e9sze a K\u00e1rp\u00e1t-medencei hagyom\u00e1nyokat mutatja be.&nbsp;<\/p>\n<p><br>A megnyit\u00f3n Babinszki Panna n\u00e9pdalokat adott el\u0151.<\/p>\n<p><br>A t\u00e1rlat megtekinthet\u0151 febru\u00e1r 27-ig az int\u00e9zm\u00e9ny nyitvatart\u00e1si idej\u00e9ben.<\/p>\n<p>A rendezv\u00e9nyt vissza n\u00e9zhetik a <a href=\"https:\/\/www.youtube.com\/watch?v=c169cwOWMQA\">youtube<\/a>-on<\/p>\n<p style=\"text-align: center;\"><a href=\"https:\/\/muvhaz.orlaihaz.mezobereny.hu\/index.php\/nggallery\/album\/a-diszitomuveszeti-kor-kiallitasa-2024-februar-06?page_id=7926\">Gal\u00e9ria<\/a><\/p>","protected":false},"excerpt":{"rendered":"<p>Az Orlai h\u00e1z D\u00edsz\u00edt\u0151m\u0171v\u00e9szeti K\u00f6r\u00e9t t\u00edz \u00e9ve vezeti Bog\u00e1rn\u00e9 Sz\u0151ke Erika, aki tavaly decemberben a B\u00e9k\u00e9s Megyei N\u00e9pm\u0171v\u00e9szeti Egyes\u00fclet \u00fcnnepi k\u00f6zgy\u0171l\u00e9s\u00e9n vehette \u00e1t az \u201e\u00c9v k\u00f6z\u00f6ss\u00e9ge-d\u00edjat\u201d. Ez alkalomb\u00f3l az elm\u00falt [&hellip;]<\/p>\n","protected":false},"author":1,"featured_media":34857,"comment_status":"closed","ping_status":"open","sticky":false,"template":"","format":"standard","meta":{"site-sidebar-layout":"default","site-content-layout":"","ast-site-content-layout":"","site-content-style":"default","site-sidebar-style":"default","ast-global-header-display":"","ast-banner-title-visibility":"","ast-main-header-display":"","ast-hfb-above-header-display":"","ast-hfb-below-header-display":"","ast-hfb-mobile-header-display":"","site-post-title":"","ast-breadcrumbs-content":"","ast-featured-img":"","footer-sml-layout":"","theme-transparent-header-meta":"","adv-header-id-meta":"","stick-header-meta":"","header-above-stick-meta":"","header-main-stick-meta":"","header-below-stick-meta":"","astra-migrate-meta-layouts":"default","ast-page-background-enabled":"default","ast-page-background-meta":{"desktop":{"background-color":"var(--ast-global-color-4)","background-image":"","background-repeat":"repeat","background-position":"center center","background-size":"auto","background-attachment":"scroll","background-type":"","background-media":"","overlay-type":"","overlay-color":"","overlay-opacity":"","overlay-gradient":""},"tablet":{"background-color":"","background-image":"","background-repeat":"repeat","background-position":"center center","background-size":"auto","background-attachment":"scroll","background-type":"","background-media":"","overlay-type":"","overlay-color":"","overlay-opacity":"","overlay-gradient":""},"mobile":{"background-color":"","background-image":"","background-repeat":"repeat","background-position":"center center","background-size":"auto","background-attachment":"scroll","background-type":"","background-media":"","overlay-type":"","overlay-color":"","overlay-opacity":"","overlay-gradient":""}},"ast-content-background-meta":{"desktop":{"background-color":"var(--ast-global-color-5)","background-image":"","background-repeat":"repeat","background-position":"center center","background-size":"auto","background-attachment":"scroll","background-type":"","background-media":"","overlay-type":"","overlay-color":"","overlay-opacity":"","overlay-gradient":""},"tablet":{"background-color":"var(--ast-global-color-5)","background-image":"","background-repeat":"repeat","background-position":"center center","background-size":"auto","background-attachment":"scroll","background-type":"","background-media":"","overlay-type":"","overlay-color":"","overlay-opacity":"","overlay-gradient":""},"mobile":{"background-color":"var(--ast-global-color-5)","background-image":"","background-repeat":"repeat","background-position":"center center","background-size":"auto","background-attachment":"scroll","background-type":"","background-media":"","overlay-type":"","overlay-color":"","overlay-opacity":"","overlay-gradient":""}},"ngg_post_thumbnail":0,"footnotes":""},"categories":[1],"tags":[],"class_list":["post-34855","post","type-post","status-publish","format-standard","has-post-thumbnail","hentry"],"jetpack_featured_media_url":"https:\/\/muvhaz.orlaihaz.mezobereny.hu\/wp-content\/uploads\/sites\/2\/2024\/06\/Diszitomuveszeti-kor-kiallitasa-PLAKAT.jpg","_links":{"self":[{"href":"https:\/\/muvhaz.orlaihaz.mezobereny.hu\/index.php?rest_route=\/wp\/v2\/posts\/34855"}],"collection":[{"href":"https:\/\/muvhaz.orlaihaz.mezobereny.hu\/index.php?rest_route=\/wp\/v2\/posts"}],"about":[{"href":"https:\/\/muvhaz.orlaihaz.mezobereny.hu\/index.php?rest_route=\/wp\/v2\/types\/post"}],"author":[{"embeddable":true,"href":"https:\/\/muvhaz.orlaihaz.mezobereny.hu\/index.php?rest_route=\/wp\/v2\/users\/1"}],"replies":[{"embeddable":true,"href":"https:\/\/muvhaz.orlaihaz.mezobereny.hu\/index.php?rest_route=%2Fwp%2Fv2%2Fcomments&post=34855"}],"version-history":[{"count":1,"href":"https:\/\/muvhaz.orlaihaz.mezobereny.hu\/index.php?rest_route=\/wp\/v2\/posts\/34855\/revisions"}],"predecessor-version":[{"id":34860,"href":"https:\/\/muvhaz.orlaihaz.mezobereny.hu\/index.php?rest_route=\/wp\/v2\/posts\/34855\/revisions\/34860"}],"wp:featuredmedia":[{"embeddable":true,"href":"https:\/\/muvhaz.orlaihaz.mezobereny.hu\/index.php?rest_route=\/wp\/v2\/media\/34857"}],"wp:attachment":[{"href":"https:\/\/muvhaz.orlaihaz.mezobereny.hu\/index.php?rest_route=%2Fwp%2Fv2%2Fmedia&parent=34855"}],"wp:term":[{"taxonomy":"category","embeddable":true,"href":"https:\/\/muvhaz.orlaihaz.mezobereny.hu\/index.php?rest_route=%2Fwp%2Fv2%2Fcategories&post=34855"},{"taxonomy":"post_tag","embeddable":true,"href":"https:\/\/muvhaz.orlaihaz.mezobereny.hu\/index.php?rest_route=%2Fwp%2Fv2%2Ftags&post=34855"}],"curies":[{"name":"wp","href":"https:\/\/api.w.org\/{rel}","templated":true}]}}