{"id":34867,"date":"2024-02-12T08:59:00","date_gmt":"2024-02-12T07:59:00","guid":{"rendered":"https:\/\/muvhaz.orlaihaz.mezobereny.hu\/?p=34867"},"modified":"2024-06-07T09:03:04","modified_gmt":"2024-06-07T07:03:04","slug":"34867","status":"publish","type":"post","link":"https:\/\/muvhaz.orlaihaz.mezobereny.hu\/?p=34867","title":{"rendered":"Ilyen volt \u2013 a vasipari sz\u00f6vetkezet"},"content":{"rendered":"\n<p><br>\u201eIlyen volt\u201d c\u00edmmel 2024. febru\u00e1r 9-\u00e9n az Orlai h\u00e1zban ki\u00e1ll\u00edt\u00e1s ny\u00edlt a Mez\u0151ber\u00e9nyi M\u0171szaki Vasipari Sz\u00f6vetkezetr\u0151l. A hajdani term\u00e9kekb\u0151l, dokumentumokb\u00f3l, arch\u00edv fot\u00f3kb\u00f3l \u00e1ll\u00f3 t\u00e1rlatot Krcsm\u00e1rik M\u00e1rton egykori \u00fczemvezet\u0151 nyitotta meg. Elmondta, hogy sz\u00f6vetkezet\u00fcket 1951-ben alap\u00edtott\u00e1k, kezdetben dolgoztak lakatos-, b\u00e1dogos- \u00e9s kov\u00e1csm\u0171helyben, foglalkoztak villany-, motor- \u00e9s t\u00e9v\u00e9szerel\u00e9ssel is.\u00a0<\/p>\n\n\n\n<figure class=\"wp-block-image aligncenter size-large is-resized\"><img fetchpriority=\"high\" decoding=\"async\" width=\"1024\" height=\"683\" src=\"https:\/\/muvhaz.orlaihaz.mezobereny.hu\/wp-content\/uploads\/sites\/2\/2024\/06\/OPS_0043_oh-1024x683.jpg\" alt=\"\" class=\"wp-image-34868\" style=\"aspect-ratio:1.499267935578331;width:751px;height:auto\" srcset=\"https:\/\/muvhaz.orlaihaz.mezobereny.hu\/wp-content\/uploads\/sites\/2\/2024\/06\/OPS_0043_oh-1024x683.jpg 1024w, https:\/\/muvhaz.orlaihaz.mezobereny.hu\/wp-content\/uploads\/sites\/2\/2024\/06\/OPS_0043_oh-300x200.jpg 300w, https:\/\/muvhaz.orlaihaz.mezobereny.hu\/wp-content\/uploads\/sites\/2\/2024\/06\/OPS_0043_oh-768x512.jpg 768w, https:\/\/muvhaz.orlaihaz.mezobereny.hu\/wp-content\/uploads\/sites\/2\/2024\/06\/OPS_0043_oh.jpg 1484w\" sizes=\"(max-width: 1024px) 100vw, 1024px\" \/><\/figure>\n\n\n<p>A telephely\u00fck a F\u0151 \u00fat 3. sz\u00e1m alatt volt, a mai sz\u00f3d\u00e1s \u00fczem telk\u00e9n, dolgoztak a k\u00f6rnyez\u0151 telep\u00fcl\u00e9seken is: Gyom\u00e1n \u00e9s B\u00e9k\u00e9sen lakatosok, K\u00f6r\u00f6starcs\u00e1n kov\u00e1csok, V\u00e9szt\u0151n pedig r\u00e1di\u00f3- \u00e9s t\u00e9v\u00e9szerel\u0151k. Kezdetben sok \u00f6lt\u00f6z\u0151szekr\u00e9nyt gy\u00e1rtottak \u2013 akkor m\u00e9g szegecsel\u00e9ssel \u2013, valamint \u00fcsth\u00e1zakat, f\u00fcstcs\u00f6veket, vedreket \u00e9s m\u00e1s egyebet. A f\u00e9m j\u00e1t\u00e9kokat 1967-t\u0151l \u00e1ll\u00edtottak el\u0151, a hetvenes \u00e9vek elej\u00e9n k\u00f6lt\u00f6ztek \u00e1t a Gyomai \u00fati telep\u00fckre. Itt a fejleszt\u00e9sek eredm\u00e9nyek\u00e9nt k\u00e9t \u00fczemet alak\u00edtottak ki, az egyikben v\u00e9gezt\u00e9k a lakatosmunk\u00e1t, a m\u00e1sikban pedig f\u00e9mt\u00f6megcikkeket \u00e1ll\u00edtottak el\u0151. A lakatos\u00fczemben f\u0151leg \u00f6lt\u00f6z\u0151-, irat- \u00e9s fegyverszekr\u00e9nyek, illetve irodab\u00fatorok, trezorok, valamint cs\u0151szerel\u00e9shez sz\u00fcks\u00e9ges term\u00e9kek k\u00e9sz\u00fcltek. F\u00e9mt\u00f6megcikkekb\u0151l f\u00e9mj\u00e1t\u00e9kokat, \u00fagynevezett litograf\u00e1lt term\u00e9keket: t\u00e1lc\u00e1kat, dobozokat \u00e9s falv\u00e9d\u0151ket gy\u00e1rtottak, tov\u00e1bb\u00e1 z\u00e9gergy\u0171r\u0171ket is.&nbsp;<\/p>\n<p><br>A nyolcvanas \u00e9vekben a k\u00fclkapcsolatok b\u0151v\u00fcl\u00e9se r\u00e9v\u00e9n a termel\u00e9s nyolcvan sz\u00e1zal\u00e9ka exportra ment, f\u0151leg Jugoszl\u00e1vi\u00e1ba, Hollandi\u00e1ba, N\u00e9metorsz\u00e1gba, Franciaorsz\u00e1gba \u00e9s Finnorsz\u00e1gba. Ebben az id\u0151ben a sz\u00f6vetkezet 250-300 dolgoz\u00f3nak ny\u00fajtott meg\u00e9lhet\u00e9st. Sajnos a privatiz\u00e1ci\u00f3 ut\u00e1n fel\u00e9lte tartal\u00e9kait, \u00e9s a 90-es \u00e9vekben v\u00e9gleg bez\u00e1rt.<\/p>\n<p><br>Git\u00e1ron k\u00f6zrem\u0171k\u00f6d\u00f6tt Kov\u00e1cs M\u00e1t\u00e9.&nbsp;<\/p>\n<p><br>A ki\u00e1ll\u00edt\u00e1s megtekinthet\u0151 2024. febru\u00e1r 27-ig az int\u00e9zm\u00e9ny nyitvatart\u00e1si idej\u00e9ben. &nbsp;<\/p>\n<p>A ki\u00e1ll\u00edt\u00e1st visszan\u00e9zhetik a <a href=\"https:\/\/www.youtube.com\/watch?v=Wk49u3pndq8\">Youtube<\/a>-on<\/p>\n<p style=\"text-align: center;\"><a href=\"https:\/\/muvhaz.orlaihaz.mezobereny.hu\/index.php\/nggallery\/album\/vasipari-szovetkezet-kiallitasa-2024-februar-09?page_id=7926\">Gal\u00e9ria<\/a><\/p>","protected":false},"excerpt":{"rendered":"<p>\u201eIlyen volt\u201d c\u00edmmel 2024. febru\u00e1r 9-\u00e9n az Orlai h\u00e1zban ki\u00e1ll\u00edt\u00e1s ny\u00edlt a Mez\u0151ber\u00e9nyi M\u0171szaki Vasipari Sz\u00f6vetkezetr\u0151l. A hajdani term\u00e9kekb\u0151l, dokumentumokb\u00f3l, arch\u00edv fot\u00f3kb\u00f3l \u00e1ll\u00f3 t\u00e1rlatot Krcsm\u00e1rik M\u00e1rton egykori \u00fczemvezet\u0151 nyitotta meg. [&hellip;]<\/p>\n","protected":false},"author":1,"featured_media":7587,"comment_status":"closed","ping_status":"open","sticky":false,"template":"","format":"standard","meta":{"site-sidebar-layout":"default","site-content-layout":"","ast-site-content-layout":"","site-content-style":"default","site-sidebar-style":"default","ast-global-header-display":"","ast-banner-title-visibility":"","ast-main-header-display":"","ast-hfb-above-header-display":"","ast-hfb-below-header-display":"","ast-hfb-mobile-header-display":"","site-post-title":"","ast-breadcrumbs-content":"","ast-featured-img":"","footer-sml-layout":"","theme-transparent-header-meta":"","adv-header-id-meta":"","stick-header-meta":"","header-above-stick-meta":"","header-main-stick-meta":"","header-below-stick-meta":"","astra-migrate-meta-layouts":"default","ast-page-background-enabled":"default","ast-page-background-meta":{"desktop":{"background-color":"var(--ast-global-color-4)","background-image":"","background-repeat":"repeat","background-position":"center center","background-size":"auto","background-attachment":"scroll","background-type":"","background-media":"","overlay-type":"","overlay-color":"","overlay-opacity":"","overlay-gradient":""},"tablet":{"background-color":"","background-image":"","background-repeat":"repeat","background-position":"center center","background-size":"auto","background-attachment":"scroll","background-type":"","background-media":"","overlay-type":"","overlay-color":"","overlay-opacity":"","overlay-gradient":""},"mobile":{"background-color":"","background-image":"","background-repeat":"repeat","background-position":"center center","background-size":"auto","background-attachment":"scroll","background-type":"","background-media":"","overlay-type":"","overlay-color":"","overlay-opacity":"","overlay-gradient":""}},"ast-content-background-meta":{"desktop":{"background-color":"var(--ast-global-color-5)","background-image":"","background-repeat":"repeat","background-position":"center center","background-size":"auto","background-attachment":"scroll","background-type":"","background-media":"","overlay-type":"","overlay-color":"","overlay-opacity":"","overlay-gradient":""},"tablet":{"background-color":"var(--ast-global-color-5)","background-image":"","background-repeat":"repeat","background-position":"center center","background-size":"auto","background-attachment":"scroll","background-type":"","background-media":"","overlay-type":"","overlay-color":"","overlay-opacity":"","overlay-gradient":""},"mobile":{"background-color":"var(--ast-global-color-5)","background-image":"","background-repeat":"repeat","background-position":"center center","background-size":"auto","background-attachment":"scroll","background-type":"","background-media":"","overlay-type":"","overlay-color":"","overlay-opacity":"","overlay-gradient":""}},"ngg_post_thumbnail":0,"footnotes":""},"categories":[1],"tags":[],"class_list":["post-34867","post","type-post","status-publish","format-standard","has-post-thumbnail","hentry"],"jetpack_featured_media_url":"https:\/\/muvhaz.orlaihaz.mezobereny.hu\/wp-content\/uploads\/sites\/2\/2024\/03\/Muszaki-PLAKAT.jpg","_links":{"self":[{"href":"https:\/\/muvhaz.orlaihaz.mezobereny.hu\/index.php?rest_route=\/wp\/v2\/posts\/34867"}],"collection":[{"href":"https:\/\/muvhaz.orlaihaz.mezobereny.hu\/index.php?rest_route=\/wp\/v2\/posts"}],"about":[{"href":"https:\/\/muvhaz.orlaihaz.mezobereny.hu\/index.php?rest_route=\/wp\/v2\/types\/post"}],"author":[{"embeddable":true,"href":"https:\/\/muvhaz.orlaihaz.mezobereny.hu\/index.php?rest_route=\/wp\/v2\/users\/1"}],"replies":[{"embeddable":true,"href":"https:\/\/muvhaz.orlaihaz.mezobereny.hu\/index.php?rest_route=%2Fwp%2Fv2%2Fcomments&post=34867"}],"version-history":[{"count":2,"href":"https:\/\/muvhaz.orlaihaz.mezobereny.hu\/index.php?rest_route=\/wp\/v2\/posts\/34867\/revisions"}],"predecessor-version":[{"id":34870,"href":"https:\/\/muvhaz.orlaihaz.mezobereny.hu\/index.php?rest_route=\/wp\/v2\/posts\/34867\/revisions\/34870"}],"wp:featuredmedia":[{"embeddable":true,"href":"https:\/\/muvhaz.orlaihaz.mezobereny.hu\/index.php?rest_route=\/wp\/v2\/media\/7587"}],"wp:attachment":[{"href":"https:\/\/muvhaz.orlaihaz.mezobereny.hu\/index.php?rest_route=%2Fwp%2Fv2%2Fmedia&parent=34867"}],"wp:term":[{"taxonomy":"category","embeddable":true,"href":"https:\/\/muvhaz.orlaihaz.mezobereny.hu\/index.php?rest_route=%2Fwp%2Fv2%2Fcategories&post=34867"},{"taxonomy":"post_tag","embeddable":true,"href":"https:\/\/muvhaz.orlaihaz.mezobereny.hu\/index.php?rest_route=%2Fwp%2Fv2%2Ftags&post=34867"}],"curies":[{"name":"wp","href":"https:\/\/api.w.org\/{rel}","templated":true}]}}