{"id":34879,"date":"2024-02-19T09:17:00","date_gmt":"2024-02-19T08:17:00","guid":{"rendered":"https:\/\/muvhaz.orlaihaz.mezobereny.hu\/?p=34879"},"modified":"2024-06-07T09:30:26","modified_gmt":"2024-06-07T07:30:26","slug":"varosi-farsang-2","status":"publish","type":"post","link":"https:\/\/muvhaz.orlaihaz.mezobereny.hu\/?p=34879","title":{"rendered":"V\u00e1rosi farsang"},"content":{"rendered":"\n<p>Hagyom\u00e1nyos v\u00e1rosi farsangj\u00e1t tartotta meg 2024. febru\u00e1r 16-\u00e1n az Orlai h\u00e1z. A Pitypang Zenekar gyermekm\u0171sora ut\u00e1n a gyerekek \u00e9s a feln\u0151ttek a sz\u00ednpadon mutatt\u00e1k be jelmez\u00fcket. \u00d6sszesen huszonh\u00e1rman neveztek, a n\u00e9gytag\u00fa zs\u0171ri: B\u00e1lint Anna, B\u00e1lint \u00c1gota, Han\u00f3 Krisztina \u00e9s Babinszki Panna h\u00e1rom kateg\u00f3ri\u00e1ban \u2013 gyermek, feln\u0151tt \u00e9s csoportos \u2013 \u00e9rt\u00e9kelte \u0151ket.<\/p>\n\n\n\n<figure class=\"wp-block-image aligncenter size-full is-resized\"><img fetchpriority=\"high\" decoding=\"async\" width=\"1024\" height=\"683\" src=\"https:\/\/muvhaz.orlaihaz.mezobereny.hu\/wp-content\/uploads\/sites\/2\/2024\/06\/0216-Varosi-farsang-az-Orlai-hazban.jpg\" alt=\"\" class=\"wp-image-34880\" style=\"aspect-ratio:1.499267935578331;width:673px;height:auto\" srcset=\"https:\/\/muvhaz.orlaihaz.mezobereny.hu\/wp-content\/uploads\/sites\/2\/2024\/06\/0216-Varosi-farsang-az-Orlai-hazban.jpg 1024w, https:\/\/muvhaz.orlaihaz.mezobereny.hu\/wp-content\/uploads\/sites\/2\/2024\/06\/0216-Varosi-farsang-az-Orlai-hazban-300x200.jpg 300w, https:\/\/muvhaz.orlaihaz.mezobereny.hu\/wp-content\/uploads\/sites\/2\/2024\/06\/0216-Varosi-farsang-az-Orlai-hazban-768x512.jpg 768w\" sizes=\"(max-width: 1024px) 100vw, 1024px\" \/><\/figure>\n\n\n<p>A Ber\u00e9ny T\u00e1ncegy\u00fcttes t\u00e1nch\u00e1z\u00e1ban a Ludas Zenekar h\u00fazta a talpal\u00e1val\u00f3t, ezt k\u00f6vet\u0151en hirdett\u00e9k ki a jelmezverseny eredm\u00e9ny\u00e9t. A gyerekek kateg\u00f3ri\u00e1j\u00e1ban Somogyi Fruzsina lett az els\u0151, \u0151 mobiltelefonnak \u00f6lt\u00f6z\u00f6tt, \u0151t Plavecz Kinga k\u00f6vette sell\u0151 jelmez\u00e9ben, a harmadik helyen Sz\u0171cs Szabolcs v\u00e9gzett mozdonyk\u00e9nt. &nbsp;<\/p>\n<p>&nbsp;<\/p>\n<p>A feln\u0151ttek k\u00f6z\u00f6tt Nagy Veronika gy\u0151z\u00f6tt \u00f6reg n\u00e9ne jelmez\u00e9ben, ezzel Ger\u00e9d Erzs\u00e9betet el\u0151zte meg, akik med\u00faz\u00e1nak \u00f6lt\u00f6z\u00f6tt, a harmadik helyen pedig Borgula Enik\u0151 v\u00e9gzett Minnie eg\u00e9r jelmez\u00e9t mag\u00e1ra \u00f6ltve. &nbsp;&nbsp;<\/p>\n<p>&nbsp;<\/p>\n<p>T\u00f6bb csal\u00e1d egy\u00fctt nevezett, ez\u00e9rt a zs\u0171ri l\u00e9trehozta a csoportos kateg\u00f3ri\u00e1t, ebben Kis H\u00e9di \u00e9s Kis P\u00e9ter v\u00e9gzett az \u00e9len, \u0151k Eszmeralda \u00e9s Quasimodo jelmez\u00e9be b\u00fajtak, a m\u00e1sodik helyet a Rusz csal\u00e1d szerezte meg Mancs \u0151rj\u00e1ratk\u00e9nt, a harmadik helyen a Weigert csal\u00e1d v\u00e9gzett, \u0151k bus\u00f3nak, boh\u00f3cnak \u00f6lt\u00f6ztek, illetve a 70-es \u00e9vek jelmez\u00e9t \u00f6lt\u00f6tt\u00e9k magukra. &nbsp;<\/p>\n<p>&nbsp;<\/p>\n<p>Ezen a d\u00e9lut\u00e1non a gyerekeket digit\u00e1lis j\u00e1tsz\u00f3t\u00e9r v\u00e1rta PS4-gyel, X-boksz-szal \u00e9s VR-ral, valamint l\u00e9ghokival \u00e9s csocs\u00f3val j\u00e1tszottak, illetve k\u00e9zm\u0171ves foglalkoz\u00e1son \u00e9s arcfest\u00e9sen vehettek r\u00e9szt, s\u0151t f\u00e1nkot is k\u00f3stolhattak. &nbsp; &nbsp;<\/p>\n<p>&nbsp;<\/p>\n<p>A t\u00f6bb \u00f3r\u00e1s programot a Gyomai \u00e9s az E\u00f6tv\u00f6s utca sark\u00e1n t\u00e9l\u0171z\u0151 t\u0171zgy\u00fajt\u00e1s z\u00e1rta.<\/p>\n<p>A rendezv\u00e9nyt vissza n\u00e9zhetik a <a href=\"https:\/\/www.youtube.com\/watch?v=zO4dzJjw8DQ\">Youtube<\/a>-on<\/p>\n<p style=\"text-align: center;\"><a href=\"https:\/\/muvhaz.orlaihaz.mezobereny.hu\/index.php\/nggallery\/album\/varosi-farsang-2024-februar-16?page_id=7899\">Gal\u00e9ria<\/a><\/p>","protected":false},"excerpt":{"rendered":"<p>Hagyom\u00e1nyos v\u00e1rosi farsangj\u00e1t tartotta meg 2024. febru\u00e1r 16-\u00e1n az Orlai h\u00e1z. A Pitypang Zenekar gyermekm\u0171sora ut\u00e1n a gyerekek \u00e9s a feln\u0151ttek a sz\u00ednpadon mutatt\u00e1k be jelmez\u00fcket. \u00d6sszesen huszonh\u00e1rman neveztek, a [&hellip;]<\/p>\n","protected":false},"author":1,"featured_media":7596,"comment_status":"closed","ping_status":"open","sticky":false,"template":"","format":"standard","meta":{"site-sidebar-layout":"default","site-content-layout":"","ast-site-content-layout":"","site-content-style":"default","site-sidebar-style":"default","ast-global-header-display":"","ast-banner-title-visibility":"","ast-main-header-display":"","ast-hfb-above-header-display":"","ast-hfb-below-header-display":"","ast-hfb-mobile-header-display":"","site-post-title":"","ast-breadcrumbs-content":"","ast-featured-img":"","footer-sml-layout":"","theme-transparent-header-meta":"","adv-header-id-meta":"","stick-header-meta":"","header-above-stick-meta":"","header-main-stick-meta":"","header-below-stick-meta":"","astra-migrate-meta-layouts":"default","ast-page-background-enabled":"default","ast-page-background-meta":{"desktop":{"background-color":"var(--ast-global-color-4)","background-image":"","background-repeat":"repeat","background-position":"center center","background-size":"auto","background-attachment":"scroll","background-type":"","background-media":"","overlay-type":"","overlay-color":"","overlay-opacity":"","overlay-gradient":""},"tablet":{"background-color":"","background-image":"","background-repeat":"repeat","background-position":"center center","background-size":"auto","background-attachment":"scroll","background-type":"","background-media":"","overlay-type":"","overlay-color":"","overlay-opacity":"","overlay-gradient":""},"mobile":{"background-color":"","background-image":"","background-repeat":"repeat","background-position":"center center","background-size":"auto","background-attachment":"scroll","background-type":"","background-media":"","overlay-type":"","overlay-color":"","overlay-opacity":"","overlay-gradient":""}},"ast-content-background-meta":{"desktop":{"background-color":"var(--ast-global-color-5)","background-image":"","background-repeat":"repeat","background-position":"center center","background-size":"auto","background-attachment":"scroll","background-type":"","background-media":"","overlay-type":"","overlay-color":"","overlay-opacity":"","overlay-gradient":""},"tablet":{"background-color":"var(--ast-global-color-5)","background-image":"","background-repeat":"repeat","background-position":"center center","background-size":"auto","background-attachment":"scroll","background-type":"","background-media":"","overlay-type":"","overlay-color":"","overlay-opacity":"","overlay-gradient":""},"mobile":{"background-color":"var(--ast-global-color-5)","background-image":"","background-repeat":"repeat","background-position":"center center","background-size":"auto","background-attachment":"scroll","background-type":"","background-media":"","overlay-type":"","overlay-color":"","overlay-opacity":"","overlay-gradient":""}},"ngg_post_thumbnail":0,"footnotes":""},"categories":[1],"tags":[],"class_list":["post-34879","post","type-post","status-publish","format-standard","has-post-thumbnail","hentry"],"jetpack_featured_media_url":"https:\/\/muvhaz.orlaihaz.mezobereny.hu\/wp-content\/uploads\/sites\/2\/2024\/03\/farsang_PLAKAT.jpg","_links":{"self":[{"href":"https:\/\/muvhaz.orlaihaz.mezobereny.hu\/index.php?rest_route=\/wp\/v2\/posts\/34879"}],"collection":[{"href":"https:\/\/muvhaz.orlaihaz.mezobereny.hu\/index.php?rest_route=\/wp\/v2\/posts"}],"about":[{"href":"https:\/\/muvhaz.orlaihaz.mezobereny.hu\/index.php?rest_route=\/wp\/v2\/types\/post"}],"author":[{"embeddable":true,"href":"https:\/\/muvhaz.orlaihaz.mezobereny.hu\/index.php?rest_route=\/wp\/v2\/users\/1"}],"replies":[{"embeddable":true,"href":"https:\/\/muvhaz.orlaihaz.mezobereny.hu\/index.php?rest_route=%2Fwp%2Fv2%2Fcomments&post=34879"}],"version-history":[{"count":1,"href":"https:\/\/muvhaz.orlaihaz.mezobereny.hu\/index.php?rest_route=\/wp\/v2\/posts\/34879\/revisions"}],"predecessor-version":[{"id":34881,"href":"https:\/\/muvhaz.orlaihaz.mezobereny.hu\/index.php?rest_route=\/wp\/v2\/posts\/34879\/revisions\/34881"}],"wp:featuredmedia":[{"embeddable":true,"href":"https:\/\/muvhaz.orlaihaz.mezobereny.hu\/index.php?rest_route=\/wp\/v2\/media\/7596"}],"wp:attachment":[{"href":"https:\/\/muvhaz.orlaihaz.mezobereny.hu\/index.php?rest_route=%2Fwp%2Fv2%2Fmedia&parent=34879"}],"wp:term":[{"taxonomy":"category","embeddable":true,"href":"https:\/\/muvhaz.orlaihaz.mezobereny.hu\/index.php?rest_route=%2Fwp%2Fv2%2Fcategories&post=34879"},{"taxonomy":"post_tag","embeddable":true,"href":"https:\/\/muvhaz.orlaihaz.mezobereny.hu\/index.php?rest_route=%2Fwp%2Fv2%2Ftags&post=34879"}],"curies":[{"name":"wp","href":"https:\/\/api.w.org\/{rel}","templated":true}]}}