{"id":34921,"date":"2024-04-18T11:30:00","date_gmt":"2024-04-18T09:30:00","guid":{"rendered":"https:\/\/muvhaz.orlaihaz.mezobereny.hu\/?p=34921"},"modified":"2024-06-12T11:32:57","modified_gmt":"2024-06-12T09:32:57","slug":"csaladi-emlekek-3","status":"publish","type":"post","link":"https:\/\/muvhaz.orlaihaz.mezobereny.hu\/?p=34921","title":{"rendered":"Csal\u00e1di eml\u00e9kek"},"content":{"rendered":"\n<p><br>\u201eCsal\u00e1di eml\u00e9kek\u201d c\u00edmmel Fazekasn\u00e9 Pik\u00f3 R\u00f3za mag\u00e1ngy\u0171jtem\u00e9ny\u00e9nek legszebb darabjait mutatja be az Orlai h\u00e1z 2024. \u00e1prilis 9-t\u0151l.\u00a0<\/p>\n\n\n\n<figure class=\"wp-block-image aligncenter size-large is-resized\"><img fetchpriority=\"high\" decoding=\"async\" width=\"683\" height=\"1024\" src=\"https:\/\/muvhaz.orlaihaz.mezobereny.hu\/wp-content\/uploads\/sites\/2\/2024\/06\/OPS_0058_oh-683x1024.jpg\" alt=\"\" class=\"wp-image-34922\" style=\"aspect-ratio:0.6669921875;width:327px;height:auto\" srcset=\"https:\/\/muvhaz.orlaihaz.mezobereny.hu\/wp-content\/uploads\/sites\/2\/2024\/06\/OPS_0058_oh-683x1024.jpg 683w, https:\/\/muvhaz.orlaihaz.mezobereny.hu\/wp-content\/uploads\/sites\/2\/2024\/06\/OPS_0058_oh-200x300.jpg 200w, https:\/\/muvhaz.orlaihaz.mezobereny.hu\/wp-content\/uploads\/sites\/2\/2024\/06\/OPS_0058_oh-768x1151.jpg 768w, https:\/\/muvhaz.orlaihaz.mezobereny.hu\/wp-content\/uploads\/sites\/2\/2024\/06\/OPS_0058_oh.jpg 990w\" sizes=\"(max-width: 683px) 100vw, 683px\" \/><\/figure>\n\n\n<p>A t\u00e1rlatot Fazekas Kl\u00e1ra mesterpedag\u00f3gus nyitotta meg, elmondta, Fazekasn\u00e9 Pik\u00f3 R\u00f3za 1946-ban sz\u00fcletett K\u00f6r\u00f6starcs\u00e1n, a csal\u00e1d 1947-ben k\u00f6lt\u00f6z\u00f6tt \u00e1t Mez\u0151ber\u00e9nybe. Az \u00e1ltal\u00e1nos iskol\u00e1t itt v\u00e9gezte el a v\u00e1rosban, majd 1961-t\u0151l \u201965-ig a Szabadk\u00edgy\u00f3si Mez\u0151gazdas\u00e1gi Technikumban tanult. Tanulm\u00e1nyai befejez\u00e9se ut\u00e1n az Aranykal\u00e1sz Mez\u0151gazdas\u00e1gi Termel\u0151sz\u00f6vetkezetben dolgozott el\u0151bb munka\u00fcgyi \u00fcgyint\u00e9z\u0151k\u00e9nt, majd 1988-t\u00f3l a szarvasmarhatelepet vezette. &nbsp;A f\u00e9rje, Fazekas Istv\u00e1n ugyanitt a sz\u00e1r\u00edt\u00f3- \u00e9s kever\u0151\u00fczem vezet\u0151je volt.&nbsp;<\/p>\n<p><br>Fazekas Kl\u00e1ra sz\u00f3lt arr\u00f3l, \u00e9desanyja a vend\u00e9geknek mindig szeretettel mutatja csal\u00e1di gy\u0171jtem\u00e9ny\u00e9t, a sz\u00fcl\u0151kt\u0151l, nagysz\u00fcl\u0151kt\u0151l \u00f6r\u00f6k\u00f6lt t\u00e1rgyakat. Ezek j\u00f3l kifejezik a csal\u00e1d \u00e9rt\u00e9k\u00e9t, hiszen az egyszerre m\u00falt, jelen \u00e9s j\u00f6v\u0151.&nbsp;<\/p>\n<p>Fazekasn\u00e9 Pik\u00f3 R\u00f3za kiemelte, valamennyi ki\u00e1ll\u00edtott t\u00e1rgynak t\u00f6rt\u00e9nete van, mikor a m\u00e1sodik vil\u00e1gh\u00e1bor\u00fa ut\u00e1n \u00e9desapja hazaj\u00f6tt az amerikai hadifogs\u00e1gb\u00f3l, mag\u00e1val hozta a kanal\u00e1t, ez is l\u00e1that\u00f3 a t\u00e1rlatban. &nbsp;<\/p>\n<p><br>A megnyit\u00f3n a k\u00f6zrem\u0171k\u00f6dtek a Mez\u0151ber\u00e9nyi \u00c1ltal\u00e1nos Iskola, Alapfok\u00fa M\u0171v\u00e9szeti Iskola \u00e9s Koll\u00e9gium csell\u00f3tanszakos n\u00f6vend\u00e9kei, felk\u00e9sz\u00edt\u0151j\u00fck Fejes Antal gordonkam\u0171v\u00e9sz.<\/p>\n<p>A ki\u00e1ll\u00edt\u00e1s megtekinthet\u0151 \u2013 az int\u00e9zm\u00e9ny nyitvatart\u00e1si idej\u00e9ben \u2013 \u00e1prilis 30-ig. &nbsp;&nbsp;<\/p>\n<p>A ki\u00e1ll\u00edt\u00e1s megnyit\u00f3j\u00e1t visszan\u00e9zhetik a<a href=\"https:\/\/www.youtube.com\/watch?v=3XuQjm7SiLI\"> Youtube<\/a>-on<\/p>\n<p style=\"text-align: center;\"><a href=\"https:\/\/muvhaz.orlaihaz.mezobereny.hu\/index.php\/nggallery\/album\/csaladi-emlekek-kiallitasa-2024-aprilis-09?page_id=7926\">Gal\u00e9ria<\/a><\/p>","protected":false},"excerpt":{"rendered":"<p>\u201eCsal\u00e1di eml\u00e9kek\u201d c\u00edmmel Fazekasn\u00e9 Pik\u00f3 R\u00f3za mag\u00e1ngy\u0171jtem\u00e9ny\u00e9nek legszebb darabjait mutatja be az Orlai h\u00e1z 2024. \u00e1prilis 9-t\u0151l.\u00a0 A t\u00e1rlatot Fazekas Kl\u00e1ra mesterpedag\u00f3gus nyitotta meg, elmondta, Fazekasn\u00e9 Pik\u00f3 R\u00f3za 1946-ban sz\u00fcletett [&hellip;]<\/p>\n","protected":false},"author":1,"featured_media":7774,"comment_status":"closed","ping_status":"open","sticky":false,"template":"","format":"standard","meta":{"site-sidebar-layout":"default","site-content-layout":"","ast-site-content-layout":"","site-content-style":"default","site-sidebar-style":"default","ast-global-header-display":"","ast-banner-title-visibility":"","ast-main-header-display":"","ast-hfb-above-header-display":"","ast-hfb-below-header-display":"","ast-hfb-mobile-header-display":"","site-post-title":"","ast-breadcrumbs-content":"","ast-featured-img":"","footer-sml-layout":"","theme-transparent-header-meta":"","adv-header-id-meta":"","stick-header-meta":"","header-above-stick-meta":"","header-main-stick-meta":"","header-below-stick-meta":"","astra-migrate-meta-layouts":"default","ast-page-background-enabled":"default","ast-page-background-meta":{"desktop":{"background-color":"var(--ast-global-color-4)","background-image":"","background-repeat":"repeat","background-position":"center center","background-size":"auto","background-attachment":"scroll","background-type":"","background-media":"","overlay-type":"","overlay-color":"","overlay-opacity":"","overlay-gradient":""},"tablet":{"background-color":"","background-image":"","background-repeat":"repeat","background-position":"center center","background-size":"auto","background-attachment":"scroll","background-type":"","background-media":"","overlay-type":"","overlay-color":"","overlay-opacity":"","overlay-gradient":""},"mobile":{"background-color":"","background-image":"","background-repeat":"repeat","background-position":"center center","background-size":"auto","background-attachment":"scroll","background-type":"","background-media":"","overlay-type":"","overlay-color":"","overlay-opacity":"","overlay-gradient":""}},"ast-content-background-meta":{"desktop":{"background-color":"var(--ast-global-color-5)","background-image":"","background-repeat":"repeat","background-position":"center center","background-size":"auto","background-attachment":"scroll","background-type":"","background-media":"","overlay-type":"","overlay-color":"","overlay-opacity":"","overlay-gradient":""},"tablet":{"background-color":"var(--ast-global-color-5)","background-image":"","background-repeat":"repeat","background-position":"center center","background-size":"auto","background-attachment":"scroll","background-type":"","background-media":"","overlay-type":"","overlay-color":"","overlay-opacity":"","overlay-gradient":""},"mobile":{"background-color":"var(--ast-global-color-5)","background-image":"","background-repeat":"repeat","background-position":"center center","background-size":"auto","background-attachment":"scroll","background-type":"","background-media":"","overlay-type":"","overlay-color":"","overlay-opacity":"","overlay-gradient":""}},"ngg_post_thumbnail":0,"footnotes":""},"categories":[1],"tags":[],"class_list":["post-34921","post","type-post","status-publish","format-standard","has-post-thumbnail","hentry"],"jetpack_featured_media_url":"https:\/\/muvhaz.orlaihaz.mezobereny.hu\/wp-content\/uploads\/sites\/2\/2024\/03\/csaladi-emlekek-kialliitas-PLAKAT.jpg","_links":{"self":[{"href":"https:\/\/muvhaz.orlaihaz.mezobereny.hu\/index.php?rest_route=\/wp\/v2\/posts\/34921"}],"collection":[{"href":"https:\/\/muvhaz.orlaihaz.mezobereny.hu\/index.php?rest_route=\/wp\/v2\/posts"}],"about":[{"href":"https:\/\/muvhaz.orlaihaz.mezobereny.hu\/index.php?rest_route=\/wp\/v2\/types\/post"}],"author":[{"embeddable":true,"href":"https:\/\/muvhaz.orlaihaz.mezobereny.hu\/index.php?rest_route=\/wp\/v2\/users\/1"}],"replies":[{"embeddable":true,"href":"https:\/\/muvhaz.orlaihaz.mezobereny.hu\/index.php?rest_route=%2Fwp%2Fv2%2Fcomments&post=34921"}],"version-history":[{"count":1,"href":"https:\/\/muvhaz.orlaihaz.mezobereny.hu\/index.php?rest_route=\/wp\/v2\/posts\/34921\/revisions"}],"predecessor-version":[{"id":34923,"href":"https:\/\/muvhaz.orlaihaz.mezobereny.hu\/index.php?rest_route=\/wp\/v2\/posts\/34921\/revisions\/34923"}],"wp:featuredmedia":[{"embeddable":true,"href":"https:\/\/muvhaz.orlaihaz.mezobereny.hu\/index.php?rest_route=\/wp\/v2\/media\/7774"}],"wp:attachment":[{"href":"https:\/\/muvhaz.orlaihaz.mezobereny.hu\/index.php?rest_route=%2Fwp%2Fv2%2Fmedia&parent=34921"}],"wp:term":[{"taxonomy":"category","embeddable":true,"href":"https:\/\/muvhaz.orlaihaz.mezobereny.hu\/index.php?rest_route=%2Fwp%2Fv2%2Fcategories&post=34921"},{"taxonomy":"post_tag","embeddable":true,"href":"https:\/\/muvhaz.orlaihaz.mezobereny.hu\/index.php?rest_route=%2Fwp%2Fv2%2Ftags&post=34921"}],"curies":[{"name":"wp","href":"https:\/\/api.w.org\/{rel}","templated":true}]}}