{"id":34927,"date":"2024-04-18T11:39:00","date_gmt":"2024-04-18T09:39:00","guid":{"rendered":"https:\/\/muvhaz.orlaihaz.mezobereny.hu\/?p=34927"},"modified":"2024-06-12T11:44:08","modified_gmt":"2024-06-12T09:44:08","slug":"versunnep-kukorelly-endrevel-2","status":"publish","type":"post","link":"https:\/\/muvhaz.orlaihaz.mezobereny.hu\/?p=34927","title":{"rendered":"Vers\u00fcnnep Kukorelly Endr\u00e9vel"},"content":{"rendered":"\n<p>A magyar k\u00f6lt\u00e9szet napja alkalm\u00e1b\u00f3l 2024. \u00e1prilis 12-\u00e9n Vers\u00fcnnepet tartottak az Orlai h\u00e1z Pet\u0151fi-eml\u00e9kterm\u00e9ben.\u00a0<\/p>\n\n\n\n<figure class=\"wp-block-image aligncenter size-large is-resized\"><img fetchpriority=\"high\" decoding=\"async\" width=\"1024\" height=\"683\" src=\"https:\/\/muvhaz.orlaihaz.mezobereny.hu\/wp-content\/uploads\/sites\/2\/2024\/06\/OPS_0020_KE-1024x683.jpg\" alt=\"\" class=\"wp-image-34928\" style=\"aspect-ratio:1.499267935578331;width:553px;height:auto\" srcset=\"https:\/\/muvhaz.orlaihaz.mezobereny.hu\/wp-content\/uploads\/sites\/2\/2024\/06\/OPS_0020_KE-1024x683.jpg 1024w, https:\/\/muvhaz.orlaihaz.mezobereny.hu\/wp-content\/uploads\/sites\/2\/2024\/06\/OPS_0020_KE-300x200.jpg 300w, https:\/\/muvhaz.orlaihaz.mezobereny.hu\/wp-content\/uploads\/sites\/2\/2024\/06\/OPS_0020_KE-768x512.jpg 768w, https:\/\/muvhaz.orlaihaz.mezobereny.hu\/wp-content\/uploads\/sites\/2\/2024\/06\/OPS_0020_KE.jpg 1484w\" sizes=\"(max-width: 1024px) 100vw, 1024px\" \/><\/figure>\n\n\n<p>Kukorelly Endre \u00edr\u00f3, k\u00f6lt\u0151, a kort\u00e1rs irodalom meghat\u00e1roz\u00f3 alkot\u00f3ja \u2013 Moln\u00e1r Lajos, az Orlai h\u00e1z munkat\u00e1rsa k\u00e9rd\u00e9s\u00e9re v\u00e1laszolva \u2013 elmondta, bosszantotta, hogy n\u00e9h\u00e1ny koll\u00e9g\u00e1ja kiv\u00e1l\u00f3 k\u00f6nyv\u00e9t nem, vagy csak nehezen adj\u00e1k ki, ez\u00e9rt hozta l\u00e9tre a K. E. R.T. Kiad\u00f3t. Eddig \u00f6t k\u00f6nyvet adott ki, k\u00f6zt\u00fck \u201eLaikus t\u00e1j\u00e9koz\u00f3d\u00e1s\u201d c\u00edmmel a k\u00e9pz\u0151m\u0171v\u00e9szeti t\u00e1rgy\u00fa \u00edr\u00e1sait. B\u00e1r nem k\u00e9pz\u0151m\u0171v\u00e9sz, nem is m\u0171v\u00e9szett\u00f6rt\u00e9n\u00e9sz, de sok ki\u00e1ll\u00edt\u00e1st nyitott meg, t\u00f6bb k\u00e9pz\u0151m\u0171v\u00e9szeti t\u00e1rgy\u00fa \u00edr\u00e1sa sz\u00fcletett. Mivel a k\u00f6tet t\u00f6bb k\u00e9pet tartalmaz, ez\u00e9rt igen dr\u00e1ga, \u00e9s m\u00e1s kiad\u00f3t nem akart vele terhelni, ez\u00e9rt maga adta ki.&nbsp;<\/p>\n<p>A rendezv\u00e9ny napj\u00e1n, \u00e1prilis 12-\u00e9n jelentette be M\u00e9sz\u00e1ros S\u00e1ndor, a Kalligram Kiad\u00f3 igazgat\u00f3ja, hogy nyomd\u00e1ba adt\u00e1k Kukorelly Endre \u201eH\u00e1z, h\u00e1bor\u00fa, halott\u201d c\u00edm\u0171 \u00faj reg\u00e9ny\u00e9t. E m\u0171fajban ez a negyedik. A reg\u00e9ny egy csal\u00e1d t\u00f6rt\u00e9net\u00e9t id\u00e9zi meg az els\u0151 vil\u00e1gh\u00e1bor\u00fat\u00f3l a covid id\u0151szak\u00e1ig.&nbsp;<\/p>\n<p>Mik\u00e9nt az elm\u00falt esztend\u0151kben, most is a k\u00f6lt\u00e9szet napja alkalm\u00e1b\u00f3l hirdett\u00e9k ki a int\u00e9zm\u00e9ny vers- \u00e9s novella\u00edr\u00f3 p\u00e1ly\u00e1zat\u00e1nak eredm\u00e9ny\u00e9t. A felh\u00edv\u00e1sra verseket huszonegyen k\u00fcldtek be,\u2013 a mez\u0151ber\u00e9nyiek mellett \u2013 tollat, illetve klaviat\u00far\u00e1t ragadtak a b\u00e9k\u00e9scsabai, a b\u00e9k\u00e9si, a sarkadi, a v\u00e9szt\u0151i, a k\u00f6r\u00f6slad\u00e1nyi, a gyomaendr\u0151di, a d\u00e9vav\u00e1nyai \u00e9s a k\u00f6r\u00f6starcsai alkot\u00f3k is. &nbsp;Bancsi \u00c1rp\u00e1d Istv\u00e1n a zs\u0171ri tagjak\u00e9nt elmondta, a versek k\u00f6z\u00f6tt a legjobbnak F\u00f6ldesi Zolt\u00e1n jr. sz\u00f6vegeit tal\u00e1lt\u00e1k, \u0151 lett az els\u0151, m\u00e1sodik helyen B. Moln\u00e1r Albert v\u00e9gzett, a harmadik helyet Magyari Barna szerezte meg. K\u00fcl\u00f6nd\u00edjat kapott Szebegyinszky R\u00e9ka \u00e9s Katona Katalin. Novella kateg\u00f3ri\u00e1j\u00e1ban t\u00edzen k\u00fcldt\u00e9k be munk\u00e1ikat, k\u00f6z\u00fcl\u00fck Nagyn\u00e9 Szatm\u00e1ri Be\u00e1ta v\u00e9gzett az \u00e9len, Sas \u00c9va \u00e9s Szebegyinszky R\u00e9ka el\u0151tt.&nbsp;<\/p>\n<p>A tartalmas Vers\u00fcnnep megzen\u00e9s\u00edtett k\u00f6ltem\u00e9nyekkel z\u00e1rult, ezeket a T\u0171zmened\u00e9k egy\u00fcttes adta el\u0151. A gyomaend\u0151di pedag\u00f3gusok alkotta, k\u00f6zel k\u00e9t \u00e9vtizede m\u0171k\u00f6d\u0151 zenekarnak nem ez volt az els\u0151 mez\u0151ber\u00e9nyi fell\u00e9p\u00e9se.&nbsp;<\/p>\n<p>A rendezv\u00e9nyt vissza n\u00e9zhetik a <a href=\"https:\/\/www.youtube.com\/watch?v=vz_534UBl0g\">Youtube<\/a>-on<\/p>\n<p style=\"text-align: center;\"><a href=\"https:\/\/muvhaz.orlaihaz.mezobereny.hu\/index.php\/nggallery\/album\/versunnep-kukorelly-endrevel-2024-aprilis-12?page_id=34581\">Gal\u00e9ria<\/a><\/p>","protected":false},"excerpt":{"rendered":"<p>A magyar k\u00f6lt\u00e9szet napja alkalm\u00e1b\u00f3l 2024. \u00e1prilis 12-\u00e9n Vers\u00fcnnepet tartottak az Orlai h\u00e1z Pet\u0151fi-eml\u00e9kterm\u00e9ben.\u00a0 Kukorelly Endre \u00edr\u00f3, k\u00f6lt\u0151, a kort\u00e1rs irodalom meghat\u00e1roz\u00f3 alkot\u00f3ja \u2013 Moln\u00e1r Lajos, az Orlai h\u00e1z munkat\u00e1rsa [&hellip;]<\/p>\n","protected":false},"author":1,"featured_media":7780,"comment_status":"closed","ping_status":"open","sticky":false,"template":"","format":"standard","meta":{"site-sidebar-layout":"default","site-content-layout":"","ast-site-content-layout":"","site-content-style":"default","site-sidebar-style":"default","ast-global-header-display":"","ast-banner-title-visibility":"","ast-main-header-display":"","ast-hfb-above-header-display":"","ast-hfb-below-header-display":"","ast-hfb-mobile-header-display":"","site-post-title":"","ast-breadcrumbs-content":"","ast-featured-img":"","footer-sml-layout":"","theme-transparent-header-meta":"","adv-header-id-meta":"","stick-header-meta":"","header-above-stick-meta":"","header-main-stick-meta":"","header-below-stick-meta":"","astra-migrate-meta-layouts":"default","ast-page-background-enabled":"default","ast-page-background-meta":{"desktop":{"background-color":"var(--ast-global-color-4)","background-image":"","background-repeat":"repeat","background-position":"center center","background-size":"auto","background-attachment":"scroll","background-type":"","background-media":"","overlay-type":"","overlay-color":"","overlay-opacity":"","overlay-gradient":""},"tablet":{"background-color":"","background-image":"","background-repeat":"repeat","background-position":"center center","background-size":"auto","background-attachment":"scroll","background-type":"","background-media":"","overlay-type":"","overlay-color":"","overlay-opacity":"","overlay-gradient":""},"mobile":{"background-color":"","background-image":"","background-repeat":"repeat","background-position":"center center","background-size":"auto","background-attachment":"scroll","background-type":"","background-media":"","overlay-type":"","overlay-color":"","overlay-opacity":"","overlay-gradient":""}},"ast-content-background-meta":{"desktop":{"background-color":"var(--ast-global-color-5)","background-image":"","background-repeat":"repeat","background-position":"center center","background-size":"auto","background-attachment":"scroll","background-type":"","background-media":"","overlay-type":"","overlay-color":"","overlay-opacity":"","overlay-gradient":""},"tablet":{"background-color":"var(--ast-global-color-5)","background-image":"","background-repeat":"repeat","background-position":"center center","background-size":"auto","background-attachment":"scroll","background-type":"","background-media":"","overlay-type":"","overlay-color":"","overlay-opacity":"","overlay-gradient":""},"mobile":{"background-color":"var(--ast-global-color-5)","background-image":"","background-repeat":"repeat","background-position":"center center","background-size":"auto","background-attachment":"scroll","background-type":"","background-media":"","overlay-type":"","overlay-color":"","overlay-opacity":"","overlay-gradient":""}},"ngg_post_thumbnail":0,"footnotes":""},"categories":[1],"tags":[],"class_list":["post-34927","post","type-post","status-publish","format-standard","has-post-thumbnail","hentry"],"jetpack_featured_media_url":"https:\/\/muvhaz.orlaihaz.mezobereny.hu\/wp-content\/uploads\/sites\/2\/2024\/03\/versunnep-PLAKAT.jpg","_links":{"self":[{"href":"https:\/\/muvhaz.orlaihaz.mezobereny.hu\/index.php?rest_route=\/wp\/v2\/posts\/34927"}],"collection":[{"href":"https:\/\/muvhaz.orlaihaz.mezobereny.hu\/index.php?rest_route=\/wp\/v2\/posts"}],"about":[{"href":"https:\/\/muvhaz.orlaihaz.mezobereny.hu\/index.php?rest_route=\/wp\/v2\/types\/post"}],"author":[{"embeddable":true,"href":"https:\/\/muvhaz.orlaihaz.mezobereny.hu\/index.php?rest_route=\/wp\/v2\/users\/1"}],"replies":[{"embeddable":true,"href":"https:\/\/muvhaz.orlaihaz.mezobereny.hu\/index.php?rest_route=%2Fwp%2Fv2%2Fcomments&post=34927"}],"version-history":[{"count":1,"href":"https:\/\/muvhaz.orlaihaz.mezobereny.hu\/index.php?rest_route=\/wp\/v2\/posts\/34927\/revisions"}],"predecessor-version":[{"id":34930,"href":"https:\/\/muvhaz.orlaihaz.mezobereny.hu\/index.php?rest_route=\/wp\/v2\/posts\/34927\/revisions\/34930"}],"wp:featuredmedia":[{"embeddable":true,"href":"https:\/\/muvhaz.orlaihaz.mezobereny.hu\/index.php?rest_route=\/wp\/v2\/media\/7780"}],"wp:attachment":[{"href":"https:\/\/muvhaz.orlaihaz.mezobereny.hu\/index.php?rest_route=%2Fwp%2Fv2%2Fmedia&parent=34927"}],"wp:term":[{"taxonomy":"category","embeddable":true,"href":"https:\/\/muvhaz.orlaihaz.mezobereny.hu\/index.php?rest_route=%2Fwp%2Fv2%2Fcategories&post=34927"},{"taxonomy":"post_tag","embeddable":true,"href":"https:\/\/muvhaz.orlaihaz.mezobereny.hu\/index.php?rest_route=%2Fwp%2Fv2%2Ftags&post=34927"}],"curies":[{"name":"wp","href":"https:\/\/api.w.org\/{rel}","templated":true}]}}