{"id":34954,"date":"2024-05-03T12:42:00","date_gmt":"2024-05-03T10:42:00","guid":{"rendered":"https:\/\/muvhaz.orlaihaz.mezobereny.hu\/?p=34954"},"modified":"2024-06-13T09:49:57","modified_gmt":"2024-06-13T07:49:57","slug":"varosi-majalis-2","status":"publish","type":"post","link":"https:\/\/muvhaz.orlaihaz.mezobereny.hu\/?p=34954","title":{"rendered":"V\u00e1rosi maj\u00e1lis"},"content":{"rendered":"\n<p>Erre az \u00e9vre az Orlai h\u00e1z k\u00fcl\u00f6n\u00f6sen gazdag maj\u00e1list szervezett. A v\u00e1rosi ligetben m\u00e1jus elsej\u00e9n az eg\u00e9sz napos programot a sz\u00ednpadi m\u0171sor mellett t\u00f6bb verseny, ki\u00e1ll\u00edt\u00e1s \u00e9s bemutat\u00f3 sz\u00ednes\u00edtette.&nbsp;<\/p>\n\n\n\n<figure class=\"wp-block-image aligncenter size-large is-resized\"><img fetchpriority=\"high\" decoding=\"async\" width=\"1024\" height=\"683\" src=\"https:\/\/muvhaz.orlaihaz.mezobereny.hu\/wp-content\/uploads\/sites\/2\/2024\/06\/OPS_0012_oh-1024x683.jpg\" alt=\"\" class=\"wp-image-34955\" style=\"aspect-ratio:1.499267935578331;width:607px;height:auto\" srcset=\"https:\/\/muvhaz.orlaihaz.mezobereny.hu\/wp-content\/uploads\/sites\/2\/2024\/06\/OPS_0012_oh-1024x683.jpg 1024w, https:\/\/muvhaz.orlaihaz.mezobereny.hu\/wp-content\/uploads\/sites\/2\/2024\/06\/OPS_0012_oh-300x200.jpg 300w, https:\/\/muvhaz.orlaihaz.mezobereny.hu\/wp-content\/uploads\/sites\/2\/2024\/06\/OPS_0012_oh-768x512.jpg 768w, https:\/\/muvhaz.orlaihaz.mezobereny.hu\/wp-content\/uploads\/sites\/2\/2024\/06\/OPS_0012_oh.jpg 1484w\" sizes=\"(max-width: 1024px) 100vw, 1024px\" \/><\/figure>\n\n\n<p>Sikl\u00f3si Istv\u00e1n, polg\u00e1rmester k\u00f6sz\u00f6nt\u0151j\u00e9ben m\u00e9ltatta a szervez\u0151k munk\u00e1j\u00e1t, illetve azt k\u00edv\u00e1nta a f\u0151z\u0151csapatoknak, hogy a verseny r\u00e9v\u00e9n tov\u00e1bb \u00e9p\u00fclj\u00f6n a k\u00f6z\u00f6ss\u00e9g\u00fck. &nbsp;<\/p>\n<p>Pesti Zen\u00e9s Sz\u00ednpad sz\u00ednm\u0171v\u00e9szei Barangol\u00e1s a mes\u00e9k birodalm\u00e1ban c\u00edmmel mutatt\u00e1k be vid\u00e1m gyermekm\u0171sorukat. A d\u00e9li \u00f3r\u00e1kba T\u00edm\u00e1r Zsolttal j\u00f3 eb\u00e9dhez sz\u00f3lt a n\u00f3ta.&nbsp;<\/p>\n<p>A zen\u00e9s m\u0171sor sz\u00fcnet\u00e9ben a Mez\u0151ber\u00e9nyi V\u00e1rossz\u00e9p\u00edt\u0151 \u00e9s V\u00e1rosv\u00e9d\u0151 Egyes\u00fclet adta \u00e1t az idei \u00c9p\u00edtett \u00f6r\u00f6ks\u00e9g-d\u00edjat. Mint azt dr. Burj\u00e1n Katalin eln\u00f6k elmondta, a sorban ez a 23. elismer\u00e9s, \u00e9s a Puskin utca 22. sz\u00e1m alatti h\u00e1z tulajdonos\u00e1t, V\u00e1nyai Katalint \u00e9s \u00e9p\u00edttet\u0151j\u00e9t, \u00c1belovszky L\u00e1szl\u00f3t jutalmazz\u00e1k vele. A h\u00e1zat 1902-ben a mai tulajdonos \u00fcksz\u00fclei \u00e9p\u00edtett\u00e9k, tipikus sz\u00e1razbej\u00e1r\u00f3s n\u00e9met h\u00e1z.&nbsp;<\/p>\n<p>A Premier M\u0171v\u00e9szeti Szakgimn\u00e1zium tan\u00e1ra, Farkas Andr\u00e1s \u00e9s hallgat\u00f3ja, Bauer No\u00e9mi adott m\u0171sort. SZEGYA Fashion c\u00edmmel a BSZC Szent-Gy\u00f6rgyi Albert Technikum \u00e9s Koll\u00e9gium divatszakos tanul\u00f3i munk\u00e1ikat mutatt\u00e1k be. A Ber\u00e9ny T\u00e1ncegy\u00fcttes Berecske \u00e9s Kis-Ber\u00e9nyke csoportjai l\u00e9ptek sz\u00ednpadra, majd szabadt\u00e9ri t\u00e1nch\u00e1zat tartottak, k\u00eds\u00e9rt a Ludas Zenekar.<\/p>\n<p>F\u0151z\u0151- \u00e9s s\u00fctem\u00e9nyverseny eredm\u00e9ny\u00e9t ezt k\u00f6vet\u0151en hirdett\u00e9k ki. A s\u00fctem\u00e9nyeket Szekeres J\u00f3zsefn\u00e9, Sz\u0171cs M\u00f3nika \u00e9s Moln\u00e1rn\u00e9 Farkas \u00c9va b\u00edr\u00e1lta el. Szekeres J\u00f3zsefn\u00e9 elmondta, \u00f6sszesen 19-en vezetek, mivel volt, aki t\u00f6bbet is, ez\u00e9rt 24 mint\u00e1t \u00e9rt\u00e9keltek n\u00e9gy kateg\u00f3ri\u00e1ban. A s\u00f3s kateg\u00f3ri\u00e1t Kiszely Zolt\u00e1nn\u00e9 nyerte, Nagy Ferenc \u00e9s Plaveczn\u00e9 Fang Krisztina el\u0151tt. Mendel Erzs\u00e9bet k\u00fcl\u00f6nd\u00edjat kapott. A kr\u00e9mes kateg\u00f3ri\u00e1ban a Bend\u0151-Dezs\u0151 Team gy\u0151z\u00f6tt, Petrin\u00e9 Kozma Ir\u00e9n m\u00e1sodik lett, Palveczn\u00e9 Fang Krisztina v\u00e9gzett a harmadik helyen. Mendel Erzs\u00e9bet ebben a kateg\u00f3ri\u00e1ban is k\u00fcl\u00f6nd\u00edjat \u00e9rdemelt ki. Az egy\u00e9b kateg\u00f3ri\u00e1ban a sorrend: Prorok Erika, Budain\u00e9 Borb\u00e9ly Krisztina, Szab\u00f3 Ildik\u00f3. Itt Budain\u00e9 Borb\u00e9ly Krisztina lett a k\u00fcl\u00f6nd\u00edjas. A k\u00fcl\u00f6nleges kateg\u00f3ri\u00e1ban Petrin\u00e9 Kozma Ir\u00e9n gy\u0151z\u00f6tt, a Mack\u00f3 Farm \u00e9s Kiszely Zolt\u00e1nn\u00e9 el\u0151tt. M\u00e1t\u00e9 Ferencn\u00e9 k\u00fcl\u00f6nd\u00edjat kapott.<\/p>\n<p>Az \u00e9teleket T\u00e1nczos Imre, B\u00e1rdi Mih\u00e1ly \u00e9s T\u00f3th J\u00f3zsef zs\u0171rizte. T\u00f3th J\u00f3zsef megfogalmazta, \u00f6sszesen 21 t\u00e9telt vizsg\u00e1ltak meg, t\u00f6bbs\u00e9g\u00e9ben finomakat k\u00f3stoltak. A versenyt a Mez\u0151ber\u00e9ny \u00e9s Vid\u00e9ke Ipartest\u00fclet nyerte, a Bed\u0151-Dezs\u0151 Team lett a m\u00e1sodik, a harmadik helyen a Mez\u0151ber\u00e9nyi Cig\u00e1ny Nemzetis\u00e9gi \u00d6nkorm\u00e1nyzat v\u00e9gzett. K\u00fcl\u00f6nd\u00edjat kapott a Maczk\u00f3 Farm \u00e9s a F\u00e1-Ma Kft. &nbsp;<\/p>\n<p>Az er\u0151s emberek verseny\u00e9t a Cs\u00e1rda Gym szervezte meg, heten v\u00e1llalt\u00e1k a h\u00e1rom pr\u00f3b\u00e1b\u00f3l \u00e1ll\u00f3 megm\u00e9rettet\u00e9st. \u00d6tven kil\u00f3s far\u00f6nk\u00f6t kellett fej f\u00f6l\u00e9 emelni, majd 150 kil\u00f3s vasszerkezettel s\u00e9t\u00e1lni, v\u00e9g\u00fcl hetven kil\u00f3s k\u0151goly\u00f3t 120 centis szerkezeten \u00e1tdob\u00e1lni. A versenyt Er\u0151s G\u00e1bor nyerte, Kov\u00e1cs \u00c1d\u00e1m \u00e9s Weigert Zolt\u00e1n el\u0151tt. &nbsp;<\/p>\n<p>A kutyasz\u00e9ps\u00e9gversenyt a N\u00e1ndy \u00c1llatotthon a liget bej\u00e1rat\u00e1n\u00e1l tartotta meg. A gazdik a megm\u00e9rettet\u00e9sre 38 kedvenc\u00fcket nevezt\u00e9k. K\u00f6ly\u00f6k fajtatiszta kateg\u00f3ri\u00e1ban Senly\u00e9ni Vivien Dasy n\u00e9vre hallgat\u00f3 nyolch\u00f3napos tacsk\u00f3ja gy\u0151z\u00f6tt, megel\u0151zve Czirjak Lili Emilyj\u00e9t, \u0151 11 h\u00f3napos k\u00f6z\u00e9puszk\u00e1r, illetve Zahor\u00e1n Katalin R\u00e9pa Tamara nev\u0171 nyolch\u00f3napos t\u00f6rpe uszk\u00e1rj\u00e1t. A feln\u0151tt fajtiszt\u00e1k k\u00f6z\u00f6tt Cs\u00e1k\u00f3 Ren\u00e1ta Bambija, egy m\u00e1sf\u00e9l \u00e9ves toy uszk\u00e1r v\u00e9gzett az \u00e9len, a m\u00e1sodik Czirjak Lili Daisy nev\u0171 k\u00e9t\u00e9ves t\u00f6rpe uszk\u00e1rja lett, a harmadik helyen Kocsis Enik\u0151 Molly n\u00e9vre hallgat\u00f3 nyolc\u00e9ves yorkshire terrierje v\u00e9gzett. A kever\u00e9k kateg\u00f3ri\u00e1t Feh\u00e9r Vikt\u00f3ria hat\u00e9ves kedvence, Luna nyerte, Husz\u00e1rik R\u00f3bert Walle nev\u0171 kutyusa \u00e9s Horv\u00e1th Gy\u00f6rgy Csoki nev\u0171 h\u00e1rom \u00e9s f\u00e9l\u00e9ves rottweiler kever\u00e9ke el\u0151tt. Itt k\u00fcl\u00f6nd\u00edjat \u00e9rdemelt ki Mike Cintia K\u00f3kusz nev\u0171 egy\u00e9ves n\u00e9met spicce.&nbsp;<\/p>\n<p>A Silent zenekar az elm\u00falt \u00e9vekben sokak kedvenc\u00e9v\u00e9 v\u00e1lt Mez\u0151ber\u00e9nyben. Koncertj\u00fck\u00f6n most is magyar rock sl\u00e1gereib\u0151l adtak v\u00e1logat\u00e1st.&nbsp;<\/p>\n<p>A versenyeket \u00e9s a sz\u00ednpadi m\u0171sort sz\u00e1mos k\u00eds\u00e9r\u0151program eg\u00e9sz\u00edtette ki. T\u00fari J\u00e1nos Mund\u00e9rba b\u00fajt t\u00f6rt\u00e9nelem c\u00edm\u0171 szeghalmi ki\u00e1ll\u00edt\u00e1s\u00e1b\u00f3l a Madarak h\u00e1z\u00e1ban l\u00e1thattak \u00edzel\u00edt\u0151t, a Maczk\u00f3 Farm gyerekeket lovagoltatott, k\u00e9zm\u0171ves foglalkoz\u00e1st tartott az Orlai h\u00e1z \u00e9s a Mez\u0151ber\u00e9nyi T\u00e1lentum Reform\u00e1tus \u00d3voda, a honv\u00e9ds\u00e9g \u00e9s a b\u00fcntet\u00e9sv\u00e9grahajt\u00e1s toborzott \u00fajoncokat, illetve az Orlai h\u00e1z 35 \u00e9v rendezv\u00e9nyei k\u00e9pekben c\u00edmmel rendezett kamarat\u00e1rlatot.&nbsp;<\/p>\n<p>A rendezv\u00e9nyt vissza n\u00e9zhetik a <a href=\"https:\/\/www.youtube.com\/watch?v=jiiskzBHgOY\">Youtube<\/a>-on<\/p>\n<p style=\"text-align: center;\"><a href=\"https:\/\/muvhaz.orlaihaz.mezobereny.hu\/index.php\/nggallery\/album\/majalis-2024-majus-01?page_id=7920\">Gal\u00e9ria<\/a><\/p>","protected":false},"excerpt":{"rendered":"<p>Erre az \u00e9vre az Orlai h\u00e1z k\u00fcl\u00f6n\u00f6sen gazdag maj\u00e1list szervezett. A v\u00e1rosi ligetben m\u00e1jus elsej\u00e9n az eg\u00e9sz napos programot a sz\u00ednpadi m\u0171sor mellett t\u00f6bb verseny, ki\u00e1ll\u00edt\u00e1s \u00e9s bemutat\u00f3 sz\u00ednes\u00edtette.&nbsp; Sikl\u00f3si [&hellip;]<\/p>\n","protected":false},"author":1,"featured_media":7792,"comment_status":"closed","ping_status":"open","sticky":false,"template":"","format":"standard","meta":{"site-sidebar-layout":"default","site-content-layout":"","ast-site-content-layout":"","site-content-style":"default","site-sidebar-style":"default","ast-global-header-display":"","ast-banner-title-visibility":"","ast-main-header-display":"","ast-hfb-above-header-display":"","ast-hfb-below-header-display":"","ast-hfb-mobile-header-display":"","site-post-title":"","ast-breadcrumbs-content":"","ast-featured-img":"","footer-sml-layout":"","theme-transparent-header-meta":"","adv-header-id-meta":"","stick-header-meta":"","header-above-stick-meta":"","header-main-stick-meta":"","header-below-stick-meta":"","astra-migrate-meta-layouts":"default","ast-page-background-enabled":"default","ast-page-background-meta":{"desktop":{"background-color":"var(--ast-global-color-4)","background-image":"","background-repeat":"repeat","background-position":"center center","background-size":"auto","background-attachment":"scroll","background-type":"","background-media":"","overlay-type":"","overlay-color":"","overlay-opacity":"","overlay-gradient":""},"tablet":{"background-color":"","background-image":"","background-repeat":"repeat","background-position":"center center","background-size":"auto","background-attachment":"scroll","background-type":"","background-media":"","overlay-type":"","overlay-color":"","overlay-opacity":"","overlay-gradient":""},"mobile":{"background-color":"","background-image":"","background-repeat":"repeat","background-position":"center center","background-size":"auto","background-attachment":"scroll","background-type":"","background-media":"","overlay-type":"","overlay-color":"","overlay-opacity":"","overlay-gradient":""}},"ast-content-background-meta":{"desktop":{"background-color":"var(--ast-global-color-5)","background-image":"","background-repeat":"repeat","background-position":"center center","background-size":"auto","background-attachment":"scroll","background-type":"","background-media":"","overlay-type":"","overlay-color":"","overlay-opacity":"","overlay-gradient":""},"tablet":{"background-color":"var(--ast-global-color-5)","background-image":"","background-repeat":"repeat","background-position":"center center","background-size":"auto","background-attachment":"scroll","background-type":"","background-media":"","overlay-type":"","overlay-color":"","overlay-opacity":"","overlay-gradient":""},"mobile":{"background-color":"var(--ast-global-color-5)","background-image":"","background-repeat":"repeat","background-position":"center center","background-size":"auto","background-attachment":"scroll","background-type":"","background-media":"","overlay-type":"","overlay-color":"","overlay-opacity":"","overlay-gradient":""}},"ngg_post_thumbnail":0,"footnotes":""},"categories":[1],"tags":[],"class_list":["post-34954","post","type-post","status-publish","format-standard","has-post-thumbnail","hentry"],"jetpack_featured_media_url":"https:\/\/muvhaz.orlaihaz.mezobereny.hu\/wp-content\/uploads\/sites\/2\/2024\/03\/varosi-majalis-PLAKAT.jpg","_links":{"self":[{"href":"https:\/\/muvhaz.orlaihaz.mezobereny.hu\/index.php?rest_route=\/wp\/v2\/posts\/34954"}],"collection":[{"href":"https:\/\/muvhaz.orlaihaz.mezobereny.hu\/index.php?rest_route=\/wp\/v2\/posts"}],"about":[{"href":"https:\/\/muvhaz.orlaihaz.mezobereny.hu\/index.php?rest_route=\/wp\/v2\/types\/post"}],"author":[{"embeddable":true,"href":"https:\/\/muvhaz.orlaihaz.mezobereny.hu\/index.php?rest_route=\/wp\/v2\/users\/1"}],"replies":[{"embeddable":true,"href":"https:\/\/muvhaz.orlaihaz.mezobereny.hu\/index.php?rest_route=%2Fwp%2Fv2%2Fcomments&post=34954"}],"version-history":[{"count":2,"href":"https:\/\/muvhaz.orlaihaz.mezobereny.hu\/index.php?rest_route=\/wp\/v2\/posts\/34954\/revisions"}],"predecessor-version":[{"id":34981,"href":"https:\/\/muvhaz.orlaihaz.mezobereny.hu\/index.php?rest_route=\/wp\/v2\/posts\/34954\/revisions\/34981"}],"wp:featuredmedia":[{"embeddable":true,"href":"https:\/\/muvhaz.orlaihaz.mezobereny.hu\/index.php?rest_route=\/wp\/v2\/media\/7792"}],"wp:attachment":[{"href":"https:\/\/muvhaz.orlaihaz.mezobereny.hu\/index.php?rest_route=%2Fwp%2Fv2%2Fmedia&parent=34954"}],"wp:term":[{"taxonomy":"category","embeddable":true,"href":"https:\/\/muvhaz.orlaihaz.mezobereny.hu\/index.php?rest_route=%2Fwp%2Fv2%2Fcategories&post=34954"},{"taxonomy":"post_tag","embeddable":true,"href":"https:\/\/muvhaz.orlaihaz.mezobereny.hu\/index.php?rest_route=%2Fwp%2Fv2%2Ftags&post=34954"}],"curies":[{"name":"wp","href":"https:\/\/api.w.org\/{rel}","templated":true}]}}