{"id":34957,"date":"2024-05-10T12:50:00","date_gmt":"2024-05-10T10:50:00","guid":{"rendered":"https:\/\/muvhaz.orlaihaz.mezobereny.hu\/?p=34957"},"modified":"2024-06-12T13:06:18","modified_gmt":"2024-06-12T11:06:18","slug":"csodalatos-termeszet","status":"publish","type":"post","link":"https:\/\/muvhaz.orlaihaz.mezobereny.hu\/?p=34957","title":{"rendered":"Csod\u00e1latos term\u00e9szet"},"content":{"rendered":"<p>A Mez\u0151ber\u00e9nyi V\u00e1rossz\u00e9p\u00edt\u0151 \u00e9s V\u00e1rosv\u00e9d\u0151 Egyes\u00fclet \u2013 a madarak \u00e9s f\u00e1k napja alkalm\u00e1b\u00f3l \u2013 \u201eCsod\u00e1latos term\u00e9szet\u201d c\u00edmmel k\u00e9t\u00e9vente rajzp\u00e1ly\u00e1zatot hirdet az \u00f3vod\u00e1sok \u00e9s \u00e1ltal\u00e1nos iskol\u00e1sok r\u00e9sz\u00e9re. Az idei ki\u00edr\u00e1sra be\u00e9rkezett munk\u00e1kb\u00f3l \u00e1ll\u00f3 t\u00e1rlatot 2024. m\u00e1jus 10-\u00e9n dr. Burj\u00e1n Katalin, az egyes\u00fclet eln\u00f6ke nyitotta meg a ki\u00e1ll\u00edt\u00e1st az Orlai h\u00e1zban.<\/p>\n<p>A ki\u00e1ll\u00edt\u00e1s megnyit\u00f3j\u00e1t visszan\u00e9zhetik a <a href=\"https:\/\/www.youtube.com\/watch?v=wNXTErhgye4\">Youtube<\/a>-on<\/p>\n\n\n<figure class=\"wp-block-image aligncenter size-full is-resized\"><img fetchpriority=\"high\" decoding=\"async\" width=\"1024\" height=\"684\" src=\"https:\/\/muvhaz.orlaihaz.mezobereny.hu\/wp-content\/uploads\/sites\/2\/2024\/06\/ops_0067_oh-847530.jpg\" alt=\"\" class=\"wp-image-34958\" style=\"aspect-ratio:1.4970760233918128;width:572px;height:auto\" srcset=\"https:\/\/muvhaz.orlaihaz.mezobereny.hu\/wp-content\/uploads\/sites\/2\/2024\/06\/ops_0067_oh-847530.jpg 1024w, https:\/\/muvhaz.orlaihaz.mezobereny.hu\/wp-content\/uploads\/sites\/2\/2024\/06\/ops_0067_oh-847530-300x200.jpg 300w, https:\/\/muvhaz.orlaihaz.mezobereny.hu\/wp-content\/uploads\/sites\/2\/2024\/06\/ops_0067_oh-847530-768x513.jpg 768w\" sizes=\"(max-width: 1024px) 100vw, 1024px\" \/><\/figure>\n\n\n<p style=\"text-align: center;\"><a href=\"https:\/\/muvhaz.orlaihaz.mezobereny.hu\/index.php\/nggallery\/album\/csodalatos-termeszet-rajzkiallitas-2024-majus-10?page_id=7926\">Gal\u00e9ria<\/a><\/p>","protected":false},"excerpt":{"rendered":"<p>A Mez\u0151ber\u00e9nyi V\u00e1rossz\u00e9p\u00edt\u0151 \u00e9s V\u00e1rosv\u00e9d\u0151 Egyes\u00fclet \u2013 a madarak \u00e9s f\u00e1k napja alkalm\u00e1b\u00f3l \u2013 \u201eCsod\u00e1latos term\u00e9szet\u201d c\u00edmmel k\u00e9t\u00e9vente rajzp\u00e1ly\u00e1zatot hirdet az \u00f3vod\u00e1sok \u00e9s \u00e1ltal\u00e1nos iskol\u00e1sok r\u00e9sz\u00e9re. Az idei ki\u00edr\u00e1sra be\u00e9rkezett [&hellip;]<\/p>\n","protected":false},"author":1,"featured_media":7952,"comment_status":"closed","ping_status":"open","sticky":false,"template":"","format":"standard","meta":{"site-sidebar-layout":"default","site-content-layout":"","ast-site-content-layout":"","site-content-style":"default","site-sidebar-style":"default","ast-global-header-display":"","ast-banner-title-visibility":"","ast-main-header-display":"","ast-hfb-above-header-display":"","ast-hfb-below-header-display":"","ast-hfb-mobile-header-display":"","site-post-title":"","ast-breadcrumbs-content":"","ast-featured-img":"","footer-sml-layout":"","theme-transparent-header-meta":"","adv-header-id-meta":"","stick-header-meta":"","header-above-stick-meta":"","header-main-stick-meta":"","header-below-stick-meta":"","astra-migrate-meta-layouts":"default","ast-page-background-enabled":"default","ast-page-background-meta":{"desktop":{"background-color":"var(--ast-global-color-4)","background-image":"","background-repeat":"repeat","background-position":"center center","background-size":"auto","background-attachment":"scroll","background-type":"","background-media":"","overlay-type":"","overlay-color":"","overlay-opacity":"","overlay-gradient":""},"tablet":{"background-color":"","background-image":"","background-repeat":"repeat","background-position":"center center","background-size":"auto","background-attachment":"scroll","background-type":"","background-media":"","overlay-type":"","overlay-color":"","overlay-opacity":"","overlay-gradient":""},"mobile":{"background-color":"","background-image":"","background-repeat":"repeat","background-position":"center center","background-size":"auto","background-attachment":"scroll","background-type":"","background-media":"","overlay-type":"","overlay-color":"","overlay-opacity":"","overlay-gradient":""}},"ast-content-background-meta":{"desktop":{"background-color":"var(--ast-global-color-5)","background-image":"","background-repeat":"repeat","background-position":"center center","background-size":"auto","background-attachment":"scroll","background-type":"","background-media":"","overlay-type":"","overlay-color":"","overlay-opacity":"","overlay-gradient":""},"tablet":{"background-color":"var(--ast-global-color-5)","background-image":"","background-repeat":"repeat","background-position":"center center","background-size":"auto","background-attachment":"scroll","background-type":"","background-media":"","overlay-type":"","overlay-color":"","overlay-opacity":"","overlay-gradient":""},"mobile":{"background-color":"var(--ast-global-color-5)","background-image":"","background-repeat":"repeat","background-position":"center center","background-size":"auto","background-attachment":"scroll","background-type":"","background-media":"","overlay-type":"","overlay-color":"","overlay-opacity":"","overlay-gradient":""}},"ngg_post_thumbnail":0,"footnotes":""},"categories":[1],"tags":[],"class_list":["post-34957","post","type-post","status-publish","format-standard","has-post-thumbnail","hentry"],"jetpack_featured_media_url":"https:\/\/muvhaz.orlaihaz.mezobereny.hu\/wp-content\/uploads\/sites\/2\/2024\/04\/madarak-es-fak-napja_PLAKAT_oh.jpg","_links":{"self":[{"href":"https:\/\/muvhaz.orlaihaz.mezobereny.hu\/index.php?rest_route=\/wp\/v2\/posts\/34957"}],"collection":[{"href":"https:\/\/muvhaz.orlaihaz.mezobereny.hu\/index.php?rest_route=\/wp\/v2\/posts"}],"about":[{"href":"https:\/\/muvhaz.orlaihaz.mezobereny.hu\/index.php?rest_route=\/wp\/v2\/types\/post"}],"author":[{"embeddable":true,"href":"https:\/\/muvhaz.orlaihaz.mezobereny.hu\/index.php?rest_route=\/wp\/v2\/users\/1"}],"replies":[{"embeddable":true,"href":"https:\/\/muvhaz.orlaihaz.mezobereny.hu\/index.php?rest_route=%2Fwp%2Fv2%2Fcomments&post=34957"}],"version-history":[{"count":1,"href":"https:\/\/muvhaz.orlaihaz.mezobereny.hu\/index.php?rest_route=\/wp\/v2\/posts\/34957\/revisions"}],"predecessor-version":[{"id":34959,"href":"https:\/\/muvhaz.orlaihaz.mezobereny.hu\/index.php?rest_route=\/wp\/v2\/posts\/34957\/revisions\/34959"}],"wp:featuredmedia":[{"embeddable":true,"href":"https:\/\/muvhaz.orlaihaz.mezobereny.hu\/index.php?rest_route=\/wp\/v2\/media\/7952"}],"wp:attachment":[{"href":"https:\/\/muvhaz.orlaihaz.mezobereny.hu\/index.php?rest_route=%2Fwp%2Fv2%2Fmedia&parent=34957"}],"wp:term":[{"taxonomy":"category","embeddable":true,"href":"https:\/\/muvhaz.orlaihaz.mezobereny.hu\/index.php?rest_route=%2Fwp%2Fv2%2Fcategories&post=34957"},{"taxonomy":"post_tag","embeddable":true,"href":"https:\/\/muvhaz.orlaihaz.mezobereny.hu\/index.php?rest_route=%2Fwp%2Fv2%2Ftags&post=34957"}],"curies":[{"name":"wp","href":"https:\/\/api.w.org\/{rel}","templated":true}]}}