{"id":34960,"date":"2024-05-13T13:06:00","date_gmt":"2024-05-13T11:06:00","guid":{"rendered":"https:\/\/muvhaz.orlaihaz.mezobereny.hu\/?p=34960"},"modified":"2024-06-12T13:08:19","modified_gmt":"2024-06-12T11:08:19","slug":"x-dalostalalkozo-2","status":"publish","type":"post","link":"https:\/\/muvhaz.orlaihaz.mezobereny.hu\/?p=34960","title":{"rendered":"X. Dalostal\u00e1lkoz\u00f3"},"content":{"rendered":"\n<p>Szab\u00f3 Antal \u00e9s Szab\u00f3 Antaln\u00e9 egykori karvezet\u0151k eml\u00e9k\u00e9re az Orlai h\u00e1zban 2024. m\u00e1jus 11-\u00e9n t\u00edz n\u00e9pdalk\u00f6r r\u00e9szt v\u00e9tel\u00e9vel tartott\u00e1k meg a jubileumi, X. Dalostal\u00e1lkoz\u00f3t.&nbsp;<\/p>\n\n\n\n<figure class=\"wp-block-image aligncenter size-large is-resized\"><img fetchpriority=\"high\" decoding=\"async\" width=\"1024\" height=\"683\" src=\"https:\/\/muvhaz.orlaihaz.mezobereny.hu\/wp-content\/uploads\/sites\/2\/2024\/06\/dalostalalkozo-1024x683.jpg\" alt=\"\" class=\"wp-image-34961\" style=\"aspect-ratio:1.499267935578331;width:514px;height:auto\" srcset=\"https:\/\/muvhaz.orlaihaz.mezobereny.hu\/wp-content\/uploads\/sites\/2\/2024\/06\/dalostalalkozo-1024x683.jpg 1024w, https:\/\/muvhaz.orlaihaz.mezobereny.hu\/wp-content\/uploads\/sites\/2\/2024\/06\/dalostalalkozo-300x200.jpg 300w, https:\/\/muvhaz.orlaihaz.mezobereny.hu\/wp-content\/uploads\/sites\/2\/2024\/06\/dalostalalkozo-768x512.jpg 768w, https:\/\/muvhaz.orlaihaz.mezobereny.hu\/wp-content\/uploads\/sites\/2\/2024\/06\/dalostalalkozo.jpg 1484w\" sizes=\"(max-width: 1024px) 100vw, 1024px\" \/><\/figure>\n\n\n<p>Az int\u00e9zm\u00e9ny aul\u00e1j\u00e1ban eml\u00e9kt\u00e1bl\u00e1jukn\u00e1l id\u00e9zte fel Kmetyk\u00f3 Istv\u00e1nn\u00e9, a Ber\u00e9nyi N\u00e9pdalkor vezet\u0151je k\u00e9t el\u0151dje alakj\u00e1t. Elmondta, f\u0151 c\u00e9ljuknak azt tekintett\u00e9k, hogy a magyar \u00e9s szlov\u00e1k n\u00e9pzene mindenkihez eljusson. El\u0151sz\u00f6r a Mez\u0151ber\u00e9nyi Dal\u00e1rd\u00e1t alap\u00edtott\u00e1k meg, ezt orsz\u00e1gosan ismertt\u00e9 tett\u00e9k. A n\u00e9pdalk\u00f6rt 1977-ben hozt\u00e1k l\u00e9tre, \u00e9s az az\u00f3ta is sz\u00e9p eredm\u00e9nnyel m\u0171k\u00f6dik. Az Orlai h\u00e1z aul\u00e1j\u00e1ban alap\u00edt\u00f3k tisztelet\u00e9re 2016-ban avatt\u00e1k fel az eml\u00e9kt\u00e1bl\u00e1t. A fell\u00e9p\u0151k itt elhelyezt\u00e9k az eml\u00e9kez\u00e9s vir\u00e1gait. &nbsp;<\/p>\n<p>A sz\u00ednh\u00e1zteremben Sikl\u00f3si Istv\u00e1n polg\u00e1rmester k\u00f6sz\u00f6nt\u0151j\u00e9ben megfogalmazta, Antal b\u00e1csi \u00e9s Ir\u00e9nke n\u00e9ni \u2013 eleven eml\u00e9kk\u00e9nt \u2013 ma is vele \u00e9lnek, hiszen mindketten a tan\u00e1rai voltak.&nbsp;<\/p>\n<p><br>A t\u00edz n\u00e9pdalk\u00f6r m\u0171sora el\u0151tt a Ber\u00e9ny T\u00e1ncegy\u00fcttes Berecske csoportja tartott bemutat\u00f3t.&nbsp;<\/p>\n<p><br>A fell\u00e9p\u0151k sor\u00e1t a h\u00e1zigazda, a Ber\u00e9ny N\u00e9pdalk\u00f6r nyitotta meg. Kmetyk\u00f3 Istv\u00e1nn\u00e9 fell\u00e9p\u00e9s\u00fck el\u0151tt elmondta, a k\u00f6zelm\u00faltban k\u00e9t dalos t\u00e1rsukat vesz\u00edtett\u00e9k el, az egyiket tavaly \u0151sszel, a m\u00e1sikat most \u00e1prilisban, dalcsokrukkal t\u0151l\u00fck is b\u00facs\u00faznak.&nbsp;<\/p>\n<p><br>M\u0171soruk ut\u00e1n \u2013 az elhunytak eml\u00e9k\u00e9re \u2013 a t\u00edz csoport k\u00f6z\u00f6sen, fel\u00e1llva \u00e9nekelte el a \u201eCsillagok, csillagok\u201d c\u00edm\u0171 n\u00e9pdalt. A ber\u00e9nyiek ut\u00e1n sz\u00ednpadra l\u00e9pett a mez\u0151t\u00fari Vadvir\u00e1g N\u00e9pdalk\u00f6r, a Dobozi N\u00e9pdalk\u00f6r, a k\u00f6r\u00f6slad\u00e1nyi \u0150szik\u00e9k Dalk\u00f6r, a mez\u0151t\u00fari K\u00e9knefelejcs Dalk\u00f6r, a Bart\u00f3k B\u00e9la V\u00e9szt\u0151i N\u00e9pdalk\u00f6r, a mez\u0151t\u00fari Mongol-Agr\u00e1r Zrt. N\u00e9pdalk\u00f6re, a V\u00e9szt\u0151i Fon\u00f3, a b\u00e9k\u00e9scsabai Meseh\u00e1zi Csal\u00e1di Dal\u00e1rda \u00e9s a szint\u00e9n b\u00e9k\u00e9scsabai Strapce citerazenekar.&nbsp;<\/p>\n<p>A rendezv\u00e9nyt vissza n\u00e9zhetik a <a href=\"https:\/\/www.youtube.com\/watch?v=uSN03ThsxOs\">Youtube<\/a>-on.<\/p>\n<p style=\"text-align: center;\"><a href=\"https:\/\/muvhaz.orlaihaz.mezobereny.hu\/index.php\/nggallery\/album\/x-dalostalalkozo-2024-majus-11?page_id=7899\">Gal\u00e9ria<\/a><\/p>","protected":false},"excerpt":{"rendered":"<p>Szab\u00f3 Antal \u00e9s Szab\u00f3 Antaln\u00e9 egykori karvezet\u0151k eml\u00e9k\u00e9re az Orlai h\u00e1zban 2024. m\u00e1jus 11-\u00e9n t\u00edz n\u00e9pdalk\u00f6r r\u00e9szt v\u00e9tel\u00e9vel tartott\u00e1k meg a jubileumi, X. Dalostal\u00e1lkoz\u00f3t.&nbsp; Az int\u00e9zm\u00e9ny aul\u00e1j\u00e1ban eml\u00e9kt\u00e1bl\u00e1jukn\u00e1l id\u00e9zte fel [&hellip;]<\/p>\n","protected":false},"author":1,"featured_media":7955,"comment_status":"closed","ping_status":"open","sticky":false,"template":"","format":"standard","meta":{"site-sidebar-layout":"default","site-content-layout":"","ast-site-content-layout":"","site-content-style":"default","site-sidebar-style":"default","ast-global-header-display":"","ast-banner-title-visibility":"","ast-main-header-display":"","ast-hfb-above-header-display":"","ast-hfb-below-header-display":"","ast-hfb-mobile-header-display":"","site-post-title":"","ast-breadcrumbs-content":"","ast-featured-img":"","footer-sml-layout":"","theme-transparent-header-meta":"","adv-header-id-meta":"","stick-header-meta":"","header-above-stick-meta":"","header-main-stick-meta":"","header-below-stick-meta":"","astra-migrate-meta-layouts":"default","ast-page-background-enabled":"default","ast-page-background-meta":{"desktop":{"background-color":"var(--ast-global-color-4)","background-image":"","background-repeat":"repeat","background-position":"center center","background-size":"auto","background-attachment":"scroll","background-type":"","background-media":"","overlay-type":"","overlay-color":"","overlay-opacity":"","overlay-gradient":""},"tablet":{"background-color":"","background-image":"","background-repeat":"repeat","background-position":"center center","background-size":"auto","background-attachment":"scroll","background-type":"","background-media":"","overlay-type":"","overlay-color":"","overlay-opacity":"","overlay-gradient":""},"mobile":{"background-color":"","background-image":"","background-repeat":"repeat","background-position":"center center","background-size":"auto","background-attachment":"scroll","background-type":"","background-media":"","overlay-type":"","overlay-color":"","overlay-opacity":"","overlay-gradient":""}},"ast-content-background-meta":{"desktop":{"background-color":"var(--ast-global-color-5)","background-image":"","background-repeat":"repeat","background-position":"center center","background-size":"auto","background-attachment":"scroll","background-type":"","background-media":"","overlay-type":"","overlay-color":"","overlay-opacity":"","overlay-gradient":""},"tablet":{"background-color":"var(--ast-global-color-5)","background-image":"","background-repeat":"repeat","background-position":"center center","background-size":"auto","background-attachment":"scroll","background-type":"","background-media":"","overlay-type":"","overlay-color":"","overlay-opacity":"","overlay-gradient":""},"mobile":{"background-color":"var(--ast-global-color-5)","background-image":"","background-repeat":"repeat","background-position":"center center","background-size":"auto","background-attachment":"scroll","background-type":"","background-media":"","overlay-type":"","overlay-color":"","overlay-opacity":"","overlay-gradient":""}},"ngg_post_thumbnail":0,"footnotes":""},"categories":[1],"tags":[],"class_list":["post-34960","post","type-post","status-publish","format-standard","has-post-thumbnail","hentry"],"jetpack_featured_media_url":"https:\/\/muvhaz.orlaihaz.mezobereny.hu\/wp-content\/uploads\/sites\/2\/2024\/04\/dalostalalkozo-PLAKAT-e1715943443567.jpg","_links":{"self":[{"href":"https:\/\/muvhaz.orlaihaz.mezobereny.hu\/index.php?rest_route=\/wp\/v2\/posts\/34960"}],"collection":[{"href":"https:\/\/muvhaz.orlaihaz.mezobereny.hu\/index.php?rest_route=\/wp\/v2\/posts"}],"about":[{"href":"https:\/\/muvhaz.orlaihaz.mezobereny.hu\/index.php?rest_route=\/wp\/v2\/types\/post"}],"author":[{"embeddable":true,"href":"https:\/\/muvhaz.orlaihaz.mezobereny.hu\/index.php?rest_route=\/wp\/v2\/users\/1"}],"replies":[{"embeddable":true,"href":"https:\/\/muvhaz.orlaihaz.mezobereny.hu\/index.php?rest_route=%2Fwp%2Fv2%2Fcomments&post=34960"}],"version-history":[{"count":1,"href":"https:\/\/muvhaz.orlaihaz.mezobereny.hu\/index.php?rest_route=\/wp\/v2\/posts\/34960\/revisions"}],"predecessor-version":[{"id":34962,"href":"https:\/\/muvhaz.orlaihaz.mezobereny.hu\/index.php?rest_route=\/wp\/v2\/posts\/34960\/revisions\/34962"}],"wp:featuredmedia":[{"embeddable":true,"href":"https:\/\/muvhaz.orlaihaz.mezobereny.hu\/index.php?rest_route=\/wp\/v2\/media\/7955"}],"wp:attachment":[{"href":"https:\/\/muvhaz.orlaihaz.mezobereny.hu\/index.php?rest_route=%2Fwp%2Fv2%2Fmedia&parent=34960"}],"wp:term":[{"taxonomy":"category","embeddable":true,"href":"https:\/\/muvhaz.orlaihaz.mezobereny.hu\/index.php?rest_route=%2Fwp%2Fv2%2Fcategories&post=34960"},{"taxonomy":"post_tag","embeddable":true,"href":"https:\/\/muvhaz.orlaihaz.mezobereny.hu\/index.php?rest_route=%2Fwp%2Fv2%2Ftags&post=34960"}],"curies":[{"name":"wp","href":"https:\/\/api.w.org\/{rel}","templated":true}]}}