{"id":35042,"date":"2023-01-13T08:00:00","date_gmt":"2023-01-13T07:00:00","guid":{"rendered":"https:\/\/muvhaz.orlaihaz.mezobereny.hu\/?p=35042"},"modified":"2024-06-17T08:14:58","modified_gmt":"2024-06-17T06:14:58","slug":"a-varos-vallalkozoit-koszontottek","status":"publish","type":"post","link":"https:\/\/muvhaz.orlaihaz.mezobereny.hu\/?p=35042","title":{"rendered":"A v\u00e1ros v\u00e1llalkoz\u00f3it k\u00f6sz\u00f6nt\u00f6tt\u00e9k"},"content":{"rendered":"\n<p>A v\u00e1rosban m\u0171k\u00f6d\u0151 c\u00e9gek vezet\u0151it, k\u00e9pvisel\u0151it \u00e9s az egy\u00e9ni v\u00e1llalkoz\u00f3kat az \u00faj\u00e9v alkalm\u00e1b\u00f3l 2023. janu\u00e1r 13-\u00e1n k\u00f6sz\u00f6nt\u00f6tte Sikl\u00f3si Istv\u00e1n az ipartest\u00fclet \u00e9p\u00fclet\u00e9ben.<\/p>\n\n\n\n<figure class=\"wp-block-image aligncenter size-large is-resized\"><img fetchpriority=\"high\" decoding=\"async\" width=\"1024\" height=\"683\" src=\"https:\/\/muvhaz.orlaihaz.mezobereny.hu\/wp-content\/uploads\/sites\/2\/2024\/06\/ops_0008_oh-1024x683.jpg\" alt=\"\" class=\"wp-image-35043\" style=\"aspect-ratio:1.499267935578331;width:688px;height:auto\" srcset=\"https:\/\/muvhaz.orlaihaz.mezobereny.hu\/wp-content\/uploads\/sites\/2\/2024\/06\/ops_0008_oh-1024x683.jpg 1024w, https:\/\/muvhaz.orlaihaz.mezobereny.hu\/wp-content\/uploads\/sites\/2\/2024\/06\/ops_0008_oh-300x200.jpg 300w, https:\/\/muvhaz.orlaihaz.mezobereny.hu\/wp-content\/uploads\/sites\/2\/2024\/06\/ops_0008_oh-768x512.jpg 768w, https:\/\/muvhaz.orlaihaz.mezobereny.hu\/wp-content\/uploads\/sites\/2\/2024\/06\/ops_0008_oh.jpg 1484w\" sizes=\"(max-width: 1024px) 100vw, 1024px\" \/><\/figure>\n\n\n<p>A polg\u00e1rmester az elm\u00falt esztend\u0151r\u0151l elmondta, az j\u00f3l indult, de az utols\u00f3 negyed\u00e9vben becsapott az energia\u00e1r robban\u00e1sa. Ezt megel\u0151z\u0151en t\u00f6bb fejleszt\u00e9st megval\u00f3s\u00edtottak: b\u0151v\u00edtett\u00e9k a b\u00f6lcs\u0151d\u00e9t, elk\u00e9sz\u00fclt a Kod\u00e1ly \u00fati \u00f3voda tornaszob\u00e1ja, fel\u00faj\u00edtott\u00e1k az \u00f6tven\u00e9ves piaccsarnokot, mellette elk\u00e9sz\u00fclt a pavilon, tov\u00e1bb\u00e1 folyamatban van a csapad\u00e9kv\u00edz-elvezet\u00e9s fejleszt\u00e9se is. A szoci\u00e1lis otthon korszer\u0171s\u00edt\u00e9s\u00e9re az \u00f6nkorm\u00e1nyzat 179 milli\u00f3 forintot nyert, a Magyarv\u00e9gesi \u00f3voda fel\u00faj\u00edt\u00e1s\u00e1ra pedig 160 milli\u00f3t. Ezek mellett az \u00f6nkorm\u00e1nyzat rendbe szeretn\u00e9 tenni a Kossuth t\u00e9r nyugati r\u00e9sz\u00e9t \u00e9s a Hossz\u00fa-t\u00f3 k\u00f6rny\u00e9k\u00e9t. Ezek \u00f6sszesen k\u00e9tmilli\u00e1rd forint fejleszt\u00e9st jelentenek.<\/p>\n<p>Ez \u00e9vre \u00e1tt\u00e9rve Sikl\u00f3si Istv\u00e1n kijelentette, az energi\u00e1k dr\u00e1gul\u00e1sa ut\u00e1n nem tudj\u00e1k m\u00e9g pontosan, hogy mib\u0151l tudj\u00e1k az int\u00e9zm\u00e9nyeket finansz\u00edrozni. Az \u00e1llami t\u00e1mogat\u00e1sok, illetve az \u00f6nkorm\u00e1nyzat saj\u00e1t bev\u00e9telei \u00e9s megtakar\u00edt\u00e1sai az kiad\u00e1sok n\u00f6veked\u00e9s\u00e9nek csak a fel\u00e9t fedezik. Hogy az \u00faj \u00e9v is sikeres legyen, az \u00f6nkorm\u00e1nyzat a bev\u00e9telek n\u00f6vel\u00e9se \u00e9rdek\u00e9ben emelte a helyi ipar\u0171z\u00e9si ad\u00f3t \u00e9s a kommun\u00e1lis ad\u00f3t, ez 45 milli\u00f3 pluszt jelent. Ezen t\u00falmen\u0151en emelt\u00e9k a b\u00e9rleti d\u00edjakat is. A kiad\u00e1sok m\u00e9rs\u00e9kl\u00e9se \u00e9rdek\u00e9ben \u00f6nkorm\u00e1nyzati szinten 25 sz\u00e1zal\u00e9kkal cs\u00f6kkentik a g\u00e1z \u00e9s a villany fogyaszt\u00e1s\u00e1t. A kor\u00e1bban civileknek adott 1+1 sz\u00e1zal\u00e9kos t\u00e1mogat\u00e1s most az \u00f6nkorm\u00e1nyzatn\u00e1l marad, ez 1,7 milli\u00f3 pluszt jelent. Rendezv\u00e9nynek \u00e9s nemzetk\u00f6zi kapcsolatok t\u00e1mogat\u00e1s\u00e1ra most nem \u00edrnak ki p\u00e1ly\u00e1zatot. Szint\u00e9n a m\u0171k\u00f6d\u00e9si k\u00f6lts\u00e9gek cs\u00f6kkent\u00e9se \u00e9rdek\u00e9ben 11 \u00f6nkorm\u00e1nyzati \u00e9p\u00fcletre napelemet szerelnek.<\/p>\n<p>A tervekr\u0151l sz\u00f3lva a polg\u00e1rmester elmondta, \u00fajabb ipari ter\u00fclet ki\u00e9p\u00edt\u00e9s\u00e9re p\u00e1ly\u00e1znak, ez lesz m\u00e1r a harmadik. Azon a v\u00e9lem\u00e9nyen vannak, ezek az infrastruktur\u00e1lis fejleszt\u00e9sek a j\u00f6v\u0151ben eredm\u00e9nnyel j\u00e1rhatnak. Sikl\u00f3si Istv\u00e1n bejelentette, az Orlai h\u00e1z a Pet\u0151fi 200 program keret\u00e9ben 50 milli\u00f3 forintot nyert, ebb\u0151l 30 milli\u00f3 \u00e9p\u00fclet-fel\u00faj\u00edt\u00e1st szolg\u00e1l, 20 milli\u00f3 pedig egy \u00e1lland\u00f3 Pet\u0151fi ki\u00e1ll\u00edt\u00e1s kialak\u00edt\u00e1s\u00e1t.<\/p>\n<p>A v\u00e1ros \u00fajratelep\u00fcl\u00e9s\u00e9nek 300. \u00e9vfordul\u00f3j\u00e1r\u00f3l elmondta, a sz\u0171k\u00f6s anyagi lehet\u0151s\u00e9gek ellen\u00e9re is szeretn\u00e9nek r\u00f3la m\u00e9lt\u00f3 m\u00f3don megeml\u00e9kezni. Ezt szolg\u00e1ln\u00e1 a n\u00e9met templom mellett \u2013 a Kossuth- \u00e9s Sz\u00e9chenyi-szobrok mai hely\u00e9n \u2013 egy eml\u00e9kszobor fel\u00e1ll\u00edt\u00e1sa. Ez h\u00e1rom oszlopb\u00f3l \u00e1llna, az egyiken a telep\u00fcl\u00e9s els\u0151 \u00edr\u00e1sos eml\u00edt\u00e9s\u00e9nek az \u00e9vsz\u00e1ma: 1347 \u00e1llna, a m\u00e1sodikon az \u00fajratelep\u00fcl\u00e9s\u00e9: 1723, a harmadikon pedig a mostani. A k\u00f6lts\u00e9geket minim\u00e1lisra cs\u00f6kkentve a m\u0171alkot\u00e1s 5 milli\u00f3ba ker\u00fclne, a v\u00e1ros k\u00f6lts\u00e9gvet\u00e9s\u00e9ben erre nincs fedezet. Ez csakis adakoz\u00e1sb\u00f3l val\u00f3s\u00edthat\u00f3 meg, a maga r\u00e9sz\u00e9r\u0151l erre 100 ezer forintot aj\u00e1nlott fel.<\/p>\n<p>Kurilla Oliv\u00e9r eln\u00f6k a Mez\u0151ber\u00e9ny \u00e9s K\u00f6rzete Iparosok \u00e9s V\u00e1llalkoz\u00f3k Egyes\u00fclet\u00e9r\u0151l sz\u00f3lt. Hangoztatta, szervezet\u00fck 137 \u00e9ves m\u00faltra tekint vissza, volt olyan id\u0151szak, amikor 409 tagjuk is volt, abban az id\u0151ben a v\u00e1llalkoz\u00f3kat k\u00f6telezt\u00e9k a tags\u00e1gra. Most egyik c\u00e9lkit\u0171z\u00e9s\u00fck, hogy sz\u00e9kh\u00e1zukat rendbe hozz\u00e1k, hogy itt a tagok rendszeresen tal\u00e1lkozhassanak, illetve az el\u00fcls\u0151 r\u00e9sz\u00e9t b\u00e9rbe adhat\u00f3v\u00e1 tegy\u00e9k.<\/p>\n<p>Tavaly Borgula Gy\u00f6rgy \u00e9s Borgula P\u00e9ter kapta meg a \u201eMez\u0151ber\u00e9ny V\u00e1llalkoz\u00f3ja\u201d c\u00edmet. Borgula P\u00e9ter \u00e9desapja mellett elmondta, \u00e9p\u00edt\u0151ipari c\u00e9g\u00fck v\u00e1llalkoz\u00f3i, \u00f6nkorm\u00e1nyzati \u00e9s \u00e1llami megrendel\u00e9seket egyar\u00e1nt kap. Mez\u0151ber\u00e9ny mindegyik nagyobb \u00fatja ment\u00e9n \u00e9p\u00edtettek m\u00e1r valamit. Sz\u00edv\u00fckh\u00f6z k\u00f6zel \u00e1ll a gyermekint\u00e9zm\u00e9nyek fejleszt\u00e9se, ez\u00e9rt k\u00fcl\u00f6n\u00f6sen \u00f6r\u00fclnek annak, hogy \u0151k alak\u00edthatt\u00e1k ki a Kod\u00e1ly \u00faton a tornaszob\u00e1t, illetve b\u0151v\u00edthett\u00e9k a b\u00f6lcs\u0151d\u00e9t. Az id\u00e9n szeretn\u00e9k meg\u00e9p\u00edteni a c\u00e9g t\u00f6rt\u00e9net\u00e9ben az els\u0151 templomot.<\/p>\n<p>A Polg\u00e1rmester K\u00f6sz\u00f6nt\u0151j\u00e9t vissza tekinthetik a <a href=\"https:\/\/www.youtube.com\/watch?v=WJGsutkVT3s\">Youtube<\/a>-on<\/p>\n<p style=\"text-align: center;\"><a href=\"https:\/\/muvhaz.orlaihaz.mezobereny.hu\/index.php\/nggallery\/album\/a-varos-vallalkozoit-koszontottek-2023-januar-13?page_id=7920\">Gal\u00e9ria<\/a><\/p>","protected":false},"excerpt":{"rendered":"<p>A v\u00e1rosban m\u0171k\u00f6d\u0151 c\u00e9gek vezet\u0151it, k\u00e9pvisel\u0151it \u00e9s az egy\u00e9ni v\u00e1llalkoz\u00f3kat az \u00faj\u00e9v alkalm\u00e1b\u00f3l 2023. janu\u00e1r 13-\u00e1n k\u00f6sz\u00f6nt\u00f6tte Sikl\u00f3si Istv\u00e1n az ipartest\u00fclet \u00e9p\u00fclet\u00e9ben. A polg\u00e1rmester az elm\u00falt esztend\u0151r\u0151l elmondta, az j\u00f3l [&hellip;]<\/p>\n","protected":false},"author":1,"featured_media":35058,"comment_status":"closed","ping_status":"open","sticky":false,"template":"","format":"standard","meta":{"site-sidebar-layout":"default","site-content-layout":"","ast-site-content-layout":"","site-content-style":"default","site-sidebar-style":"default","ast-global-header-display":"","ast-banner-title-visibility":"","ast-main-header-display":"","ast-hfb-above-header-display":"","ast-hfb-below-header-display":"","ast-hfb-mobile-header-display":"","site-post-title":"","ast-breadcrumbs-content":"","ast-featured-img":"","footer-sml-layout":"","theme-transparent-header-meta":"","adv-header-id-meta":"","stick-header-meta":"","header-above-stick-meta":"","header-main-stick-meta":"","header-below-stick-meta":"","astra-migrate-meta-layouts":"default","ast-page-background-enabled":"default","ast-page-background-meta":{"desktop":{"background-color":"var(--ast-global-color-4)","background-image":"","background-repeat":"repeat","background-position":"center center","background-size":"auto","background-attachment":"scroll","background-type":"","background-media":"","overlay-type":"","overlay-color":"","overlay-opacity":"","overlay-gradient":""},"tablet":{"background-color":"","background-image":"","background-repeat":"repeat","background-position":"center center","background-size":"auto","background-attachment":"scroll","background-type":"","background-media":"","overlay-type":"","overlay-color":"","overlay-opacity":"","overlay-gradient":""},"mobile":{"background-color":"","background-image":"","background-repeat":"repeat","background-position":"center center","background-size":"auto","background-attachment":"scroll","background-type":"","background-media":"","overlay-type":"","overlay-color":"","overlay-opacity":"","overlay-gradient":""}},"ast-content-background-meta":{"desktop":{"background-color":"var(--ast-global-color-5)","background-image":"","background-repeat":"repeat","background-position":"center center","background-size":"auto","background-attachment":"scroll","background-type":"","background-media":"","overlay-type":"","overlay-color":"","overlay-opacity":"","overlay-gradient":""},"tablet":{"background-color":"var(--ast-global-color-5)","background-image":"","background-repeat":"repeat","background-position":"center center","background-size":"auto","background-attachment":"scroll","background-type":"","background-media":"","overlay-type":"","overlay-color":"","overlay-opacity":"","overlay-gradient":""},"mobile":{"background-color":"var(--ast-global-color-5)","background-image":"","background-repeat":"repeat","background-position":"center center","background-size":"auto","background-attachment":"scroll","background-type":"","background-media":"","overlay-type":"","overlay-color":"","overlay-opacity":"","overlay-gradient":""}},"ngg_post_thumbnail":0,"footnotes":""},"categories":[1],"tags":[],"class_list":["post-35042","post","type-post","status-publish","format-standard","has-post-thumbnail","hentry"],"jetpack_featured_media_url":"https:\/\/muvhaz.orlaihaz.mezobereny.hu\/wp-content\/uploads\/sites\/2\/2024\/06\/ops_0008_oh-1.jpg","_links":{"self":[{"href":"https:\/\/muvhaz.orlaihaz.mezobereny.hu\/index.php?rest_route=\/wp\/v2\/posts\/35042"}],"collection":[{"href":"https:\/\/muvhaz.orlaihaz.mezobereny.hu\/index.php?rest_route=\/wp\/v2\/posts"}],"about":[{"href":"https:\/\/muvhaz.orlaihaz.mezobereny.hu\/index.php?rest_route=\/wp\/v2\/types\/post"}],"author":[{"embeddable":true,"href":"https:\/\/muvhaz.orlaihaz.mezobereny.hu\/index.php?rest_route=\/wp\/v2\/users\/1"}],"replies":[{"embeddable":true,"href":"https:\/\/muvhaz.orlaihaz.mezobereny.hu\/index.php?rest_route=%2Fwp%2Fv2%2Fcomments&post=35042"}],"version-history":[{"count":1,"href":"https:\/\/muvhaz.orlaihaz.mezobereny.hu\/index.php?rest_route=\/wp\/v2\/posts\/35042\/revisions"}],"predecessor-version":[{"id":35056,"href":"https:\/\/muvhaz.orlaihaz.mezobereny.hu\/index.php?rest_route=\/wp\/v2\/posts\/35042\/revisions\/35056"}],"wp:featuredmedia":[{"embeddable":true,"href":"https:\/\/muvhaz.orlaihaz.mezobereny.hu\/index.php?rest_route=\/wp\/v2\/media\/35058"}],"wp:attachment":[{"href":"https:\/\/muvhaz.orlaihaz.mezobereny.hu\/index.php?rest_route=%2Fwp%2Fv2%2Fmedia&parent=35042"}],"wp:term":[{"taxonomy":"category","embeddable":true,"href":"https:\/\/muvhaz.orlaihaz.mezobereny.hu\/index.php?rest_route=%2Fwp%2Fv2%2Fcategories&post=35042"},{"taxonomy":"post_tag","embeddable":true,"href":"https:\/\/muvhaz.orlaihaz.mezobereny.hu\/index.php?rest_route=%2Fwp%2Fv2%2Ftags&post=35042"}],"curies":[{"name":"wp","href":"https:\/\/api.w.org\/{rel}","templated":true}]}}