{"id":35057,"date":"2023-01-23T08:15:00","date_gmt":"2023-01-23T07:15:00","guid":{"rendered":"https:\/\/muvhaz.orlaihaz.mezobereny.hu\/?p=35057"},"modified":"2024-06-17T09:29:00","modified_gmt":"2024-06-17T07:29:00","slug":"zenes-monodrama-a-magyar-kultura-napjan","status":"publish","type":"post","link":"https:\/\/muvhaz.orlaihaz.mezobereny.hu\/?p=35057","title":{"rendered":"\u00a0Zen\u00e9s monodr\u00e1ma a magyar kult\u00fara napj\u00e1n"},"content":{"rendered":"\n<p>A magyar kult\u00fara napja alkalm\u00e1b\u00f3l a kult\u00fara \u00e9s a sz\u00ednh\u00e1z ir\u00e1nt \u00e9rdekl\u0151d\u0151k 2023. janu\u00e1r 23-\u00e1n a m\u0171vel\u0151d\u00e9si k\u00f6zpont sz\u00ednh\u00e1zterm\u00e9ben Derzsi Gy\u00f6rgy sz\u00ednm\u0171v\u00e9sz \u201eSzerelmem, S\u00e1rdy\u201d c\u00edm\u0171 monodr\u00e1m\u00e1j\u00e1t tekintett\u00e9k meg.<\/p>\n\n\n\n<p>A sz\u00edndarab el\u0151tt a n\u00e9z\u0151ket T\u00fari Andrea, az Orlai h\u00e1z igazgat\u00f3ja k\u00f6sz\u00f6nt\u00f6tte, majd Sikl\u00f3si Istv\u00e1n polg\u00e1rmester \u00fcnnepi besz\u00e9d\u00e9ben kifejtette, b\u00e1r janu\u00e1r 22. nem piros bet\u0171s \u00fcnnep, de az iskol\u00e1kban \u00e9s a kultur\u00e1lis int\u00e9zm\u00e9nyekben megeml\u00e9kez\u00fcnk e napr\u00f3l. Ez alkalomb\u00f3l elgondolkodhatunk, hogy be\u00e1razhat\u00f3-e a kult\u00fara? Mez\u0151ber\u00e9nynek meg\u00e9ri-e 100 milli\u00f3 forintot ford\u00edtania kultur\u00e1lis int\u00e9zm\u00e9nyek, rendezv\u00e9nynek \u00e9s civil szervezetek t\u00e1mogat\u00e1s\u00e1ra? Ki d\u00f6nti el, hogy ezek mennyire hasznosak, hiszen az eredm\u00e9ny\u00fck nem sz\u00e1mszer\u0171s\u00edthet\u0151. \u00dajabb k\u00e9rd\u00e9sk\u00e9nt mer\u00fcl fel, a kult\u00fara jobb\u00e1 teszi-e az \u00e9let\u00fcnket? Hozz\u00e1j\u00e1rul-e a telep\u00fcl\u00e9s megtart\u00f3 erej\u00e9hez? Erre a kult\u00far\u00e1ban dolgoz\u00f3knak \u00e9s a befogad\u00f3knak kell v\u00e1laszt adniuk. Ha egy este a m\u0171vel\u0151d\u00e9si k\u00f6zpont sz\u00ednh\u00e1zterm\u00e9ben a n\u00e9z\u0151k j\u00f3l \u00e9rzik magukat \u00e9s a darab form\u00e1lja az \u00edzl\u00e9s\u00fcket, akkor meg\u00e9rte.<\/p>\n\n\n\n<p>A sz\u00ednpadon az egy szerepl\u0151s, egy felvon\u00e1sos, romantikus zen\u00e9s napl\u00f3 S\u00e1rdy J\u00e1nos 20. sz\u00e1zadi h\u00edres bonviv\u00e1n \u00e9let\u00e9nek nagyobb \u00e1llom\u00e1sait \u00e9s legszebb dalait mutatta be egy nagymama titkos napl\u00f3ja szerint. T\u00f6rt\u00e9net egy eltitkolt szerelemr\u0151l, az \u00e9leten \u00e1t tart\u00f3 rajong\u00e1sr\u00f3l, egy fiatal m\u0171v\u00e9sz mag\u00e1ra tal\u00e1l\u00e1s\u00e1r\u00f3l sz\u00f3lt. A darabban olyan dalok csend\u00fcltek fel, mint p\u00e9ld\u00e1ul a Nagy \u00e1rat k\u00e9r a sors a boldogs\u00e1gt\u00f3l, Adj Uram Isten, Nagyap\u00e1m h\u00fasz\u00e9ves volt, Londonban hej\u2026, R\u00f3zsalev\u00e9l, Haz\u00e1mba v\u00e1gyom, Hej fellegek, fellegek.<\/p>\n\n\n\n<p>A n\u00e9z\u0151k lelkes taps\u00e1ra Derzsi Gy\u00f6rgy r\u00e1ad\u00e1sk\u00e9nt egy dalt S\u00e1rdy st\u00edlus\u00e1ban adott el\u0151.<\/p>\n\n\n\n<figure class=\"wp-block-image aligncenter size-full is-resized\"><img fetchpriority=\"high\" decoding=\"async\" width=\"1024\" height=\"684\" src=\"https:\/\/muvhaz.orlaihaz.mezobereny.hu\/wp-content\/uploads\/sites\/2\/2024\/06\/ops_0039_oh-478325.jpg\" alt=\"\" class=\"wp-image-35059\" style=\"aspect-ratio:1.4970760233918128;width:632px;height:auto\" srcset=\"https:\/\/muvhaz.orlaihaz.mezobereny.hu\/wp-content\/uploads\/sites\/2\/2024\/06\/ops_0039_oh-478325.jpg 1024w, https:\/\/muvhaz.orlaihaz.mezobereny.hu\/wp-content\/uploads\/sites\/2\/2024\/06\/ops_0039_oh-478325-300x200.jpg 300w, https:\/\/muvhaz.orlaihaz.mezobereny.hu\/wp-content\/uploads\/sites\/2\/2024\/06\/ops_0039_oh-478325-768x513.jpg 768w\" sizes=\"(max-width: 1024px) 100vw, 1024px\" \/><\/figure>\n\n\n<p>Az el\u0151ad\u00e1st vissza n\u00e9zhetik a <a href=\"https:\/\/www.youtube.com\/watch?v=5UEfGSF9k0g\">Youtube<\/a>-on<\/p>\n<p style=\"text-align: center;\"><a href=\"https:\/\/muvhaz.orlaihaz.mezobereny.hu\/index.php\/nggallery\/album\/zenes-monodrama-a-magyar-kultura-napjan-2023-januar-23?page_id=7899\">Gal\u00e9ria<\/a><\/p>","protected":false},"excerpt":{"rendered":"<p>A magyar kult\u00fara napja alkalm\u00e1b\u00f3l a kult\u00fara \u00e9s a sz\u00ednh\u00e1z ir\u00e1nt \u00e9rdekl\u0151d\u0151k 2023. janu\u00e1r 23-\u00e1n a m\u0171vel\u0151d\u00e9si k\u00f6zpont sz\u00ednh\u00e1zterm\u00e9ben Derzsi Gy\u00f6rgy sz\u00ednm\u0171v\u00e9sz \u201eSzerelmem, S\u00e1rdy\u201d c\u00edm\u0171 monodr\u00e1m\u00e1j\u00e1t tekintett\u00e9k meg. A sz\u00edndarab [&hellip;]<\/p>\n","protected":false},"author":1,"featured_media":35110,"comment_status":"closed","ping_status":"open","sticky":false,"template":"","format":"standard","meta":{"site-sidebar-layout":"default","site-content-layout":"","ast-site-content-layout":"","site-content-style":"default","site-sidebar-style":"default","ast-global-header-display":"","ast-banner-title-visibility":"","ast-main-header-display":"","ast-hfb-above-header-display":"","ast-hfb-below-header-display":"","ast-hfb-mobile-header-display":"","site-post-title":"","ast-breadcrumbs-content":"","ast-featured-img":"","footer-sml-layout":"","theme-transparent-header-meta":"","adv-header-id-meta":"","stick-header-meta":"","header-above-stick-meta":"","header-main-stick-meta":"","header-below-stick-meta":"","astra-migrate-meta-layouts":"default","ast-page-background-enabled":"default","ast-page-background-meta":{"desktop":{"background-color":"var(--ast-global-color-4)","background-image":"","background-repeat":"repeat","background-position":"center center","background-size":"auto","background-attachment":"scroll","background-type":"","background-media":"","overlay-type":"","overlay-color":"","overlay-opacity":"","overlay-gradient":""},"tablet":{"background-color":"","background-image":"","background-repeat":"repeat","background-position":"center center","background-size":"auto","background-attachment":"scroll","background-type":"","background-media":"","overlay-type":"","overlay-color":"","overlay-opacity":"","overlay-gradient":""},"mobile":{"background-color":"","background-image":"","background-repeat":"repeat","background-position":"center center","background-size":"auto","background-attachment":"scroll","background-type":"","background-media":"","overlay-type":"","overlay-color":"","overlay-opacity":"","overlay-gradient":""}},"ast-content-background-meta":{"desktop":{"background-color":"var(--ast-global-color-5)","background-image":"","background-repeat":"repeat","background-position":"center center","background-size":"auto","background-attachment":"scroll","background-type":"","background-media":"","overlay-type":"","overlay-color":"","overlay-opacity":"","overlay-gradient":""},"tablet":{"background-color":"var(--ast-global-color-5)","background-image":"","background-repeat":"repeat","background-position":"center center","background-size":"auto","background-attachment":"scroll","background-type":"","background-media":"","overlay-type":"","overlay-color":"","overlay-opacity":"","overlay-gradient":""},"mobile":{"background-color":"var(--ast-global-color-5)","background-image":"","background-repeat":"repeat","background-position":"center center","background-size":"auto","background-attachment":"scroll","background-type":"","background-media":"","overlay-type":"","overlay-color":"","overlay-opacity":"","overlay-gradient":""}},"ngg_post_thumbnail":0,"footnotes":""},"categories":[1],"tags":[],"class_list":["post-35057","post","type-post","status-publish","format-standard","has-post-thumbnail","hentry"],"jetpack_featured_media_url":"https:\/\/muvhaz.orlaihaz.mezobereny.hu\/wp-content\/uploads\/sites\/2\/2024\/06\/ops_0039_oh-478325-1.jpg","_links":{"self":[{"href":"https:\/\/muvhaz.orlaihaz.mezobereny.hu\/index.php?rest_route=\/wp\/v2\/posts\/35057"}],"collection":[{"href":"https:\/\/muvhaz.orlaihaz.mezobereny.hu\/index.php?rest_route=\/wp\/v2\/posts"}],"about":[{"href":"https:\/\/muvhaz.orlaihaz.mezobereny.hu\/index.php?rest_route=\/wp\/v2\/types\/post"}],"author":[{"embeddable":true,"href":"https:\/\/muvhaz.orlaihaz.mezobereny.hu\/index.php?rest_route=\/wp\/v2\/users\/1"}],"replies":[{"embeddable":true,"href":"https:\/\/muvhaz.orlaihaz.mezobereny.hu\/index.php?rest_route=%2Fwp%2Fv2%2Fcomments&post=35057"}],"version-history":[{"count":2,"href":"https:\/\/muvhaz.orlaihaz.mezobereny.hu\/index.php?rest_route=\/wp\/v2\/posts\/35057\/revisions"}],"predecessor-version":[{"id":35107,"href":"https:\/\/muvhaz.orlaihaz.mezobereny.hu\/index.php?rest_route=\/wp\/v2\/posts\/35057\/revisions\/35107"}],"wp:featuredmedia":[{"embeddable":true,"href":"https:\/\/muvhaz.orlaihaz.mezobereny.hu\/index.php?rest_route=\/wp\/v2\/media\/35110"}],"wp:attachment":[{"href":"https:\/\/muvhaz.orlaihaz.mezobereny.hu\/index.php?rest_route=%2Fwp%2Fv2%2Fmedia&parent=35057"}],"wp:term":[{"taxonomy":"category","embeddable":true,"href":"https:\/\/muvhaz.orlaihaz.mezobereny.hu\/index.php?rest_route=%2Fwp%2Fv2%2Fcategories&post=35057"},{"taxonomy":"post_tag","embeddable":true,"href":"https:\/\/muvhaz.orlaihaz.mezobereny.hu\/index.php?rest_route=%2Fwp%2Fv2%2Ftags&post=35057"}],"curies":[{"name":"wp","href":"https:\/\/api.w.org\/{rel}","templated":true}]}}