{"id":35096,"date":"2023-02-03T08:59:00","date_gmt":"2023-02-03T07:59:00","guid":{"rendered":"https:\/\/muvhaz.orlaihaz.mezobereny.hu\/?p=35096"},"modified":"2024-06-17T09:09:39","modified_gmt":"2024-06-17T07:09:39","slug":"a-varos-civiljeit-koszontottek","status":"publish","type":"post","link":"https:\/\/muvhaz.orlaihaz.mezobereny.hu\/?p=35096","title":{"rendered":"A v\u00e1ros civiljeit k\u00f6sz\u00f6nt\u00f6tt\u00e9k"},"content":{"rendered":"\n<p>A v\u00e1rosban tev\u00e9kenyked\u0151 k\u00f6zel 60 civil szervezet k\u00e9pvisel\u0151it 2023. febru\u00e1r 3-\u00e1n k\u00f6sz\u00f6nt\u00f6tte a fel\u00faj\u00edtott piaccsarnokban Sikl\u00f3si Istv\u00e1n. Az \u00f6nkorm\u00e1nyzat vezet\u00e9se 2014 \u00f3ta minden esztend\u0151ben \u00faj\u00e9vi k\u00f6sz\u00f6nt\u0151re a v\u00e1rosh\u00e1z\u00e1ba h\u00edvja a civileket. A szokatlan helysz\u00ednt a polg\u00e1rmester azzal indokolta, az \u00f6nkorm\u00e1nyzat jelenlegi anyagi helyzet\u00e9ben nem lett volna tisztess\u00e9ges, ha a v\u00e1llalkoz\u00f3kat \u00e9s a civileket a hagyom\u00e1nyos helysz\u00ednen l\u00e1tj\u00e1k vend\u00e9g\u00fcl, ez\u00e9rt a v\u00e1llalkoz\u00f3k vend\u00e9gl\u00e1t\u00e1s\u00e1t janu\u00e1r 13-\u00e1n az ipartest\u00fclet \u00e1llta, most a piaccsarnokban pedig civilek \u00e9s mag\u00e1nszem\u00e9lyek seg\u00edtenek.<\/p>\n\n\n\n<figure class=\"wp-block-image aligncenter size-full is-resized\"><img fetchpriority=\"high\" decoding=\"async\" width=\"1024\" height=\"684\" src=\"https:\/\/muvhaz.orlaihaz.mezobereny.hu\/wp-content\/uploads\/sites\/2\/2024\/06\/ops_0019_oh-864109.jpg\" alt=\"\" class=\"wp-image-35097\" style=\"aspect-ratio:1.4970760233918128;width:620px;height:auto\" srcset=\"https:\/\/muvhaz.orlaihaz.mezobereny.hu\/wp-content\/uploads\/sites\/2\/2024\/06\/ops_0019_oh-864109.jpg 1024w, https:\/\/muvhaz.orlaihaz.mezobereny.hu\/wp-content\/uploads\/sites\/2\/2024\/06\/ops_0019_oh-864109-300x200.jpg 300w, https:\/\/muvhaz.orlaihaz.mezobereny.hu\/wp-content\/uploads\/sites\/2\/2024\/06\/ops_0019_oh-864109-768x513.jpg 768w\" sizes=\"(max-width: 1024px) 100vw, 1024px\" \/><\/figure>\n\n\n<p>Az \u00faj\u00e9vi k\u00f6sz\u00f6nt\u00e9st vissza n\u00e9zhetik a <a href=\"https:\/\/www.youtube.com\/watch?v=SkyktA7Q0Lc\">Youtube<\/a>-on<\/p>\n<p style=\"text-align: center;\">Gal\u00e9ria<\/p>","protected":false},"excerpt":{"rendered":"<p>A v\u00e1rosban tev\u00e9kenyked\u0151 k\u00f6zel 60 civil szervezet k\u00e9pvisel\u0151it 2023. febru\u00e1r 3-\u00e1n k\u00f6sz\u00f6nt\u00f6tte a fel\u00faj\u00edtott piaccsarnokban Sikl\u00f3si Istv\u00e1n. Az \u00f6nkorm\u00e1nyzat vezet\u00e9se 2014 \u00f3ta minden esztend\u0151ben \u00faj\u00e9vi k\u00f6sz\u00f6nt\u0151re a v\u00e1rosh\u00e1z\u00e1ba h\u00edvja a [&hellip;]<\/p>\n","protected":false},"author":1,"featured_media":35101,"comment_status":"closed","ping_status":"open","sticky":false,"template":"","format":"standard","meta":{"site-sidebar-layout":"default","site-content-layout":"","ast-site-content-layout":"","site-content-style":"default","site-sidebar-style":"default","ast-global-header-display":"","ast-banner-title-visibility":"","ast-main-header-display":"","ast-hfb-above-header-display":"","ast-hfb-below-header-display":"","ast-hfb-mobile-header-display":"","site-post-title":"","ast-breadcrumbs-content":"","ast-featured-img":"","footer-sml-layout":"","theme-transparent-header-meta":"","adv-header-id-meta":"","stick-header-meta":"","header-above-stick-meta":"","header-main-stick-meta":"","header-below-stick-meta":"","astra-migrate-meta-layouts":"default","ast-page-background-enabled":"default","ast-page-background-meta":{"desktop":{"background-color":"var(--ast-global-color-4)","background-image":"","background-repeat":"repeat","background-position":"center center","background-size":"auto","background-attachment":"scroll","background-type":"","background-media":"","overlay-type":"","overlay-color":"","overlay-opacity":"","overlay-gradient":""},"tablet":{"background-color":"","background-image":"","background-repeat":"repeat","background-position":"center center","background-size":"auto","background-attachment":"scroll","background-type":"","background-media":"","overlay-type":"","overlay-color":"","overlay-opacity":"","overlay-gradient":""},"mobile":{"background-color":"","background-image":"","background-repeat":"repeat","background-position":"center center","background-size":"auto","background-attachment":"scroll","background-type":"","background-media":"","overlay-type":"","overlay-color":"","overlay-opacity":"","overlay-gradient":""}},"ast-content-background-meta":{"desktop":{"background-color":"var(--ast-global-color-5)","background-image":"","background-repeat":"repeat","background-position":"center center","background-size":"auto","background-attachment":"scroll","background-type":"","background-media":"","overlay-type":"","overlay-color":"","overlay-opacity":"","overlay-gradient":""},"tablet":{"background-color":"var(--ast-global-color-5)","background-image":"","background-repeat":"repeat","background-position":"center center","background-size":"auto","background-attachment":"scroll","background-type":"","background-media":"","overlay-type":"","overlay-color":"","overlay-opacity":"","overlay-gradient":""},"mobile":{"background-color":"var(--ast-global-color-5)","background-image":"","background-repeat":"repeat","background-position":"center center","background-size":"auto","background-attachment":"scroll","background-type":"","background-media":"","overlay-type":"","overlay-color":"","overlay-opacity":"","overlay-gradient":""}},"ngg_post_thumbnail":0,"footnotes":""},"categories":[1],"tags":[],"class_list":["post-35096","post","type-post","status-publish","format-standard","has-post-thumbnail","hentry"],"jetpack_featured_media_url":"https:\/\/muvhaz.orlaihaz.mezobereny.hu\/wp-content\/uploads\/sites\/2\/2024\/06\/ops_0019_oh-864109-1.jpg","_links":{"self":[{"href":"https:\/\/muvhaz.orlaihaz.mezobereny.hu\/index.php?rest_route=\/wp\/v2\/posts\/35096"}],"collection":[{"href":"https:\/\/muvhaz.orlaihaz.mezobereny.hu\/index.php?rest_route=\/wp\/v2\/posts"}],"about":[{"href":"https:\/\/muvhaz.orlaihaz.mezobereny.hu\/index.php?rest_route=\/wp\/v2\/types\/post"}],"author":[{"embeddable":true,"href":"https:\/\/muvhaz.orlaihaz.mezobereny.hu\/index.php?rest_route=\/wp\/v2\/users\/1"}],"replies":[{"embeddable":true,"href":"https:\/\/muvhaz.orlaihaz.mezobereny.hu\/index.php?rest_route=%2Fwp%2Fv2%2Fcomments&post=35096"}],"version-history":[{"count":1,"href":"https:\/\/muvhaz.orlaihaz.mezobereny.hu\/index.php?rest_route=\/wp\/v2\/posts\/35096\/revisions"}],"predecessor-version":[{"id":35099,"href":"https:\/\/muvhaz.orlaihaz.mezobereny.hu\/index.php?rest_route=\/wp\/v2\/posts\/35096\/revisions\/35099"}],"wp:featuredmedia":[{"embeddable":true,"href":"https:\/\/muvhaz.orlaihaz.mezobereny.hu\/index.php?rest_route=\/wp\/v2\/media\/35101"}],"wp:attachment":[{"href":"https:\/\/muvhaz.orlaihaz.mezobereny.hu\/index.php?rest_route=%2Fwp%2Fv2%2Fmedia&parent=35096"}],"wp:term":[{"taxonomy":"category","embeddable":true,"href":"https:\/\/muvhaz.orlaihaz.mezobereny.hu\/index.php?rest_route=%2Fwp%2Fv2%2Fcategories&post=35096"},{"taxonomy":"post_tag","embeddable":true,"href":"https:\/\/muvhaz.orlaihaz.mezobereny.hu\/index.php?rest_route=%2Fwp%2Fv2%2Ftags&post=35096"}],"curies":[{"name":"wp","href":"https:\/\/api.w.org\/{rel}","templated":true}]}}