{"id":35194,"date":"2023-03-14T12:36:00","date_gmt":"2023-03-14T11:36:00","guid":{"rendered":"https:\/\/muvhaz.orlaihaz.mezobereny.hu\/?p=35194"},"modified":"2024-06-17T12:51:00","modified_gmt":"2024-06-17T10:51:00","slug":"kituntetesekkel-unnepeltunk","status":"publish","type":"post","link":"https:\/\/muvhaz.orlaihaz.mezobereny.hu\/?p=35194","title":{"rendered":"Kit\u00fcntet\u00e9sekkel \u00fcnnepelt\u00fcnk"},"content":{"rendered":"\n<p>Az id\u00e9n Mez\u0151ber\u00e9ny k\u00e9tnapos \u00fcnneps\u00e9ggel eml\u00e9kezik meg az 1848\/49-es forradalom \u00e9s szabads\u00e1gharc \u00e9vfordul\u00f3j\u00e1r\u00f3l, 2023. m\u00e1rcius 14-\u00e9n a kit\u00fcntet\u00e9seket adt\u00e1k \u00e1t a m\u0171vel\u0151d\u00e9si k\u00f6zpont sz\u00ednh\u00e1zterm\u00e9ben. Az int\u00e9zm\u00e9ny bej\u00e1rata f\u00f6l\u00f6tt \u00f3ri\u00e1skok\u00e1rda fogadta a vend\u00e9geket, illetve az aul\u00e1ban Pet\u0151fir\u0151l egy kamarat\u00e1rlat.<\/p>\n\n\n\n<figure class=\"wp-block-image aligncenter size-large is-resized\"><img fetchpriority=\"high\" decoding=\"async\" width=\"1024\" height=\"683\" src=\"https:\/\/muvhaz.orlaihaz.mezobereny.hu\/wp-content\/uploads\/sites\/2\/2024\/06\/OPS_0141_oh-1024x683.jpg\" alt=\"\" class=\"wp-image-35196\" style=\"aspect-ratio:1.499267935578331;width:616px;height:auto\" srcset=\"https:\/\/muvhaz.orlaihaz.mezobereny.hu\/wp-content\/uploads\/sites\/2\/2024\/06\/OPS_0141_oh-1024x683.jpg 1024w, https:\/\/muvhaz.orlaihaz.mezobereny.hu\/wp-content\/uploads\/sites\/2\/2024\/06\/OPS_0141_oh-300x200.jpg 300w, https:\/\/muvhaz.orlaihaz.mezobereny.hu\/wp-content\/uploads\/sites\/2\/2024\/06\/OPS_0141_oh-768x512.jpg 768w, https:\/\/muvhaz.orlaihaz.mezobereny.hu\/wp-content\/uploads\/sites\/2\/2024\/06\/OPS_0141_oh.jpg 1484w\" sizes=\"(max-width: 1024px) 100vw, 1024px\" \/><\/figure>\n\n\n<p>Az \u00e1ltal\u00e1nos iskola di\u00e1kjainak \u00fcnnepi m\u0171sora ut\u00e1n Sikl\u00f3si Istv\u00e1n polg\u00e1rmester k\u00f6sz\u00f6nt\u0151j\u00e9ben kifejtette, az \u00e1gazati \u00fcnneps\u00e9gek \u00e1tad\u00e1s\u00e1ra a test\u00fclet m\u00e1rcius 15-\u00f6t, mint a nemzeti \u00f6sszefog\u00e1s napj\u00e1t t\u0171zte ki. Ma olyan szem\u00e9lyeket jutalmazunk, akik tal\u00e1n nem is sejtik, milyen nagy hat\u00e1ssal vannak a k\u00f6rnyezet\u00fckre. Jutalmazz\u00e1k az elv\u00e9gzett munk\u00e1t, mivel csak azzal lehet eredm\u00e9nyt el\u00e9rni. Az elismer\u00e9ssel k\u00f6sz\u00f6net\u00fcket fejezik ki az \u00e9rt\u00e9kteremt\u00e9s\u00e9rt. &nbsp;<\/p>\n<p>A kit\u00fcntetetteknek az elismer\u00e9st Sikl\u00f3si Istv\u00e1n \u00e9s K\u00f6r\u00f6si Mih\u00e1ly alpolg\u00e1rmester adta \u00e1t,&nbsp;a m\u00e9ltat\u00e1sokat Guly\u00e1sn\u00e9 dr. S\u00e1li Henrietta aljegyz\u0151&nbsp;olvasta f\u00f6l.<\/p>\n<p><strong>Edz\u0151i tev\u00e9kenys\u00e9g\u00e9\u00e9rt, az ut\u00e1np\u00f3tl\u00e1s nevel\u00e9s\u00e9ben v\u00e9gzett p\u00e9lda\u00e9rt\u00e9k\u0171 munk\u00e1j\u00e1\u00e9rt, emberi magatart\u00e1s\u00e1\u00e9rt \u00e9s k\u00f6z\u00f6ss\u00e9g\u00e9p\u00edt\u00e9s\u00e9\u00e9rt az \u00f6nkorm\u00e1nyzat L\u00e9szk\u00f3-Kurucz Erik\u00e1nak \u201e<i>Mez\u0151ber\u00e9ny Sportj\u00e1\u00e9rt<\/i>\u201d elismer\u0151 c\u00edmet adom\u00e1nyozott.&nbsp;<\/strong>L\u00e9szk\u00f3 &#8211; Kurucz Erika \u2013 egykori v\u00e1logatott, mesterfok\u00fa torn\u00e1szk\u00e9nt \u2013 testnevel\u0151 tan\u00e1ri v\u00e9gzetts\u00e9get szerzett. &nbsp;Az alapokt\u00f3l \u00e9p\u00edtette fel a T\u00f3th K\u00e1roly \u00e1ltal l\u00e9trehozott Mez\u0151ber\u00e9nyi Malom-Fitness DS Egyes\u00fclet torn\u00e1sz szak\u00e1g\u00e1t. Az elm\u00falt \u00e9vek munk\u00e1ja eredm\u00e9nyre vezetett, tan\u00edtv\u00e1nyai jobbn\u00e1l jobb helyez\u00e9seket \u00e9rtek el. A v\u00e1rosi rendezv\u00e9nyeken rendszeresen bemutatj\u00e1k tud\u00e1sukat. Tan\u00edtv\u00e1nyai r\u00e9szt vettek Kecskem\u00e9ten a Torna Di\u00e1kolimpia orsz\u00e1gos el\u0151d\u00f6nt\u0151j\u00e9ben, ahol Jozaf H\u00e9di orsz\u00e1gos d\u00f6nt\u0151be ker\u00fclt. N\u00f6vend\u00e9kei 2022-ben els\u0151 alkalommal indultak el az Orsz\u00e1gos Fit Kid Dance B versenyen. A tavaszi versenyek alapj\u00e1n h\u00e1rom tan\u00edtv\u00e1nya jutott be az orsz\u00e1gos d\u00f6nt\u0151be, ahol Jozaf H\u00e9di harmadik helyez\u00e9st \u00e9rt el. Tavaly csapatuk el\u0151sz\u00f6r m\u00e9rettette meg mag\u00e1t az Acro Free Dance Eur\u00f3pai Kup\u00e1n is, \u00e9s r\u00f6gt\u00f6n az el\u0151kel\u0151 hatodik helyen v\u00e9geztek.<\/p>\n<p>Sch\u00e4ffer M\u00e1rtonn\u00e9nak a v\u00e1ros szoci\u00e1lis ell\u00e1t\u00e1s\u00e1\u00e9rt, az id\u0151sgondoz\u00e1s ter\u00fclet\u00e9n \u00e9s a szoci\u00e1lisan r\u00e1szorul\u00f3 csal\u00e1dok\u00e9rt v\u00e9gzett kiemelked\u0151 munk\u00e1j\u00e1t az \u00f6nkorm\u00e1nyzat \u201e<i>Mez\u0151ber\u00e9ny Eg\u00e9szs\u00e9g\u00fcgy\u00e9\u00e9rt, Szoci\u00e1lis Ell\u00e1t\u00e1s\u00e1\u00e9rt<\/i>\u201d c\u00edmmel ismerte el. Sch\u00e4ffer M\u00e1rtonn\u00e9 a V\u00e1rosi Hum\u00e1nseg\u00edt\u0151 \u00e9s Szoci\u00e1lis Szolg\u00e1latnak megalakul\u00e1sa \u00f3ta egyik munkat\u00e1rsa, vezet\u0151je,&nbsp;a szoci\u00e1lis alapszolg\u00e1ltat\u00e1sok \u00e9s szakos\u00edtott ell\u00e1t\u00e1sok szakembere.&nbsp;F\u0151 ter\u00fclete az id\u0151sgondoz\u00e1s, itt az ell\u00e1tottak biztons\u00e1ga \u00e9rdek\u00e9ben \u00faj int\u00e9zked\u00e9seket dolgozott ki. \u00d6nk\u00e9ntes tev\u00e9kenys\u00e9gek szervez\u00e9se ter\u00e9n is kiemelked\u0151 teljes\u00edtm\u00e9nyt ny\u00fajtott. Az int\u00e9zm\u00e9ny els\u0151k k\u00f6z\u00f6tt csatlakozott a Kapu Programhoz, mely lak\u00f3k\u00f6z\u00f6ss\u00e9gi alapon szervez\u0151d\u0151 \u00f6nk\u00e9ntes seg\u00edt\u0151 szolg\u00e1lat, \u00e9s annak vezet\u0151je, koordin\u00e1tora lett. Igazgat\u00f3helyettesek\u00e9nt tev\u00e9kenykedett az int\u00e9zm\u00e9nyi szolg\u00e1ltat\u00e1sok min\u0151s\u00e9gfejleszt\u00e9se ter\u00e9n \u00e9s n\u00e9h\u00e1ny h\u00f3napig megb\u00edzott vezet\u0151k\u00e9nt l\u00e1tta el a feladatokat.<\/p>\n<p>Mezein\u00e9 Szegedi Erzs\u00e9betnek a nevel\u00e9s, oktat\u00e1s ter\u00fclet\u00e9n v\u00e9gzett p\u00e9lda\u00e9rt\u00e9k\u0171 tev\u00e9kenys\u00e9g\u00e9\u00e9rt, k\u00f6z\u00f6ss\u00e9g\u00e9p\u00edt\u0151 munk\u00e1j\u00e1\u00e9rt, valamint a nevel\u0151munk\u00e1n t\u00falmutat\u00f3, szem\u00e9lyes p\u00e9ld\u00e1j\u00e1\u00e9rt, a v\u00e1ros rendezv\u00e9nyein ny\u00fajtott minta\u00e9rt\u00e9k\u0171 seg\u00edts\u00e9g\u00e9\u00e9rt az \u00f6nkorm\u00e1nyzat&nbsp;<i>\u201eMez\u0151ber\u00e9ny Nevel\u00e9s\u00e9\u00e9rt, Oktat\u00e1s\u00e1\u00e9rt,\u201d<\/i>&nbsp;elismer\u0151 c\u00edmet adom\u00e1nyozta.&nbsp;Mezein\u00e9 Szegedi Erzs\u00e9bet pedag\u00f3gusi p\u00e1ly\u00e1ja 1985-ban indult. R\u00e9szt vett 1996-ban az els\u0151 mazsorett csoport megalak\u00edt\u00e1s\u00e1ban, \u00e9s az\u00f3ta az egy\u00fcttes szakmai vezet\u0151je. Az eltelt \u00e9vek alatt t\u00f6bb szakmai \u00e9s v\u00e1rosi elismer\u00e9sben r\u00e9szes\u00fclt a k\u00f6z\u00f6ss\u00e9g \u00e9s \u0151 maga is. Munk\u00e1ja elismer\u00e9s\u00e9\u00fcl az oktat\u00f3k szakmai d\u00edj\u00e1t, a&nbsp;<i>N\u00edv\u00f3d\u00edjat<\/i>&nbsp;vehette \u00e1t, a nemzetk\u00f6zi sz\u00f6vets\u00e9g tagjak\u00e9nt meghat\u00e1roz\u00f3 szakembere a mazsorett vil\u00e1gnak. Nemzeti \u00e9s nemzetk\u00f6zi pontoz\u00f3 b\u00edr\u00f3, a MWF-Majorette Sport WORLD Federation b\u00edr\u00f3i bizotts\u00e1g\u00e1nak a tagja. A Magyar Majorette Szervezetek Sz\u00f6vets\u00e9g\u00e9nek k\u00f6zgy\u0171l\u00e9se 2014-ben szakmai aleln\u00f6k\u00e9v\u00e9 v\u00e1lasztotta, ugyanebben az \u00e9vben OKJ-\u00e9s t\u00e1ncsport edz\u0151i v\u00e9gzetts\u00e9get szerzett.&nbsp;Tan\u00edtv\u00e1nyaival 2022-ben Horv\u00e1torsz\u00e1gban \u00fajra nemzetk\u00f6zi sikert, Eur\u00f3pa bajnoki c\u00edmet \u00e9rt el.&nbsp;2010-t\u0151l 2019-ig \u00f6nkorm\u00e1nyzati k\u00e9pvisel\u0151 volt. A testv\u00e9rv\u00e1rosi kapcsolat ter\u00e9n tan\u00fas\u00edtott elk\u00f6telezetts\u00e9g\u00e9\u00e9rt 2019 j\u00falius\u00e1ban M\u00fcnsingen elismer\u0151 oklevel\u00e9t, a v\u00e1ros legrangosabb kit\u00fcntet\u00e9s\u00e9t vehette \u00e1t.<\/p>\n<p><strong>Mez\u0151ber\u00e9nyi Szlov\u00e1kok Szervezet\u00e9t a nemzetis\u00e9gi identit\u00e1studat er\u0151s\u00edt\u00e9s\u00e9\u00e9rt, a m\u00falt ismeret\u00e9nek b\u0151v\u00edt\u00e9s\u00e9\u00e9rt \u00e9s a szlov\u00e1k hagyom\u00e1nyok \u0151rz\u00e9s\u00e9\u00e9rt, a v\u00e1ros kultur\u00e1lis \u00e9rt\u00e9keinek gazdag\u00edt\u00e1s\u00e1\u00e9rt v\u00e9gzett munk\u00e1j\u00e1\u00e9rt Mez\u0151ber\u00e9ny V\u00e1ros \u00d6nkorm\u00e1nyzati K\u00e9pvisel\u0151-test\u00fclete a \u201e<i>Mez\u0151ber\u00e9ny Kult\u00far\u00e1j\u00e1\u00e9rt, Nemzetis\u00e9gi Kult\u00far\u00e1j\u00e1\u00e9rt<\/i>\u201d elismer\u0151 c\u00edmmel t\u00fcntette ki.&nbsp;<\/strong>A Mez\u0151ber\u00e9nyi Szlov\u00e1kok Szervezete 1992. november 12-\u00e9n alakult meg, a nemzetis\u00e9gi hagyom\u00e1nyok \u00e1pol\u00e1s\u00e1t, az szlov\u00e1kok identit\u00e1s\u00e1nak meg\u0151rz\u00e9s\u00e9t t\u0171zt\u00e9k ki c\u00e9lul. Kezdett\u0151l fogva felkarolt\u00e1k \u00e9s seg\u00edtett\u00e9k a Szlov\u00e1k P\u00e1vak\u00f6rt, az egy\u00fcttes sokat tett a n\u00e9pzenei \u00f6r\u00f6ks\u00e9g meg\u0151rz\u00e9s\u00e9\u00e9rt. Versenyeken \u00e9s min\u0151s\u00edt\u0151 rendezv\u00e9nyeken k\u00e9pviselt\u00e9k Mez\u0151ber\u00e9nyt. P\u00e9lda\u00e9rt\u00e9k\u0171 a kapcsolatuk a testv\u00e9rv\u00e1rosunk, G\u00fata civil szervezet\u00e9vel, a&nbsp;Szlov\u00e1k&nbsp;<em>Kult\u00fara Bar\u00e1ti K\u00f6r<\/em>\u00e9vel \u00e9s t\u00f6bb szlov\u00e1kiai szervezettel. A szervezet hagyom\u00e1nyteremt\u0151 sz\u00e1nd\u00e9kkal 2008-ban ind\u00edtotta \u00fatj\u00e1ra az adventi gyertyagy\u00fajt\u00e1st, \u00e9s az\u00f3ta is minden \u00e9vben szervezi a programot. A mez\u0151ber\u00e9nyi szlov\u00e1kok \u00e9let\u00e9ben jelent\u0151s el\u0151rel\u00e9p\u00e9st hozott, hogy 2016-ban megv\u00e1s\u00e1roltak egy \u00f6n\u00e1ll\u00f3 \u00e9p\u00fcletet, \u00e9s azt k\u00f6z\u00f6ss\u00e9gi h\u00e1zz\u00e1 alak\u00edtott\u00e1k \u00e1t, \u00e9s azt k\u00e9t \u00e9vvel k\u00e9s\u0151bb nemzetis\u00e9gi szob\u00e1val b\u0151v\u00edtett\u00e9k. Az elm\u00falt id\u0151szakban b\u00e1tor kezdem\u00e9nyez\u00e9ssel \u00e1lltak el\u0151 \u2013 a nemzetis\u00e9gi \u00f6nkorm\u00e1nyzattal k\u00f6z\u00f6sen \u2013 megmentett\u00e9k az utols\u00f3 mez\u0151ber\u00e9nyi ulicsk\u00e1s h\u00e1zat. P\u00e1ly\u00e1zat seg\u00edts\u00e9g\u00e9vel 2022-ben hozz\u00e1kezdhettek a teljes fel\u00faj\u00edt\u00e1s\u00e1hoz, ennek befejez\u00e9s\u00e9t a v\u00e1ros \u00fajratelep\u00edt\u00e9s\u00e9nek 300. \u00e9vfordul\u00f3j\u00e1ra id\u0151z\u00edtik.<\/p>\n<p>A kit\u00fcntetetteknek Csonka D\u00f3ra \u00e9s Pusk\u00e1s D\u00e1niel, a B\u00e9k\u00e9scsabai J\u00f3kai Sz\u00ednh\u00e1z sz\u00ednm\u0171v\u00e9szei aj\u00e1nd\u00e9kk\u00e9nt egy dalt \u00e9nekeltek el.<\/p>\n<p>Az elismer\u00e9sek \u00e1tad\u00e1sa ut\u00e1n a Pet\u0151fi szoborn\u00e1l Csonka D\u00f3ra \u00e9s Pusk\u00e1s D\u00e1niel adott r\u00f6vid \u00fcnnepi m\u0171sort, majd az \u00f6nkorm\u00e1nyzat, a polg\u00e1rmesteri hivatal, a korm\u00e1nyhivatal, a hat\u00f3s\u00e1gok, az int\u00e9zm\u00e9nyek, az egyh\u00e1zak \u00e9s a civil szervezetek k\u00e9pvisel\u0151i a koszor\u00faikat helyezt\u00e9k el.<\/p>\n<p>Az elismer\u00e9sek \u00e1tad\u00e1s\u00e1t megtekinthetik a<a href=\"https:\/\/www.youtube.com\/watch?v=0sNW6oNItJc\"> Youtube<\/a>-on a megeml\u00e9kez\u00e9st az al\u00e1bbi <a href=\"https:\/\/www.youtube.com\/watch?v=301nz7DS64I\">linken<\/a>.<\/p>\n<p style=\"text-align: center;\"><a href=\"https:\/\/muvhaz.orlaihaz.mezobereny.hu\/index.php\/nggallery\/album\/marcius-15-i-megemlekezes-2023-marcius-14?page_id=7920\">Gal\u00e9ria<\/a><\/p>","protected":false},"excerpt":{"rendered":"<p>Az id\u00e9n Mez\u0151ber\u00e9ny k\u00e9tnapos \u00fcnneps\u00e9ggel eml\u00e9kezik meg az 1848\/49-es forradalom \u00e9s szabads\u00e1gharc \u00e9vfordul\u00f3j\u00e1r\u00f3l, 2023. m\u00e1rcius 14-\u00e9n a kit\u00fcntet\u00e9seket adt\u00e1k \u00e1t a m\u0171vel\u0151d\u00e9si k\u00f6zpont sz\u00ednh\u00e1zterm\u00e9ben. Az int\u00e9zm\u00e9ny bej\u00e1rata f\u00f6l\u00f6tt \u00f3ri\u00e1skok\u00e1rda fogadta [&hellip;]<\/p>\n","protected":false},"author":1,"featured_media":36448,"comment_status":"closed","ping_status":"open","sticky":false,"template":"","format":"standard","meta":{"site-sidebar-layout":"default","site-content-layout":"","ast-site-content-layout":"","site-content-style":"default","site-sidebar-style":"default","ast-global-header-display":"","ast-banner-title-visibility":"","ast-main-header-display":"","ast-hfb-above-header-display":"","ast-hfb-below-header-display":"","ast-hfb-mobile-header-display":"","site-post-title":"","ast-breadcrumbs-content":"","ast-featured-img":"","footer-sml-layout":"","theme-transparent-header-meta":"","adv-header-id-meta":"","stick-header-meta":"","header-above-stick-meta":"","header-main-stick-meta":"","header-below-stick-meta":"","astra-migrate-meta-layouts":"default","ast-page-background-enabled":"default","ast-page-background-meta":{"desktop":{"background-color":"var(--ast-global-color-4)","background-image":"","background-repeat":"repeat","background-position":"center center","background-size":"auto","background-attachment":"scroll","background-type":"","background-media":"","overlay-type":"","overlay-color":"","overlay-opacity":"","overlay-gradient":""},"tablet":{"background-color":"","background-image":"","background-repeat":"repeat","background-position":"center center","background-size":"auto","background-attachment":"scroll","background-type":"","background-media":"","overlay-type":"","overlay-color":"","overlay-opacity":"","overlay-gradient":""},"mobile":{"background-color":"","background-image":"","background-repeat":"repeat","background-position":"center center","background-size":"auto","background-attachment":"scroll","background-type":"","background-media":"","overlay-type":"","overlay-color":"","overlay-opacity":"","overlay-gradient":""}},"ast-content-background-meta":{"desktop":{"background-color":"var(--ast-global-color-5)","background-image":"","background-repeat":"repeat","background-position":"center center","background-size":"auto","background-attachment":"scroll","background-type":"","background-media":"","overlay-type":"","overlay-color":"","overlay-opacity":"","overlay-gradient":""},"tablet":{"background-color":"var(--ast-global-color-5)","background-image":"","background-repeat":"repeat","background-position":"center center","background-size":"auto","background-attachment":"scroll","background-type":"","background-media":"","overlay-type":"","overlay-color":"","overlay-opacity":"","overlay-gradient":""},"mobile":{"background-color":"var(--ast-global-color-5)","background-image":"","background-repeat":"repeat","background-position":"center center","background-size":"auto","background-attachment":"scroll","background-type":"","background-media":"","overlay-type":"","overlay-color":"","overlay-opacity":"","overlay-gradient":""}},"ngg_post_thumbnail":0,"footnotes":""},"categories":[1],"tags":[],"class_list":["post-35194","post","type-post","status-publish","format-standard","has-post-thumbnail","hentry"],"jetpack_featured_media_url":"https:\/\/muvhaz.orlaihaz.mezobereny.hu\/wp-content\/uploads\/sites\/2\/2024\/07\/Marc-14-15_PLAKAT-scaled.jpg","_links":{"self":[{"href":"https:\/\/muvhaz.orlaihaz.mezobereny.hu\/index.php?rest_route=\/wp\/v2\/posts\/35194"}],"collection":[{"href":"https:\/\/muvhaz.orlaihaz.mezobereny.hu\/index.php?rest_route=\/wp\/v2\/posts"}],"about":[{"href":"https:\/\/muvhaz.orlaihaz.mezobereny.hu\/index.php?rest_route=\/wp\/v2\/types\/post"}],"author":[{"embeddable":true,"href":"https:\/\/muvhaz.orlaihaz.mezobereny.hu\/index.php?rest_route=\/wp\/v2\/users\/1"}],"replies":[{"embeddable":true,"href":"https:\/\/muvhaz.orlaihaz.mezobereny.hu\/index.php?rest_route=%2Fwp%2Fv2%2Fcomments&post=35194"}],"version-history":[{"count":1,"href":"https:\/\/muvhaz.orlaihaz.mezobereny.hu\/index.php?rest_route=\/wp\/v2\/posts\/35194\/revisions"}],"predecessor-version":[{"id":35260,"href":"https:\/\/muvhaz.orlaihaz.mezobereny.hu\/index.php?rest_route=\/wp\/v2\/posts\/35194\/revisions\/35260"}],"wp:featuredmedia":[{"embeddable":true,"href":"https:\/\/muvhaz.orlaihaz.mezobereny.hu\/index.php?rest_route=\/wp\/v2\/media\/36448"}],"wp:attachment":[{"href":"https:\/\/muvhaz.orlaihaz.mezobereny.hu\/index.php?rest_route=%2Fwp%2Fv2%2Fmedia&parent=35194"}],"wp:term":[{"taxonomy":"category","embeddable":true,"href":"https:\/\/muvhaz.orlaihaz.mezobereny.hu\/index.php?rest_route=%2Fwp%2Fv2%2Fcategories&post=35194"},{"taxonomy":"post_tag","embeddable":true,"href":"https:\/\/muvhaz.orlaihaz.mezobereny.hu\/index.php?rest_route=%2Fwp%2Fv2%2Ftags&post=35194"}],"curies":[{"name":"wp","href":"https:\/\/api.w.org\/{rel}","templated":true}]}}