{"id":35261,"date":"2023-03-15T12:51:00","date_gmt":"2023-03-15T11:51:00","guid":{"rendered":"https:\/\/muvhaz.orlaihaz.mezobereny.hu\/?p=35261"},"modified":"2024-06-17T12:58:32","modified_gmt":"2024-06-17T10:58:32","slug":"a-40-petofi-emlektura","status":"publish","type":"post","link":"https:\/\/muvhaz.orlaihaz.mezobereny.hu\/?p=35261","title":{"rendered":"A 40. Pet\u0151fi-eml\u00e9kt\u00fara"},"content":{"rendered":"\n<p>Az Alf\u00f6ld Turista Egyes\u00fclet az id\u00e9n is Pet\u0151fi-eml\u00e9kt\u00far\u00e1ra h\u00edvta a friss leveg\u0151re \u00e9s mozg\u00e1sra v\u00e1gy\u00f3kat, mint kor\u00e1bban, most is a \u201e<em>N\u00e9pek bar\u00e1ts\u00e1ga\u201d<\/em>&nbsp;szoborn\u00e1l n\u00e9pes sereg tal\u00e1lkozott. F\u00f6ldes P\u00e9ter eln\u00f6k k\u00f6sz\u00f6nt\u0151j\u00e9ben elmondta, egyes\u00fclet\u00fck 1983-ban alakult meg, \u00e9s a szervezet \u00e9let\u00e9ben ez a 40. eml\u00e9kt\u00fara. &nbsp;Az idei a Pet\u0151fi 200 miatt rendk\u00edv\u00fcli, ugyanis nem a megszokott \u00fatvonalon mennek ki a K\u00f6r\u00f6s-partra, hanem a v\u00e1roson kereszt\u00fcl \u00fatba ejtik a Madar\u00e1sz Lovastany\u00e1t, \u00e9s ott csatlakoznak a husz\u00e1rok menet\u00e9hez.<\/p>\n\n\n\n<figure class=\"wp-block-image aligncenter size-large is-resized\"><img fetchpriority=\"high\" decoding=\"async\" width=\"1024\" height=\"683\" src=\"https:\/\/muvhaz.orlaihaz.mezobereny.hu\/wp-content\/uploads\/sites\/2\/2024\/06\/OPS_0077_oh-1024x683.jpg\" alt=\"\" class=\"wp-image-35262\" style=\"aspect-ratio:1.499267935578331;width:640px;height:auto\" srcset=\"https:\/\/muvhaz.orlaihaz.mezobereny.hu\/wp-content\/uploads\/sites\/2\/2024\/06\/OPS_0077_oh-1024x683.jpg 1024w, https:\/\/muvhaz.orlaihaz.mezobereny.hu\/wp-content\/uploads\/sites\/2\/2024\/06\/OPS_0077_oh-300x200.jpg 300w, https:\/\/muvhaz.orlaihaz.mezobereny.hu\/wp-content\/uploads\/sites\/2\/2024\/06\/OPS_0077_oh-768x512.jpg 768w, https:\/\/muvhaz.orlaihaz.mezobereny.hu\/wp-content\/uploads\/sites\/2\/2024\/06\/OPS_0077_oh.jpg 1484w\" sizes=\"(max-width: 1024px) 100vw, 1024px\" \/><\/figure>\n\n\n<p>A lovastany\u00e1n Sikl\u00f3si Istv\u00e1n polg\u00e1rmester szemerk\u00e9l\u0151 es\u0151ben k\u00f6sz\u00f6nt\u00f6tte a t\u00far\u00e1z\u00f3kat. Utalt arra, hogy 175 \u00e9vvel ezel\u0151tt is esett, nek\u00fcnk most k\u00fcl\u00f6n\u00f6sebb \u00e1ldozatot nem kell hoznunk, legfeljebb el\u00e1zunk. A l\u00e1tv\u00e1nyos menet el\u0151l k\u00e9t husz\u00e1rral indult m\u00f6g\u00f6tte a postakocsi, rajta Pet\u0151fi szerep\u00e9ben T\u00f3bi\u00e1s L\u00e1szl\u00f3. \u0150ket k\u00f6vette a Ber\u00e9ny T\u00e1ncegy\u00fcttes tagjai \u00e9s az eml\u00e9kt\u00fara r\u00e9sztvev\u0151i.<\/p>\n<p>A Pet\u0151fi-eml\u00e9koszlopn\u00e1l T\u00f3bi\u00e1s L\u00e1szl\u00f3 korabeli ruh\u00e1ban elszavalta a Nemzeti dalt. K\u00f6r\u00f6si Mih\u00e1ly alpolg\u00e1rmester a h\u00e1rmas \u00e9vfordul\u00f3r\u00f3l: Mez\u0151ber\u00e9ny 300, Pet\u0151fi 200 \u00e9s telep\u00fcl\u00e9si \u00e9rt\u00e9kt\u00e1r 10 osztotta meg gondolatait. Kifejtette, az eml\u00e9koszlop mai hely\u00e9n 1815-t\u0151l r\u00e9v m\u0171k\u00f6d\u00f6tt. Mivel a mez\u0151ber\u00e9nyieknek a foly\u00f3 t\u00falpartj\u00e1n is voltak f\u00f6ldjeik, itt j\u00e1\u00e1rtak \u00e1t hozz\u00e1. Pet\u0151fi h\u00e1romszor is \u00e1tkelt itt, k\u00e9tszer Debrecen ir\u00e1ny\u00e1ba, eygszer pedig Bem sereg\u00e9hez indulva.<\/p>\n<p>Az alpolg\u00e1rmester sz\u00f3lt arr\u00f3l is, hogy 2013-ban alakult meg a telep\u00fcl\u00e9si \u00e9rt\u00e9kt\u00e1r bizotts\u00e1g, hogy a v\u00e1ros \u00e9rt\u00e9keit k\u00f6zz\u00e9 tegy\u00e9k. Az elm\u00falt \u00e9vtizedben ezeket a kincseket sz\u00e1mos helyen bemutatt\u00e1k. &nbsp;&nbsp;<\/p>\n<p>Bancsi \u00c1rp\u00e1d Istv\u00e1n magyar-t\u00f6rt\u00e9nelem szakos tan\u00e1cs besz\u00e9d\u00e9ben arra a k\u00e9rd\u00e9sre kereste a v\u00e1laszt, hogy a mez\u0151benyiek mi\u00e9rt lelkesednek annyira Pet\u0151fi ir\u00e1nt. Ebb\u0151l a szempontb\u00f3l fontosnak nevezte azt a t\u00e9nyt, hogy a k\u00f6lt\u0151 a Petrovicsk\u00e9nt a f\u0151k\u00e9nt szlov\u00e1kok lakta Kisk\u0151r\u00f6s\u00f6n l\u00e1tta meg a napvil\u00e1got, a csal\u00e1dj\u00e1ban k\u00e9t nyelvet haszn\u00e1ltak, \u00edgy maga is kett\u0151s identit\u00e1ssal rendelkezett. Ugyanakkor gy\u00f6ny\u00f6r\u0171 magyar nyelven \u00edrta mega verseit. Ugyanis, aki sv\u00e1bnak vagy t\u00f3tnak sz\u00fcletik, az is lehet b\u00fcszke magyar, ha sork\u00f6z\u00f6ss\u00e9get v\u00e1llal a nemzettel. Erre mutat p\u00e9ld\u00e1t Petifi a ber\u00e9nyeiknek.<\/p>\n<p>A Ber\u00e9ny T\u00e1ncegy\u00fcttes m\u0171sora ut\u00e1n mik\u00e9nt az el\u0151z\u0151 nap a Pet\u0151fi-szoborn\u00e1l, most is sokan koszor\u00faztak. Az elm\u00falt \u00e9vtizedekhez hasonl\u00f3an az esem\u00e9nyre most is elj\u00f6ttek a gyulai Makad\u00e1m Vil\u00e1gj\u00e1r\u00f3 Ker\u00e9kp\u00e1rosok \u00e9s K\u00f6rnyezetv\u00e9d\u0151k Egyes\u00fclete tagjai.<\/p>\n<p>A megeml\u00e9kez\u00e9st vissza n\u00e9zhetik a<a href=\"https:\/\/www.youtube.com\/watch?v=CMQS_pzUsG0\"> Youtube<\/a>-on<\/p>\n<p style=\"text-align: center;\"><a href=\"https:\/\/muvhaz.orlaihaz.mezobereny.hu\/index.php\/nggallery\/album\/koszoruzas-a-petofi-emlekmunel-2024-marcius-15?page_id=7920\">Gal\u00e9ria<\/a><\/p>","protected":false},"excerpt":{"rendered":"<p>Az Alf\u00f6ld Turista Egyes\u00fclet az id\u00e9n is Pet\u0151fi-eml\u00e9kt\u00far\u00e1ra h\u00edvta a friss leveg\u0151re \u00e9s mozg\u00e1sra v\u00e1gy\u00f3kat, mint kor\u00e1bban, most is a \u201eN\u00e9pek bar\u00e1ts\u00e1ga\u201d&nbsp;szoborn\u00e1l n\u00e9pes sereg tal\u00e1lkozott. F\u00f6ldes P\u00e9ter eln\u00f6k k\u00f6sz\u00f6nt\u0151j\u00e9ben elmondta, [&hellip;]<\/p>\n","protected":false},"author":1,"featured_media":36448,"comment_status":"closed","ping_status":"open","sticky":false,"template":"","format":"standard","meta":{"site-sidebar-layout":"default","site-content-layout":"","ast-site-content-layout":"","site-content-style":"default","site-sidebar-style":"default","ast-global-header-display":"","ast-banner-title-visibility":"","ast-main-header-display":"","ast-hfb-above-header-display":"","ast-hfb-below-header-display":"","ast-hfb-mobile-header-display":"","site-post-title":"","ast-breadcrumbs-content":"","ast-featured-img":"","footer-sml-layout":"","theme-transparent-header-meta":"","adv-header-id-meta":"","stick-header-meta":"","header-above-stick-meta":"","header-main-stick-meta":"","header-below-stick-meta":"","astra-migrate-meta-layouts":"default","ast-page-background-enabled":"default","ast-page-background-meta":{"desktop":{"background-color":"var(--ast-global-color-4)","background-image":"","background-repeat":"repeat","background-position":"center center","background-size":"auto","background-attachment":"scroll","background-type":"","background-media":"","overlay-type":"","overlay-color":"","overlay-opacity":"","overlay-gradient":""},"tablet":{"background-color":"","background-image":"","background-repeat":"repeat","background-position":"center center","background-size":"auto","background-attachment":"scroll","background-type":"","background-media":"","overlay-type":"","overlay-color":"","overlay-opacity":"","overlay-gradient":""},"mobile":{"background-color":"","background-image":"","background-repeat":"repeat","background-position":"center center","background-size":"auto","background-attachment":"scroll","background-type":"","background-media":"","overlay-type":"","overlay-color":"","overlay-opacity":"","overlay-gradient":""}},"ast-content-background-meta":{"desktop":{"background-color":"var(--ast-global-color-5)","background-image":"","background-repeat":"repeat","background-position":"center center","background-size":"auto","background-attachment":"scroll","background-type":"","background-media":"","overlay-type":"","overlay-color":"","overlay-opacity":"","overlay-gradient":""},"tablet":{"background-color":"var(--ast-global-color-5)","background-image":"","background-repeat":"repeat","background-position":"center center","background-size":"auto","background-attachment":"scroll","background-type":"","background-media":"","overlay-type":"","overlay-color":"","overlay-opacity":"","overlay-gradient":""},"mobile":{"background-color":"var(--ast-global-color-5)","background-image":"","background-repeat":"repeat","background-position":"center center","background-size":"auto","background-attachment":"scroll","background-type":"","background-media":"","overlay-type":"","overlay-color":"","overlay-opacity":"","overlay-gradient":""}},"ngg_post_thumbnail":0,"footnotes":""},"categories":[1],"tags":[],"class_list":["post-35261","post","type-post","status-publish","format-standard","has-post-thumbnail","hentry"],"jetpack_featured_media_url":"https:\/\/muvhaz.orlaihaz.mezobereny.hu\/wp-content\/uploads\/sites\/2\/2024\/07\/Marc-14-15_PLAKAT-scaled.jpg","_links":{"self":[{"href":"https:\/\/muvhaz.orlaihaz.mezobereny.hu\/index.php?rest_route=\/wp\/v2\/posts\/35261"}],"collection":[{"href":"https:\/\/muvhaz.orlaihaz.mezobereny.hu\/index.php?rest_route=\/wp\/v2\/posts"}],"about":[{"href":"https:\/\/muvhaz.orlaihaz.mezobereny.hu\/index.php?rest_route=\/wp\/v2\/types\/post"}],"author":[{"embeddable":true,"href":"https:\/\/muvhaz.orlaihaz.mezobereny.hu\/index.php?rest_route=\/wp\/v2\/users\/1"}],"replies":[{"embeddable":true,"href":"https:\/\/muvhaz.orlaihaz.mezobereny.hu\/index.php?rest_route=%2Fwp%2Fv2%2Fcomments&post=35261"}],"version-history":[{"count":1,"href":"https:\/\/muvhaz.orlaihaz.mezobereny.hu\/index.php?rest_route=\/wp\/v2\/posts\/35261\/revisions"}],"predecessor-version":[{"id":35284,"href":"https:\/\/muvhaz.orlaihaz.mezobereny.hu\/index.php?rest_route=\/wp\/v2\/posts\/35261\/revisions\/35284"}],"wp:featuredmedia":[{"embeddable":true,"href":"https:\/\/muvhaz.orlaihaz.mezobereny.hu\/index.php?rest_route=\/wp\/v2\/media\/36448"}],"wp:attachment":[{"href":"https:\/\/muvhaz.orlaihaz.mezobereny.hu\/index.php?rest_route=%2Fwp%2Fv2%2Fmedia&parent=35261"}],"wp:term":[{"taxonomy":"category","embeddable":true,"href":"https:\/\/muvhaz.orlaihaz.mezobereny.hu\/index.php?rest_route=%2Fwp%2Fv2%2Fcategories&post=35261"},{"taxonomy":"post_tag","embeddable":true,"href":"https:\/\/muvhaz.orlaihaz.mezobereny.hu\/index.php?rest_route=%2Fwp%2Fv2%2Ftags&post=35261"}],"curies":[{"name":"wp","href":"https:\/\/api.w.org\/{rel}","templated":true}]}}