{"id":35288,"date":"2023-03-22T13:02:00","date_gmt":"2023-03-22T12:02:00","guid":{"rendered":"https:\/\/muvhaz.orlaihaz.mezobereny.hu\/?p=35288"},"modified":"2024-06-17T13:15:47","modified_gmt":"2024-06-17T11:15:47","slug":"koros-asas-berenyben-kiallitas","status":"publish","type":"post","link":"https:\/\/muvhaz.orlaihaz.mezobereny.hu\/?p=35288","title":{"rendered":"K\u00f6r\u00f6s-\u00e1s\u00e1s Ber\u00e9nyben \u2013 ki\u00e1ll\u00edt\u00e1s"},"content":{"rendered":"\n<p>A v\u00edz vil\u00e1gnapja alkalm\u00e1b\u00f3l \u201e<em>K\u00f6r\u00f6s-\u00e1s\u00e1s Ber\u00e9nyben\u201d<\/em>\u00a0c\u00edmmel T\u00f3th-Valentinyi \u00c1gnes v\u00edz\u00e9p\u00edt\u0151 m\u00e9rn\u00f6k \u00f6ssze\u00e1ll\u00edt\u00e1s\u00e1ban ki\u00e1ll\u00edt\u00e1s ny\u00edlt 2023. m\u00e1rcius 22-\u00e9n az Orlai h\u00e1zban. A t\u00e1rlatot Kisari Mikl\u00f3sn\u00e9, az \u201e<em>Olvas\u00f3k\u00f6nyv mez\u0151ber\u00e9nyieknek\u201d<\/em>\u00a0\u00f6tletgazd\u00e1ja nyitotta meg. Mondand\u00f3j\u00e1t azzal kezdte, sok \u00e9rdekess\u00e9g mellett a ki\u00e1ll\u00edt\u00e1s tanulm\u00e1nya is helyet kap az olvas\u00f3k\u00f6nyvben.<\/p>\n\n\n\n<figure class=\"wp-block-image aligncenter size-large is-resized\"><img fetchpriority=\"high\" decoding=\"async\" width=\"1024\" height=\"683\" src=\"https:\/\/muvhaz.orlaihaz.mezobereny.hu\/wp-content\/uploads\/sites\/2\/2024\/06\/OPS_0054_oh-1024x683.jpg\" alt=\"\" class=\"wp-image-35289\" style=\"aspect-ratio:1.499267935578331;width:757px;height:auto\" srcset=\"https:\/\/muvhaz.orlaihaz.mezobereny.hu\/wp-content\/uploads\/sites\/2\/2024\/06\/OPS_0054_oh-1024x683.jpg 1024w, https:\/\/muvhaz.orlaihaz.mezobereny.hu\/wp-content\/uploads\/sites\/2\/2024\/06\/OPS_0054_oh-300x200.jpg 300w, https:\/\/muvhaz.orlaihaz.mezobereny.hu\/wp-content\/uploads\/sites\/2\/2024\/06\/OPS_0054_oh-768x512.jpg 768w, https:\/\/muvhaz.orlaihaz.mezobereny.hu\/wp-content\/uploads\/sites\/2\/2024\/06\/OPS_0054_oh.jpg 1484w\" sizes=\"(max-width: 1024px) 100vw, 1024px\" \/><\/figure>\n\n\n<p>Kisari Mikl\u00f3sn\u00e9 kifejtette, nek\u00fcnk term\u00e9szetes, hogy megnyitjuk a csapot \u00e9s folyik a v\u00edz bel\u0151le. Szerencs\u00e9sek vagyunk, mert t\u00e9rs\u00e9g\u00fcnkben foly\u00f3k, tavak vannak, a f\u00f6ld m\u00e9ly\u00e9r\u0151l \u00e1rt\u00e9zi v\u00edz \u00e9s gy\u00f3gyv\u00edz t\u00f6r fel. De nem mindenki ilyen szerencs\u00e9s. Elmes\u00e9lte, \u00e9vekkel ezel\u0151tt r\u00e9szt vettek a Szahar\u00e1ban egy sivatagi t\u00far\u00e1n, ott a b\u0151r\u00fck\u00f6n \u00e9rezt\u00e9k meg, hogy a v\u00edz milyen nagy kincs. A v\u00edz vil\u00e1gnapj\u00e1nak az a jelent\u0151s\u00e9ge, hogy r\u00e1vil\u00e1g\u00edt a fontos tennival\u00f3kra. \u00d6ssze kellene gy\u0171jten\u00fcnk a csapad\u00e9kvizet, hogy az asz\u00e1lyos id\u0151ben azzal \u00f6nt\u00f6zhess\u00fcnk. Tudatos\u00edtani kellene mindenkiben, hogy a szem\u00e9t helye nem a foly\u00f3meder, hogy a bolyg\u00f3nk j\u00f6v\u0151je a mi kez\u00fcnkben van.<\/p>\n<p>T\u00f3th-Valentinyi \u00c1gnes elmondta, a foly\u00f3szab\u00e1lyoz\u00e1s ism\u00e9t aktu\u00e1lis t\u00e9m\u00e1v\u00e1 v\u00e1lt. Ugyan a kor legjobb v\u00edz\u00fcgyi szakemberei dolgoztak rajta, de a t\u00e1j- \u00e9s k\u00f6rnyezetgazd\u00e1lkod\u00e1s \u00faj szempontjai miatt az akkor elv\u00e9gzett munk\u00e1t \u00fajra kell gondolni. A t\u00f6r\u00f6k\u00f6k ki\u0171z\u00e9se ut\u00e1n a n\u00e9pess\u00e9g gyorsan n\u00f6vekedett, ennek k\u00f6vetkezt\u00e9ben \u00f6sszeomlott az \u00e1rt\u00e9ri gazd\u00e1lkod\u00e1s, tov\u00e1bb\u00e1 a foly\u00f3k szab\u00e1lyoz\u00e1sa tette lehet\u0151v\u00e9 az \u00fat- \u00e9s vas\u00fath\u00e1l\u00f3zat ki\u00e9p\u00edt\u00e9s\u00e9t, \u00e9s t\u00e9rs\u00e9g\u00fcnk \u00edgy kapcsol\u00f3dhatott be az orsz\u00e1g v\u00e9rkering\u00e9s\u00e9be. &nbsp;<\/p>\n<p>A ki\u00e1ll\u00edt\u00e1smegtekinthet\u0151 \u2013 az int\u00e9zm\u00e9ny nyitvatart\u00e1si idej\u00e9ben \u2013 \u00e1prilis 6-ig.<\/p>\n<p style=\"text-align: center;\"><a href=\"https:\/\/muvhaz.orlaihaz.mezobereny.hu\/index.php\/nggallery\/album\/koros-asas-mezoberenyben-2023-marcius-22?page_id=7926\">Gal\u00e9ria<\/a><\/p>","protected":false},"excerpt":{"rendered":"<p>A v\u00edz vil\u00e1gnapja alkalm\u00e1b\u00f3l \u201eK\u00f6r\u00f6s-\u00e1s\u00e1s Ber\u00e9nyben\u201d\u00a0c\u00edmmel T\u00f3th-Valentinyi \u00c1gnes v\u00edz\u00e9p\u00edt\u0151 m\u00e9rn\u00f6k \u00f6ssze\u00e1ll\u00edt\u00e1s\u00e1ban ki\u00e1ll\u00edt\u00e1s ny\u00edlt 2023. m\u00e1rcius 22-\u00e9n az Orlai h\u00e1zban. A t\u00e1rlatot Kisari Mikl\u00f3sn\u00e9, az \u201eOlvas\u00f3k\u00f6nyv mez\u0151ber\u00e9nyieknek\u201d\u00a0\u00f6tletgazd\u00e1ja nyitotta meg. Mondand\u00f3j\u00e1t azzal [&hellip;]<\/p>\n","protected":false},"author":1,"featured_media":36446,"comment_status":"closed","ping_status":"open","sticky":false,"template":"","format":"standard","meta":{"site-sidebar-layout":"default","site-content-layout":"","ast-site-content-layout":"","site-content-style":"default","site-sidebar-style":"default","ast-global-header-display":"","ast-banner-title-visibility":"","ast-main-header-display":"","ast-hfb-above-header-display":"","ast-hfb-below-header-display":"","ast-hfb-mobile-header-display":"","site-post-title":"","ast-breadcrumbs-content":"","ast-featured-img":"","footer-sml-layout":"","theme-transparent-header-meta":"","adv-header-id-meta":"","stick-header-meta":"","header-above-stick-meta":"","header-main-stick-meta":"","header-below-stick-meta":"","astra-migrate-meta-layouts":"default","ast-page-background-enabled":"default","ast-page-background-meta":{"desktop":{"background-color":"var(--ast-global-color-4)","background-image":"","background-repeat":"repeat","background-position":"center center","background-size":"auto","background-attachment":"scroll","background-type":"","background-media":"","overlay-type":"","overlay-color":"","overlay-opacity":"","overlay-gradient":""},"tablet":{"background-color":"","background-image":"","background-repeat":"repeat","background-position":"center center","background-size":"auto","background-attachment":"scroll","background-type":"","background-media":"","overlay-type":"","overlay-color":"","overlay-opacity":"","overlay-gradient":""},"mobile":{"background-color":"","background-image":"","background-repeat":"repeat","background-position":"center center","background-size":"auto","background-attachment":"scroll","background-type":"","background-media":"","overlay-type":"","overlay-color":"","overlay-opacity":"","overlay-gradient":""}},"ast-content-background-meta":{"desktop":{"background-color":"var(--ast-global-color-5)","background-image":"","background-repeat":"repeat","background-position":"center center","background-size":"auto","background-attachment":"scroll","background-type":"","background-media":"","overlay-type":"","overlay-color":"","overlay-opacity":"","overlay-gradient":""},"tablet":{"background-color":"var(--ast-global-color-5)","background-image":"","background-repeat":"repeat","background-position":"center center","background-size":"auto","background-attachment":"scroll","background-type":"","background-media":"","overlay-type":"","overlay-color":"","overlay-opacity":"","overlay-gradient":""},"mobile":{"background-color":"var(--ast-global-color-5)","background-image":"","background-repeat":"repeat","background-position":"center center","background-size":"auto","background-attachment":"scroll","background-type":"","background-media":"","overlay-type":"","overlay-color":"","overlay-opacity":"","overlay-gradient":""}},"ngg_post_thumbnail":0,"footnotes":""},"categories":[1],"tags":[],"class_list":["post-35288","post","type-post","status-publish","format-standard","has-post-thumbnail","hentry"],"jetpack_featured_media_url":"https:\/\/muvhaz.orlaihaz.mezobereny.hu\/wp-content\/uploads\/sites\/2\/2024\/07\/Koros-asas_PLAKAT.jpg","_links":{"self":[{"href":"https:\/\/muvhaz.orlaihaz.mezobereny.hu\/index.php?rest_route=\/wp\/v2\/posts\/35288"}],"collection":[{"href":"https:\/\/muvhaz.orlaihaz.mezobereny.hu\/index.php?rest_route=\/wp\/v2\/posts"}],"about":[{"href":"https:\/\/muvhaz.orlaihaz.mezobereny.hu\/index.php?rest_route=\/wp\/v2\/types\/post"}],"author":[{"embeddable":true,"href":"https:\/\/muvhaz.orlaihaz.mezobereny.hu\/index.php?rest_route=\/wp\/v2\/users\/1"}],"replies":[{"embeddable":true,"href":"https:\/\/muvhaz.orlaihaz.mezobereny.hu\/index.php?rest_route=%2Fwp%2Fv2%2Fcomments&post=35288"}],"version-history":[{"count":2,"href":"https:\/\/muvhaz.orlaihaz.mezobereny.hu\/index.php?rest_route=\/wp\/v2\/posts\/35288\/revisions"}],"predecessor-version":[{"id":35296,"href":"https:\/\/muvhaz.orlaihaz.mezobereny.hu\/index.php?rest_route=\/wp\/v2\/posts\/35288\/revisions\/35296"}],"wp:featuredmedia":[{"embeddable":true,"href":"https:\/\/muvhaz.orlaihaz.mezobereny.hu\/index.php?rest_route=\/wp\/v2\/media\/36446"}],"wp:attachment":[{"href":"https:\/\/muvhaz.orlaihaz.mezobereny.hu\/index.php?rest_route=%2Fwp%2Fv2%2Fmedia&parent=35288"}],"wp:term":[{"taxonomy":"category","embeddable":true,"href":"https:\/\/muvhaz.orlaihaz.mezobereny.hu\/index.php?rest_route=%2Fwp%2Fv2%2Fcategories&post=35288"},{"taxonomy":"post_tag","embeddable":true,"href":"https:\/\/muvhaz.orlaihaz.mezobereny.hu\/index.php?rest_route=%2Fwp%2Fv2%2Ftags&post=35288"}],"curies":[{"name":"wp","href":"https:\/\/api.w.org\/{rel}","templated":true}]}}