{"id":35347,"date":"2023-04-11T15:18:00","date_gmt":"2023-04-11T13:18:00","guid":{"rendered":"https:\/\/muvhaz.orlaihaz.mezobereny.hu\/?p=35347"},"modified":"2024-06-17T15:52:45","modified_gmt":"2024-06-17T13:52:45","slug":"petofi-visszatert-mezoberenybe","status":"publish","type":"post","link":"https:\/\/muvhaz.orlaihaz.mezobereny.hu\/?p=35347","title":{"rendered":"Pet\u0151fi visszat\u00e9rt Mez\u0151ber\u00e9nybe"},"content":{"rendered":"\n<p><strong>Kihirdett\u00e9k a vers- \u00e9s novella\u00edr\u00f3 p\u00e1ly\u00e1zat eredm\u00e9ny\u00e9t<\/strong><\/p>\n\n\n\n<p>A v\u00e1rosban nagy v\u00e1rakoz\u00e1s el\u0151zte meg N\u00e9meth L\u00e1szl\u00f3&nbsp;<em>\u201ePet\u0151fi Mez\u0151ber\u00e9nyben\u201d<\/em>&nbsp;c\u00edm\u0171 dr\u00e1m\u00e1ja bemutat\u00f3j\u00e1t. Ezt \u2013 a magyar k\u00f6lt\u00e9szet napja alkalm\u00e1b\u00f3l, a Vers\u00fcnnep keret\u00e9ben\u2013 2023. \u00e1prilis 11-\u00e9n tartott\u00e1k meg az Orlai h\u00e1z sz\u00ednh\u00e1zterm\u00e9ben. Mez\u0151ber\u00e9ny id\u00e9n \u00fcnnepli \u00fajratelep\u00fcl\u00e9se 300. \u00e9vfordul\u00f3j\u00e1t, ugyanakkor emellett hangs\u00falyt fektet a Pet\u0151fi 200-ra is. A v\u00e1ros kezdem\u00e9nyez\u00e9s\u00e9re \u2013 a Pet\u0151fi-eml\u00e9k\u00e9v tisztelet\u00e9re \u2013 a darabot&nbsp;a Sz\u00ednitanh\u00e1z, az Ifj\u00fas\u00e1gi \u00e9s Gyermeksz\u00ednh\u00e1zi Alap\u00edtv\u00e1ny, az Orlai h\u00e1z \u00e9s a B\u00e9k\u00e9scsabai J\u00f3kai Sz\u00ednh\u00e1z k\u00f6z\u00f6sen \u00e1ll\u00edtotta sz\u00ednpadra. Czitor Attila rendez\u00e9s\u00e9ben.<\/p>\n\n\n\n<figure class=\"wp-block-image aligncenter size-large is-resized\"><img fetchpriority=\"high\" decoding=\"async\" width=\"1024\" height=\"683\" src=\"https:\/\/muvhaz.orlaihaz.mezobereny.hu\/wp-content\/uploads\/sites\/2\/2024\/06\/OPS_0070_oh-1024x683.jpg\" alt=\"\" class=\"wp-image-35348\" style=\"aspect-ratio:1.499267935578331;width:703px;height:auto\" srcset=\"https:\/\/muvhaz.orlaihaz.mezobereny.hu\/wp-content\/uploads\/sites\/2\/2024\/06\/OPS_0070_oh-1024x683.jpg 1024w, https:\/\/muvhaz.orlaihaz.mezobereny.hu\/wp-content\/uploads\/sites\/2\/2024\/06\/OPS_0070_oh-300x200.jpg 300w, https:\/\/muvhaz.orlaihaz.mezobereny.hu\/wp-content\/uploads\/sites\/2\/2024\/06\/OPS_0070_oh-768x512.jpg 768w, https:\/\/muvhaz.orlaihaz.mezobereny.hu\/wp-content\/uploads\/sites\/2\/2024\/06\/OPS_0070_oh.jpg 1484w\" sizes=\"(max-width: 1024px) 100vw, 1024px\" \/><\/figure>\n\n\n<p>Az el\u0151ad\u00e1s el\u0151tt Sikl\u00f3si Istv\u00e1n polg\u00e1rmester k\u00f6sz\u00f6nt\u0151j\u00e9ben elmondta, igaz\u00e1n \u00fcnnep ez a mai nap, nemcsak J\u00f3zsef Attila sz\u00fclet\u00e9snapja miatt, hanem ez\u00e9rt is, mert a darab bemutat\u00e1s\u00e1val Pet\u0151fi visszat\u00e9r Mez\u0151ber\u00e9nybe. A k\u00f6lt\u0151 eml\u00e9khelyek\u00e9nt a v\u00e1ros arra t\u00f6rekszik, hogy m\u00e9lt\u00f3 m\u00f3don megeml\u00e9kezzen sz\u00fclet\u00e9se 200. \u00e9vfordul\u00f3j\u00e1r\u00f3l.<\/p>\n<p>N\u00e9met L\u00e1szl\u00f3 dr\u00e1ma \u00faj megvil\u00e1g\u00edt\u00e1sba helyezte a Pet\u0151fir\u0151l alkotott k\u00e9pet, hiszen nem a forradalmi, hanem a csal\u00f3dott embert l\u00e1thatjuk. Akkor j\u00e1tsz\u00f3dik, amikor a forradalmat m\u00e1r majdnem levert\u00e9k, \u00e9s Pet\u0151finek d\u00f6ntenie kell, hogy elbujdosik, vagy folytatja a harcot \u00e9s be\u00e1ll Bem sereg\u00e9be.<\/p>\n<p>A bemutat\u00f3 k\u00fcl\u00f6nlegess\u00e9g\u00e9t az adta, hogy a dr\u00e1m\u00e1t az eredeti helysz\u00ednen, Mez\u0151ber\u00e9nyben adt\u00e1k el\u0151, illetve a szerepeket Pet\u0151fihez hasonl\u00f3 kor\u00fa fiatalok alak\u00edtj\u00e1k.<\/p>\n<p>Az Orlai h\u00e1z vers- \u00e9s novella\u00edr\u00f3 p\u00e1ly\u00e1zat\u00e1ra \u00f6sszesen 22 alkot\u00f3 k\u00fcldte be munk\u00e1j\u00e1t, a be\u00e9rkezett sz\u00f6vegeket h\u00e1romtag\u00fa zs\u0171ri: K\u00f6r\u00f6si Mih\u00e1ly alpolg\u00e1rmester, Bancsi \u00c1rp\u00e1d Istv\u00e1n k\u00f6z\u00e9piskolai irodalomtan\u00e1r \u00e9s Moln\u00e1r Lajos, a Mez\u0151ber\u00e9nyi H\u00edrmond\u00f3 szerkeszt\u0151je \u00e9rt\u00e9kelte.&nbsp; Gyermekkoroszt\u00e1lyban k\u00fcl\u00f6nd\u00edjat \u00e9rdemelt ki Babinszki Panna \u00e9s P\u00e1kozdi Martin Alex. Vers kateg\u00f3ri\u00e1ban megosztott els\u0151 helyez\u00e9st \u00e9rt el Magyari Barna \u00e9s Schmidt L\u00edvia, m\u00e1sodik Katona Katalin, harmadik Szebegyinszky R\u00e9ka lett. A novella kateg\u00f3ri\u00e1t Katona Katalin nyerte meg And\u00f3 Istv\u00e1n \u00e9s Moln\u00e1r Katalin el\u0151tt.&nbsp; K\u00fcl\u00f6nd\u00edjat vehettet \u00e1t:&nbsp;Urbancsekn\u00e9 Sebesty\u00e9n Mariann. Az eml\u00e9klapokat, okleveleket, k\u00fcl\u00f6nd\u00edjakat K\u00f6r\u00f6si Mih\u00e1ly \u00e9s Bancsi \u00c1rp\u00e1d Istv\u00e1n adta \u00e1t.&nbsp;&nbsp;<\/p>\n<p>Az el\u0151ad\u00e1st visszan\u00e9zhetik a <a href=\"https:\/\/www.youtube.com\/watch?v=12JOaWSbiRM\">Youtube<\/a>-on.<\/p>\n<p style=\"text-align: center;\"><a href=\"https:\/\/muvhaz.orlaihaz.mezobereny.hu\/index.php\/nggallery\/album\/petofi-visszatert-mezoberenybe-2023-aprilis-11?page_id=7899\">Gal\u00e9ria<\/a><\/p>","protected":false},"excerpt":{"rendered":"<p>Kihirdett\u00e9k a vers- \u00e9s novella\u00edr\u00f3 p\u00e1ly\u00e1zat eredm\u00e9ny\u00e9t A v\u00e1rosban nagy v\u00e1rakoz\u00e1s el\u0151zte meg N\u00e9meth L\u00e1szl\u00f3&nbsp;\u201ePet\u0151fi Mez\u0151ber\u00e9nyben\u201d&nbsp;c\u00edm\u0171 dr\u00e1m\u00e1ja bemutat\u00f3j\u00e1t. Ezt \u2013 a magyar k\u00f6lt\u00e9szet napja alkalm\u00e1b\u00f3l, a Vers\u00fcnnep keret\u00e9ben\u2013 2023. \u00e1prilis [&hellip;]<\/p>\n","protected":false},"author":1,"featured_media":36439,"comment_status":"closed","ping_status":"open","sticky":false,"template":"","format":"standard","meta":{"site-sidebar-layout":"default","site-content-layout":"","ast-site-content-layout":"","site-content-style":"default","site-sidebar-style":"default","ast-global-header-display":"","ast-banner-title-visibility":"","ast-main-header-display":"","ast-hfb-above-header-display":"","ast-hfb-below-header-display":"","ast-hfb-mobile-header-display":"","site-post-title":"","ast-breadcrumbs-content":"","ast-featured-img":"","footer-sml-layout":"","theme-transparent-header-meta":"","adv-header-id-meta":"","stick-header-meta":"","header-above-stick-meta":"","header-main-stick-meta":"","header-below-stick-meta":"","astra-migrate-meta-layouts":"default","ast-page-background-enabled":"default","ast-page-background-meta":{"desktop":{"background-color":"var(--ast-global-color-4)","background-image":"","background-repeat":"repeat","background-position":"center center","background-size":"auto","background-attachment":"scroll","background-type":"","background-media":"","overlay-type":"","overlay-color":"","overlay-opacity":"","overlay-gradient":""},"tablet":{"background-color":"","background-image":"","background-repeat":"repeat","background-position":"center center","background-size":"auto","background-attachment":"scroll","background-type":"","background-media":"","overlay-type":"","overlay-color":"","overlay-opacity":"","overlay-gradient":""},"mobile":{"background-color":"","background-image":"","background-repeat":"repeat","background-position":"center center","background-size":"auto","background-attachment":"scroll","background-type":"","background-media":"","overlay-type":"","overlay-color":"","overlay-opacity":"","overlay-gradient":""}},"ast-content-background-meta":{"desktop":{"background-color":"var(--ast-global-color-5)","background-image":"","background-repeat":"repeat","background-position":"center center","background-size":"auto","background-attachment":"scroll","background-type":"","background-media":"","overlay-type":"","overlay-color":"","overlay-opacity":"","overlay-gradient":""},"tablet":{"background-color":"var(--ast-global-color-5)","background-image":"","background-repeat":"repeat","background-position":"center center","background-size":"auto","background-attachment":"scroll","background-type":"","background-media":"","overlay-type":"","overlay-color":"","overlay-opacity":"","overlay-gradient":""},"mobile":{"background-color":"var(--ast-global-color-5)","background-image":"","background-repeat":"repeat","background-position":"center center","background-size":"auto","background-attachment":"scroll","background-type":"","background-media":"","overlay-type":"","overlay-color":"","overlay-opacity":"","overlay-gradient":""}},"ngg_post_thumbnail":0,"footnotes":""},"categories":[1],"tags":[],"class_list":["post-35347","post","type-post","status-publish","format-standard","has-post-thumbnail","hentry"],"jetpack_featured_media_url":"https:\/\/muvhaz.orlaihaz.mezobereny.hu\/wp-content\/uploads\/sites\/2\/2024\/07\/Petofi-Mezoberenyben-AKTUALIS-scaled.jpg","_links":{"self":[{"href":"https:\/\/muvhaz.orlaihaz.mezobereny.hu\/index.php?rest_route=\/wp\/v2\/posts\/35347"}],"collection":[{"href":"https:\/\/muvhaz.orlaihaz.mezobereny.hu\/index.php?rest_route=\/wp\/v2\/posts"}],"about":[{"href":"https:\/\/muvhaz.orlaihaz.mezobereny.hu\/index.php?rest_route=\/wp\/v2\/types\/post"}],"author":[{"embeddable":true,"href":"https:\/\/muvhaz.orlaihaz.mezobereny.hu\/index.php?rest_route=\/wp\/v2\/users\/1"}],"replies":[{"embeddable":true,"href":"https:\/\/muvhaz.orlaihaz.mezobereny.hu\/index.php?rest_route=%2Fwp%2Fv2%2Fcomments&post=35347"}],"version-history":[{"count":1,"href":"https:\/\/muvhaz.orlaihaz.mezobereny.hu\/index.php?rest_route=\/wp\/v2\/posts\/35347\/revisions"}],"predecessor-version":[{"id":35349,"href":"https:\/\/muvhaz.orlaihaz.mezobereny.hu\/index.php?rest_route=\/wp\/v2\/posts\/35347\/revisions\/35349"}],"wp:featuredmedia":[{"embeddable":true,"href":"https:\/\/muvhaz.orlaihaz.mezobereny.hu\/index.php?rest_route=\/wp\/v2\/media\/36439"}],"wp:attachment":[{"href":"https:\/\/muvhaz.orlaihaz.mezobereny.hu\/index.php?rest_route=%2Fwp%2Fv2%2Fmedia&parent=35347"}],"wp:term":[{"taxonomy":"category","embeddable":true,"href":"https:\/\/muvhaz.orlaihaz.mezobereny.hu\/index.php?rest_route=%2Fwp%2Fv2%2Fcategories&post=35347"},{"taxonomy":"post_tag","embeddable":true,"href":"https:\/\/muvhaz.orlaihaz.mezobereny.hu\/index.php?rest_route=%2Fwp%2Fv2%2Ftags&post=35347"}],"curies":[{"name":"wp","href":"https:\/\/api.w.org\/{rel}","templated":true}]}}