{"id":35442,"date":"2023-05-25T09:39:00","date_gmt":"2023-05-25T07:39:00","guid":{"rendered":"https:\/\/muvhaz.orlaihaz.mezobereny.hu\/?p=35442"},"modified":"2024-06-19T09:59:40","modified_gmt":"2024-06-19T07:59:40","slug":"alkotasok-a-300-ev-jegyeben-2","status":"publish","type":"post","link":"https:\/\/muvhaz.orlaihaz.mezobereny.hu\/?p=35442","title":{"rendered":"Alkot\u00e1sok a 300 \u00e9v jegy\u00e9ben"},"content":{"rendered":"\n<p>Mez\u0151ber\u00e9ny \u00fajratelep\u00fcl\u00e9s\u00e9nek 300. \u00e9vfordul\u00f3ja alkalm\u00e1b\u00f3l az Orlai h\u00e1z ez \u00e9v febru\u00e1rj\u00e1ban rajz- \u00e9s alkot\u00f3i p\u00e1ly\u00e1zatot hirdetett gyermek, ifj\u00fas\u00e1gi \u00e9s feln\u0151tt koroszt\u00e1ly sz\u00e1m\u00e1ra. A nevez\u00e9si hat\u00e1rid\u0151ig, m\u00e1jus 12-ig nagyon sok alkot\u00e1s \u00e9rkezett be, ezeket m\u00e1jus 31-\u00e9n az int\u00e9zm\u00e9ny ki\u00e1ll\u00edt\u00e1son mutatta be.<\/p>\n\n\n\n<figure class=\"wp-block-image aligncenter size-full\"><img fetchpriority=\"high\" decoding=\"async\" width=\"490\" height=\"327\" src=\"https:\/\/muvhaz.orlaihaz.mezobereny.hu\/wp-content\/uploads\/sites\/2\/2024\/06\/OPS_0087_oh_oh.jpg\" alt=\"\" class=\"wp-image-35444\" srcset=\"https:\/\/muvhaz.orlaihaz.mezobereny.hu\/wp-content\/uploads\/sites\/2\/2024\/06\/OPS_0087_oh_oh.jpg 490w, https:\/\/muvhaz.orlaihaz.mezobereny.hu\/wp-content\/uploads\/sites\/2\/2024\/06\/OPS_0087_oh_oh-300x200.jpg 300w\" sizes=\"(max-width: 490px) 100vw, 490px\" \/><\/figure>\n\n\n<p>K\u00f6r\u00f6si Mih\u00e1ly alpolg\u00e1rmester megnyit\u00f3j\u00e1ban kifejtette, hogy az alkot\u00f3k \u00e9l\u00e9nk sz\u00edneikkel optimizmust sugallnak. T\u00f6bb koroszt\u00e1ly, fiatalok \u00e9s id\u0151sebbek is p\u00e1ly\u00e1ztak, hogy megmutass\u00e1k, milyen \u00e9rzelmek f\u0171zik a telep\u00fcl\u00e9shez.<\/p>\n<p>A zs\u0171ri tagjak\u00e9nt P\u00f3cs J\u00f3zsef azt hangs\u00falyozta, neh\u00e9z dolguk volt, hiszen nagyon sok p\u00e1ly\u00e1zat \u00e9rkezett be k\u00fcl\u00f6nb\u00f6z\u0151 technik\u00e1kkal elk\u00e9sz\u00edtve, \u00edgy a ki\u00e1ll\u00edt\u00e1sra gazdag anyag gy\u0171lt \u00f6ssze.<\/p>\n<p>A megnyit\u00f3 ut\u00e1n levet\u00edtett\u00e9k az \u00e1ltal\u00e1nos iskola 8\/e oszt\u00e1ly\u00e1nak QR-k\u00f3don bek\u00fcld\u00f6tt alkot\u00e1s\u00e1t.<\/p>\n<p>Gyerek koroszt\u00e1lyban negyven p\u00e1ly\u00e1z\u00f3 53 alkot\u00e1st, nagyr\u00e9szt rajzot k\u00fcld\u00f6tt be, els\u0151 lett Kiss Felicia Leah, m\u00e1sodik helyen Pojend\u00e1n Petra v\u00e9gzett, Eszenyi R\u00e9ka a n\u00e9pes mez\u0151nyben a harmadik helyet szerezte meg. Somlyai Hanna k\u00fcl\u00f6nd\u00edjban r\u00e9szes\u00fclt.<\/p>\n<p>Ifj\u00fas\u00e1gi koroszt\u00e1lyban az \u00e1ltal\u00e1nos iskola di\u00e1kjai kitettek maguk\u00e9rt, kilenc alkot\u00e1ssal p\u00e1ly\u00e1ztak. Ezt a kateg\u00f3ri\u00e1t B\u00edr\u00f3 Gina Krisztina \u00e9s Hegyesi Bogl\u00e1rka Fanni nyerte meg, \u0151k az iskola \u00e9p\u00fclet\u00e9nek makettj\u00e9t k\u00e9sz\u00edtett\u00e9k el. Benyovszki Zo\u00e9 \u00e9s Duna Laura v\u00e9gzett a m\u00e1sodik helyen, m\u00edg Fekete Bence Attila \u00e9s B\u00e1nszki Zsombor harmadik lett.<\/p>\n<p>Feln\u0151ttek \u00f6t munk\u00e1t k\u00fcldtek be, ebben a koroszt\u00e1lyban a v\u00e1rosi \u00f3voda \u00f3v\u00f3n\u0151i nyertek Czak\u00f3 Bogl\u00e1rka \u00e9s Barna Lajosn\u00e9 Tak\u00e1cs Erzs\u00e9bet el\u0151tt.<\/p>\n<p>Az alkot\u00e1sokat B\u00e1lint Anna, Papp Zolt\u00e1n \u00e9s P\u00f3cs J\u00f3zsef zs\u0171rizte, a t\u00e1rlat j\u00fanius 30-ig tekinthet\u0151 meg.<\/p>\n<p>A ki\u00e1ll\u00edt\u00e1s megnyit\u00f3t vissza n\u00e9zhetik a <a href=\"https:\/\/www.youtube.com\/watch?v=SynIZ2tBWT8\">Youtube<\/a>-on.<\/p>\n<p style=\"text-align: center;\"><a href=\"https:\/\/muvhaz.orlaihaz.mezobereny.hu\/index.php\/nggallery\/album\/alkotoi-palyazat-kiallitasa-2023-majus-31?page_id=7926\">Gal\u00e9ria<\/a><\/p>","protected":false},"excerpt":{"rendered":"<p>Mez\u0151ber\u00e9ny \u00fajratelep\u00fcl\u00e9s\u00e9nek 300. \u00e9vfordul\u00f3ja alkalm\u00e1b\u00f3l az Orlai h\u00e1z ez \u00e9v febru\u00e1rj\u00e1ban rajz- \u00e9s alkot\u00f3i p\u00e1ly\u00e1zatot hirdetett gyermek, ifj\u00fas\u00e1gi \u00e9s feln\u0151tt koroszt\u00e1ly sz\u00e1m\u00e1ra. A nevez\u00e9si hat\u00e1rid\u0151ig, m\u00e1jus 12-ig nagyon sok alkot\u00e1s [&hellip;]<\/p>\n","protected":false},"author":1,"featured_media":35124,"comment_status":"closed","ping_status":"open","sticky":false,"template":"","format":"standard","meta":{"site-sidebar-layout":"default","site-content-layout":"","ast-site-content-layout":"","site-content-style":"default","site-sidebar-style":"default","ast-global-header-display":"","ast-banner-title-visibility":"","ast-main-header-display":"","ast-hfb-above-header-display":"","ast-hfb-below-header-display":"","ast-hfb-mobile-header-display":"","site-post-title":"","ast-breadcrumbs-content":"","ast-featured-img":"","footer-sml-layout":"","theme-transparent-header-meta":"","adv-header-id-meta":"","stick-header-meta":"","header-above-stick-meta":"","header-main-stick-meta":"","header-below-stick-meta":"","astra-migrate-meta-layouts":"default","ast-page-background-enabled":"default","ast-page-background-meta":{"desktop":{"background-color":"var(--ast-global-color-4)","background-image":"","background-repeat":"repeat","background-position":"center center","background-size":"auto","background-attachment":"scroll","background-type":"","background-media":"","overlay-type":"","overlay-color":"","overlay-opacity":"","overlay-gradient":""},"tablet":{"background-color":"","background-image":"","background-repeat":"repeat","background-position":"center center","background-size":"auto","background-attachment":"scroll","background-type":"","background-media":"","overlay-type":"","overlay-color":"","overlay-opacity":"","overlay-gradient":""},"mobile":{"background-color":"","background-image":"","background-repeat":"repeat","background-position":"center center","background-size":"auto","background-attachment":"scroll","background-type":"","background-media":"","overlay-type":"","overlay-color":"","overlay-opacity":"","overlay-gradient":""}},"ast-content-background-meta":{"desktop":{"background-color":"var(--ast-global-color-5)","background-image":"","background-repeat":"repeat","background-position":"center center","background-size":"auto","background-attachment":"scroll","background-type":"","background-media":"","overlay-type":"","overlay-color":"","overlay-opacity":"","overlay-gradient":""},"tablet":{"background-color":"var(--ast-global-color-5)","background-image":"","background-repeat":"repeat","background-position":"center center","background-size":"auto","background-attachment":"scroll","background-type":"","background-media":"","overlay-type":"","overlay-color":"","overlay-opacity":"","overlay-gradient":""},"mobile":{"background-color":"var(--ast-global-color-5)","background-image":"","background-repeat":"repeat","background-position":"center center","background-size":"auto","background-attachment":"scroll","background-type":"","background-media":"","overlay-type":"","overlay-color":"","overlay-opacity":"","overlay-gradient":""}},"ngg_post_thumbnail":0,"footnotes":""},"categories":[1],"tags":[],"class_list":["post-35442","post","type-post","status-publish","format-standard","has-post-thumbnail","hentry"],"jetpack_featured_media_url":"https:\/\/muvhaz.orlaihaz.mezobereny.hu\/wp-content\/uploads\/sites\/2\/2024\/06\/MB300-Rajz-es-alkotopalyazati-felhivas.jpg","_links":{"self":[{"href":"https:\/\/muvhaz.orlaihaz.mezobereny.hu\/index.php?rest_route=\/wp\/v2\/posts\/35442"}],"collection":[{"href":"https:\/\/muvhaz.orlaihaz.mezobereny.hu\/index.php?rest_route=\/wp\/v2\/posts"}],"about":[{"href":"https:\/\/muvhaz.orlaihaz.mezobereny.hu\/index.php?rest_route=\/wp\/v2\/types\/post"}],"author":[{"embeddable":true,"href":"https:\/\/muvhaz.orlaihaz.mezobereny.hu\/index.php?rest_route=\/wp\/v2\/users\/1"}],"replies":[{"embeddable":true,"href":"https:\/\/muvhaz.orlaihaz.mezobereny.hu\/index.php?rest_route=%2Fwp%2Fv2%2Fcomments&post=35442"}],"version-history":[{"count":1,"href":"https:\/\/muvhaz.orlaihaz.mezobereny.hu\/index.php?rest_route=\/wp\/v2\/posts\/35442\/revisions"}],"predecessor-version":[{"id":35466,"href":"https:\/\/muvhaz.orlaihaz.mezobereny.hu\/index.php?rest_route=\/wp\/v2\/posts\/35442\/revisions\/35466"}],"wp:featuredmedia":[{"embeddable":true,"href":"https:\/\/muvhaz.orlaihaz.mezobereny.hu\/index.php?rest_route=\/wp\/v2\/media\/35124"}],"wp:attachment":[{"href":"https:\/\/muvhaz.orlaihaz.mezobereny.hu\/index.php?rest_route=%2Fwp%2Fv2%2Fmedia&parent=35442"}],"wp:term":[{"taxonomy":"category","embeddable":true,"href":"https:\/\/muvhaz.orlaihaz.mezobereny.hu\/index.php?rest_route=%2Fwp%2Fv2%2Fcategories&post=35442"},{"taxonomy":"post_tag","embeddable":true,"href":"https:\/\/muvhaz.orlaihaz.mezobereny.hu\/index.php?rest_route=%2Fwp%2Fv2%2Ftags&post=35442"}],"curies":[{"name":"wp","href":"https:\/\/api.w.org\/{rel}","templated":true}]}}