{"id":36381,"date":"2023-10-17T00:00:00","date_gmt":"2023-10-16T22:00:00","guid":{"rendered":"https:\/\/muvhaz.orlaihaz.mezobereny.hu\/?p=36381"},"modified":"2024-07-16T11:06:56","modified_gmt":"2024-07-16T09:06:56","slug":"a-szennyviztisztito-telep-atadasa-2","status":"publish","type":"post","link":"https:\/\/muvhaz.orlaihaz.mezobereny.hu\/?p=36381","title":{"rendered":"A szennyv\u00edztiszt\u00edt\u00f3 telep \u00e1tad\u00e1sa"},"content":{"rendered":"<p>A \u201e<em>Mez\u0151ber\u00e9ny szennyv\u00edztiszt\u00edt\u00f3 telep fejleszt\u00e9se<\/em>&#8221; c\u00edm\u0171 projektz\u00e1r\u00f3val kapcsolatos sajt\u00f3t\u00e1j\u00e9koztat\u00f3t 2023. okt\u00f3ber 19-\u00e9n tartott\u00e1k meg a helysz\u00ednen. A beruh\u00e1z\u00e1st a v\u00e1ros \u00e9s az \u00c9p\u00edt\u00e9si \u00e9s K\u00f6zleked\u00e9si Miniszt\u00e9rium konzorciuma val\u00f3s\u00edtott meg a K\u00f6rnyezet- \u00e9s Energiahat\u00e9konys\u00e1gi Operat\u00edv Program 1,974 milli\u00e1rd forintos vissza nem t\u00e9r\u00edtend\u0151 t\u00e1mogat\u00e1s\u00e1val.&nbsp;<\/p>\n<p>Sikl\u00f3si Istv\u00e1n, polg\u00e1rmester t\u00e1j\u00e9koztat\u00f3j\u00e1ban elmondta, Mez\u0151ber\u00e9ny az \u00f6nkorm\u00e1nyzat r\u00e9v\u00e9n 2014-t\u0151l 6 milli\u00e1rd forintos fejleszt\u00e9ssel gazdagodott. Ebb\u0151l k\u00f6zel 2 milli\u00e1rdot tesz ki a szennyv\u00edztiszt\u00edt\u00f3 korszer\u0171s\u00edt\u00e9se, a beruh\u00e1z\u00e1s eredm\u00e9nyek\u00e9nt olyan min\u0151s\u00e9g\u0171 vizet bocs\u00e1jt ki a telep, amely \u00f6nt\u00f6z\u00e9sre is alkalmas lenne.&nbsp;<\/p>\n\n\n<figure class=\"wp-block-image aligncenter size-large is-resized\"><img fetchpriority=\"high\" decoding=\"async\" width=\"1024\" height=\"683\" src=\"https:\/\/muvhaz.orlaihaz.mezobereny.hu\/wp-content\/uploads\/sites\/2\/2024\/07\/OPS_0040_oh-1-1024x683.jpg\" alt=\"\" class=\"wp-image-36379\" style=\"aspect-ratio:1.499267935578331;width:622px;height:auto\" srcset=\"https:\/\/muvhaz.orlaihaz.mezobereny.hu\/wp-content\/uploads\/sites\/2\/2024\/07\/OPS_0040_oh-1-1024x683.jpg 1024w, https:\/\/muvhaz.orlaihaz.mezobereny.hu\/wp-content\/uploads\/sites\/2\/2024\/07\/OPS_0040_oh-1-300x200.jpg 300w, https:\/\/muvhaz.orlaihaz.mezobereny.hu\/wp-content\/uploads\/sites\/2\/2024\/07\/OPS_0040_oh-1-768x512.jpg 768w, https:\/\/muvhaz.orlaihaz.mezobereny.hu\/wp-content\/uploads\/sites\/2\/2024\/07\/OPS_0040_oh-1.jpg 1484w\" sizes=\"(max-width: 1024px) 100vw, 1024px\" \/><\/figure>\n\n\n<p>Dank\u00f3 B\u00e9la, a v\u00e1laszt\u00f3ker\u00fclet orsz\u00e1ggy\u0171l\u00e9si k\u00e9pvisel\u0151je sz\u00f3lt arr\u00f3l, az elm\u00falt \u00e9vekben Mez\u0151ber\u00e9nyben az \u00f6nkorm\u00e1nyzathoz \u00e9s a v\u00e1llalkoz\u00e1sokhoz \u00f6sszesen 14 milli\u00e1rd forint fejleszt\u00e9s \u00e9rkezett. &nbsp;Ez megl\u00e1tszik Mez\u0151ber\u00e9nyen, nagyon sz\u00e9p, \u00e9lhet\u0151 v\u00e1ros. A k\u00f6zelj\u00f6v\u0151ben l\u00e9nyeges k\u00f6z\u00fati fejleszt\u00e9sek v\u00e1rhat\u00f3k, hamarosan befejez\u0151dik az M44-es kivitelez\u00e9se, \u00e9s a k\u00f6zeli j\u00f6v\u0151ben elkezd\u0151dik az M47-es \u00e9p\u00edt\u00e9se, az el\u0151k\u00e9sz\u00edt\u00e9s\u00e9r\u0151l m\u00e1r d\u00f6nt\u00f6tt a korm\u00e1ny. &nbsp;<\/p>\n<p>L\u00e1z\u00e1r J\u00e1nos, \u00e9p\u00edt\u00e9si \u00e9s k\u00f6zleked\u00e9si miniszter kifejtette, a szennyv\u00edztiszt\u00edt\u00f3 fejleszt\u00e9se jelent\u0151s javul\u00e1st hoz a Mez\u0151ber\u00e9nyiek \u00e9let\u00e9ben. Az orsz\u00e1g fontos c\u00e9lja, hogy minden h\u00e1ztart\u00e1sba jusson el az eg\u00e9szs\u00e9ges iv\u00f3v\u00edz, \u00e9s megfelel\u0151en kezelj\u00fck az elhaszn\u00e1lt vizet. Most, 2023-ra jutottunk el oda, hogy 2000 lakosn\u00e1l nagyobb telep\u00fcl\u00e9seken el\u00e9rt\u00fck ezt a c\u00e9lt.&nbsp;<\/p>\n<p>A miniszter sz\u00f3lt arr\u00f3l, a korm\u00e1nyzatban \u00fagy tekintenek B\u00e9k\u00e9s megy\u00e9re, mint az orsz\u00e1g egyik tartal\u00e9k vid\u00e9k\u00e9re. Itt m\u00e9g van szabad munkaer\u0151, van lehet\u0151s\u00e9g gazdas\u00e1gi n\u00f6veked\u00e9s\u00e9re, van hov\u00e1 fejl\u0151dni. A gazdas\u00e1gi szak\u00e9rt\u0151k szerint az \u00e9lelmiszeripar \u00e9s az \u00f6nt\u00f6z\u00e9ses gazd\u00e1lkod\u00e1s adn\u00e1 meg ennek lehet\u0151s\u00e9g\u00e9t.&nbsp;<\/p>\n<p>L\u00e1z\u00e1r J\u00e1nos hangoztatta, a fejl\u0151d\u00e9s \u00e9rdek\u00e9ben a korm\u00e1nyzat az 47-es n\u00e9gys\u00e1v\u00fas\u00edt\u00e1s\u00e1val \u00f6sszek\u00f6ti B\u00e9k\u00e9scsab\u00e1t Debrecennel, ez csak Beretty\u00f3\u00fajfaluig 350 milli\u00e1rdba ker\u00fcl. \u00dajs\u00e1g\u00edr\u00f3i k\u00e9rd\u00e9sre v\u00e1laszolva a miniszter sz\u00f3lt arr\u00f3l is, a j\u00f6v\u0151 h\u00e9ten elind\u00edtj\u00e1k a K\u00f6r\u00f6slad\u00e1ny-B\u00e9k\u00e9scsaba szakasz tervez\u00e9si k\u00f6zbeszerz\u00e9si elj\u00e1r\u00e1s\u00e1t. A jelenlegi elk\u00e9pzel\u00e9s szerint nem lesz \u00faj nyomvonal, hanem a mostanit sz\u00e9les\u00edtik n\u00e9gys\u00e1vosra, a telep\u00fcl\u00e9sekn\u00e9l pedig elker\u00fcl\u0151ket \u00e9p\u00edtenek. Mez\u0151ber\u00e9nyn\u00e9l 8.3 kilom\u00e9teres sz\u00fcks\u00e9ges, ha ez a mez\u0151ber\u00e9nyieknek megfelel\u0151, akkor nyugatr\u00f3l ker\u00fcli meg a telep\u00fcl\u00e9st. A realit\u00e1s az, hogy 2028-30-ra k\u00e9sz\u00fcl el a kivitelez\u00e9s.&nbsp;<\/p>\n<p>A korszer\u0171s\u00edtett szennyv\u00edztiszt\u00edt\u00f3 megtekint\u00e9s\u00e9vel fejez\u0151d\u00f6tt be a z\u00e1r\u00f3 rendezv\u00e9ny.<\/p>\n<p>Az ut\u00f3bbi vide\u00f3n megtekinthetik a fejleszt\u00e9si folyamatokat \u00e9s egy interj\u00fat az Alf\u00f6ldv\u00edz Zrt. vez\u00e9rigazgat\u00f3j\u00e1val.<\/p>\n<p>Az \u00e1tad\u00f3t vissza n\u00e9zhetik a <a href=\"https:\/\/www.youtube.com\/watch?v=gEphLzeHN-Q\">Youtube<\/a>-on.<\/p>\n<p style=\"text-align: center;\"><a href=\"https:\/\/muvhaz.orlaihaz.mezobereny.hu\/index.php\/nggallery\/album\/szenyviztisztito-atadasa-2023-oktober-19?page_id=7920\"><strong>Album<\/strong><\/a><\/p>","protected":false},"excerpt":{"rendered":"<p>A \u201eMez\u0151ber\u00e9ny szennyv\u00edztiszt\u00edt\u00f3 telep fejleszt\u00e9se&#8221; c\u00edm\u0171 projektz\u00e1r\u00f3val kapcsolatos sajt\u00f3t\u00e1j\u00e9koztat\u00f3t 2023. okt\u00f3ber 19-\u00e9n tartott\u00e1k meg a helysz\u00ednen. A beruh\u00e1z\u00e1st a v\u00e1ros \u00e9s az \u00c9p\u00edt\u00e9si \u00e9s K\u00f6zleked\u00e9si Miniszt\u00e9rium konzorciuma val\u00f3s\u00edtott meg a [&hellip;]<\/p>\n","protected":false},"author":1,"featured_media":36383,"comment_status":"closed","ping_status":"open","sticky":false,"template":"","format":"standard","meta":{"site-sidebar-layout":"default","site-content-layout":"","ast-site-content-layout":"","site-content-style":"default","site-sidebar-style":"default","ast-global-header-display":"","ast-banner-title-visibility":"","ast-main-header-display":"","ast-hfb-above-header-display":"","ast-hfb-below-header-display":"","ast-hfb-mobile-header-display":"","site-post-title":"","ast-breadcrumbs-content":"","ast-featured-img":"","footer-sml-layout":"","theme-transparent-header-meta":"","adv-header-id-meta":"","stick-header-meta":"","header-above-stick-meta":"","header-main-stick-meta":"","header-below-stick-meta":"","astra-migrate-meta-layouts":"default","ast-page-background-enabled":"default","ast-page-background-meta":{"desktop":{"background-color":"var(--ast-global-color-4)","background-image":"","background-repeat":"repeat","background-position":"center center","background-size":"auto","background-attachment":"scroll","background-type":"","background-media":"","overlay-type":"","overlay-color":"","overlay-opacity":"","overlay-gradient":""},"tablet":{"background-color":"","background-image":"","background-repeat":"repeat","background-position":"center center","background-size":"auto","background-attachment":"scroll","background-type":"","background-media":"","overlay-type":"","overlay-color":"","overlay-opacity":"","overlay-gradient":""},"mobile":{"background-color":"","background-image":"","background-repeat":"repeat","background-position":"center center","background-size":"auto","background-attachment":"scroll","background-type":"","background-media":"","overlay-type":"","overlay-color":"","overlay-opacity":"","overlay-gradient":""}},"ast-content-background-meta":{"desktop":{"background-color":"var(--ast-global-color-5)","background-image":"","background-repeat":"repeat","background-position":"center center","background-size":"auto","background-attachment":"scroll","background-type":"","background-media":"","overlay-type":"","overlay-color":"","overlay-opacity":"","overlay-gradient":""},"tablet":{"background-color":"var(--ast-global-color-5)","background-image":"","background-repeat":"repeat","background-position":"center center","background-size":"auto","background-attachment":"scroll","background-type":"","background-media":"","overlay-type":"","overlay-color":"","overlay-opacity":"","overlay-gradient":""},"mobile":{"background-color":"var(--ast-global-color-5)","background-image":"","background-repeat":"repeat","background-position":"center center","background-size":"auto","background-attachment":"scroll","background-type":"","background-media":"","overlay-type":"","overlay-color":"","overlay-opacity":"","overlay-gradient":""}},"ngg_post_thumbnail":0,"footnotes":""},"categories":[1],"tags":[],"class_list":["post-36381","post","type-post","status-publish","format-standard","has-post-thumbnail","hentry"],"jetpack_featured_media_url":"https:\/\/muvhaz.orlaihaz.mezobereny.hu\/wp-content\/uploads\/sites\/2\/2024\/07\/download-34.jpg","_links":{"self":[{"href":"https:\/\/muvhaz.orlaihaz.mezobereny.hu\/index.php?rest_route=\/wp\/v2\/posts\/36381"}],"collection":[{"href":"https:\/\/muvhaz.orlaihaz.mezobereny.hu\/index.php?rest_route=\/wp\/v2\/posts"}],"about":[{"href":"https:\/\/muvhaz.orlaihaz.mezobereny.hu\/index.php?rest_route=\/wp\/v2\/types\/post"}],"author":[{"embeddable":true,"href":"https:\/\/muvhaz.orlaihaz.mezobereny.hu\/index.php?rest_route=\/wp\/v2\/users\/1"}],"replies":[{"embeddable":true,"href":"https:\/\/muvhaz.orlaihaz.mezobereny.hu\/index.php?rest_route=%2Fwp%2Fv2%2Fcomments&post=36381"}],"version-history":[{"count":1,"href":"https:\/\/muvhaz.orlaihaz.mezobereny.hu\/index.php?rest_route=\/wp\/v2\/posts\/36381\/revisions"}],"predecessor-version":[{"id":36382,"href":"https:\/\/muvhaz.orlaihaz.mezobereny.hu\/index.php?rest_route=\/wp\/v2\/posts\/36381\/revisions\/36382"}],"wp:featuredmedia":[{"embeddable":true,"href":"https:\/\/muvhaz.orlaihaz.mezobereny.hu\/index.php?rest_route=\/wp\/v2\/media\/36383"}],"wp:attachment":[{"href":"https:\/\/muvhaz.orlaihaz.mezobereny.hu\/index.php?rest_route=%2Fwp%2Fv2%2Fmedia&parent=36381"}],"wp:term":[{"taxonomy":"category","embeddable":true,"href":"https:\/\/muvhaz.orlaihaz.mezobereny.hu\/index.php?rest_route=%2Fwp%2Fv2%2Fcategories&post=36381"},{"taxonomy":"post_tag","embeddable":true,"href":"https:\/\/muvhaz.orlaihaz.mezobereny.hu\/index.php?rest_route=%2Fwp%2Fv2%2Ftags&post=36381"}],"curies":[{"name":"wp","href":"https:\/\/api.w.org\/{rel}","templated":true}]}}