{"id":37336,"date":"2024-08-05T10:56:56","date_gmt":"2024-08-05T08:56:56","guid":{"rendered":"https:\/\/muvhaz.orlaihaz.mezobereny.hu\/?p=37336"},"modified":"2024-08-05T10:56:56","modified_gmt":"2024-08-05T08:56:56","slug":"zenes-strandparty-2","status":"publish","type":"post","link":"https:\/\/muvhaz.orlaihaz.mezobereny.hu\/?p=37336","title":{"rendered":"Zen\u00e9s strandparty"},"content":{"rendered":"<p>A K\u00e1lm\u00e1n F\u00fcrd\u0151 m\u0171k\u00f6dtet\u0151je, a V\u00e1rosi Hum\u00e1nseg\u00edt\u0151 \u00e9s Szoci\u00e1lis Szolg\u00e1lat strandparty n\u00e9ven \u00faj rendezv\u00e9nysorozatot ind\u00edtott 2024. j\u00falius 6-\u00e1n. A m\u00e1sodik alkalmat augusztus 3-\u00e1n tartott\u00e1k meg, akkor a zene kapott hangs\u00falyt. Mivel a rendezv\u00e9nyszervez\u00e9s nem az int\u00e9zm\u00e9ny f\u0151profilja, ez\u00e9rt az esem\u00e9ny megszervez\u00e9s\u00e9re felk\u00e9rte az Orlai h\u00e1zat.<\/p>\n<p>&nbsp;<\/p>\n<p>&nbsp;<\/p>\n<p>&nbsp;<\/p>\n<p>Els\u0151 programk\u00e9nt Leczk\u00e9sin\u00e9 H\u0151gye Katalin aquafitness edz\u0151 tartott v\u00edzi torn\u00e1t. P\u00f6rneki Anik\u00f3 \u00e9nekm\u0171v\u00e9sz, hangk\u00e9pz\u0151 tan\u00e1r \u00e9s a Bel Canto\u00ae \u00c9nekiskola di\u00e1kjai ismert dallamokkal sz\u00f3rakoztatt\u00e1k a strandol\u00f3kat. Egy sz\u00e1m erej\u00e9ig Makra P\u00e9ter koll\u00e9g\u00e1nk is dalra fakadt. \u0150t a kereszt\u00e9ny rockzen\u00e9t j\u00e1tsz\u00f3 Cross on The Rock zenekar k\u00f6vette.<\/p>\n<p>&nbsp;<\/p>\n<p>&nbsp;<\/p>\n<p>&nbsp;<\/p>\n<p>Aki meg\u00e9hezett, bogr\u00e1csban f\u0151tt p\u00f6rk\u00f6lttel csillap\u00edthatta \u00e9h\u00e9t.<\/p>\n<p>&nbsp;<\/p>\n<p style=\"text-align: center\"><a href=\"https:\/\/muvhaz.orlaihaz.mezobereny.hu\/index.php\/nggallery\/album\/zenes-strandparty?page_id=7920\"><strong>GAL\u00c9RIA<\/strong><\/a><\/p>\n","protected":false},"excerpt":{"rendered":"<p>A K\u00e1lm\u00e1n F\u00fcrd\u0151 m\u0171k\u00f6dtet\u0151je, a V\u00e1rosi Hum\u00e1nseg\u00edt\u0151 \u00e9s Szoci\u00e1lis Szolg\u00e1lat strandparty n\u00e9ven \u00faj rendezv\u00e9nysorozatot ind\u00edtott 2024. j\u00falius 6-\u00e1n. A m\u00e1sodik alkalmat augusztus 3-\u00e1n tartott\u00e1k meg, akkor a zene kapott hangs\u00falyt. [&hellip;]<\/p>\n","protected":false},"author":2,"featured_media":37338,"comment_status":"closed","ping_status":"open","sticky":false,"template":"","format":"standard","meta":{"site-sidebar-layout":"default","site-content-layout":"","ast-site-content-layout":"","site-content-style":"default","site-sidebar-style":"default","ast-global-header-display":"","ast-banner-title-visibility":"","ast-main-header-display":"","ast-hfb-above-header-display":"","ast-hfb-below-header-display":"","ast-hfb-mobile-header-display":"","site-post-title":"","ast-breadcrumbs-content":"","ast-featured-img":"","footer-sml-layout":"","theme-transparent-header-meta":"","adv-header-id-meta":"","stick-header-meta":"","header-above-stick-meta":"","header-main-stick-meta":"","header-below-stick-meta":"","astra-migrate-meta-layouts":"default","ast-page-background-enabled":"default","ast-page-background-meta":{"desktop":{"background-color":"var(--ast-global-color-4)","background-image":"","background-repeat":"repeat","background-position":"center center","background-size":"auto","background-attachment":"scroll","background-type":"","background-media":"","overlay-type":"","overlay-color":"","overlay-opacity":"","overlay-gradient":""},"tablet":{"background-color":"","background-image":"","background-repeat":"repeat","background-position":"center center","background-size":"auto","background-attachment":"scroll","background-type":"","background-media":"","overlay-type":"","overlay-color":"","overlay-opacity":"","overlay-gradient":""},"mobile":{"background-color":"","background-image":"","background-repeat":"repeat","background-position":"center center","background-size":"auto","background-attachment":"scroll","background-type":"","background-media":"","overlay-type":"","overlay-color":"","overlay-opacity":"","overlay-gradient":""}},"ast-content-background-meta":{"desktop":{"background-color":"var(--ast-global-color-5)","background-image":"","background-repeat":"repeat","background-position":"center center","background-size":"auto","background-attachment":"scroll","background-type":"","background-media":"","overlay-type":"","overlay-color":"","overlay-opacity":"","overlay-gradient":""},"tablet":{"background-color":"var(--ast-global-color-5)","background-image":"","background-repeat":"repeat","background-position":"center center","background-size":"auto","background-attachment":"scroll","background-type":"","background-media":"","overlay-type":"","overlay-color":"","overlay-opacity":"","overlay-gradient":""},"mobile":{"background-color":"var(--ast-global-color-5)","background-image":"","background-repeat":"repeat","background-position":"center center","background-size":"auto","background-attachment":"scroll","background-type":"","background-media":"","overlay-type":"","overlay-color":"","overlay-opacity":"","overlay-gradient":""}},"ngg_post_thumbnail":0,"footnotes":""},"categories":[1],"tags":[],"class_list":["post-37336","post","type-post","status-publish","format-standard","has-post-thumbnail","hentry"],"jetpack_featured_media_url":"https:\/\/muvhaz.orlaihaz.mezobereny.hu\/wp-content\/uploads\/sites\/2\/2024\/08\/OPS_0192.jpg","_links":{"self":[{"href":"https:\/\/muvhaz.orlaihaz.mezobereny.hu\/index.php?rest_route=\/wp\/v2\/posts\/37336"}],"collection":[{"href":"https:\/\/muvhaz.orlaihaz.mezobereny.hu\/index.php?rest_route=\/wp\/v2\/posts"}],"about":[{"href":"https:\/\/muvhaz.orlaihaz.mezobereny.hu\/index.php?rest_route=\/wp\/v2\/types\/post"}],"author":[{"embeddable":true,"href":"https:\/\/muvhaz.orlaihaz.mezobereny.hu\/index.php?rest_route=\/wp\/v2\/users\/2"}],"replies":[{"embeddable":true,"href":"https:\/\/muvhaz.orlaihaz.mezobereny.hu\/index.php?rest_route=%2Fwp%2Fv2%2Fcomments&post=37336"}],"version-history":[{"count":1,"href":"https:\/\/muvhaz.orlaihaz.mezobereny.hu\/index.php?rest_route=\/wp\/v2\/posts\/37336\/revisions"}],"predecessor-version":[{"id":37337,"href":"https:\/\/muvhaz.orlaihaz.mezobereny.hu\/index.php?rest_route=\/wp\/v2\/posts\/37336\/revisions\/37337"}],"wp:featuredmedia":[{"embeddable":true,"href":"https:\/\/muvhaz.orlaihaz.mezobereny.hu\/index.php?rest_route=\/wp\/v2\/media\/37338"}],"wp:attachment":[{"href":"https:\/\/muvhaz.orlaihaz.mezobereny.hu\/index.php?rest_route=%2Fwp%2Fv2%2Fmedia&parent=37336"}],"wp:term":[{"taxonomy":"category","embeddable":true,"href":"https:\/\/muvhaz.orlaihaz.mezobereny.hu\/index.php?rest_route=%2Fwp%2Fv2%2Fcategories&post=37336"},{"taxonomy":"post_tag","embeddable":true,"href":"https:\/\/muvhaz.orlaihaz.mezobereny.hu\/index.php?rest_route=%2Fwp%2Fv2%2Ftags&post=37336"}],"curies":[{"name":"wp","href":"https:\/\/api.w.org\/{rel}","templated":true}]}}