{"id":37387,"date":"2024-08-06T09:05:22","date_gmt":"2024-08-06T07:05:22","guid":{"rendered":"https:\/\/muvhaz.orlaihaz.mezobereny.hu\/?p=37387"},"modified":"2024-08-06T09:05:22","modified_gmt":"2024-08-06T07:05:22","slug":"elkezdodott-a-mazsorett-tabor","status":"publish","type":"post","link":"https:\/\/muvhaz.orlaihaz.mezobereny.hu\/?p=37387","title":{"rendered":"Elkezd\u0151d\u00f6tt a mazsorett t\u00e1bor"},"content":{"rendered":"<p>Az Orlai h\u00e1z mazsorett t\u00e1bora 2024. augusztus 5-\u00e9n kezd\u0151d\u00f6tt Mezein\u00e9 Szegedi Erzs\u00e9bet mazsorett oktat\u00f3 vezet\u00e9s\u00e9vel. A h\u00e9t folyam\u00e1n a szakmai munk\u00e1t Kreisz No\u00e9mi \u00e9s Fekete Barbara seg\u00edti. A d\u00e9lut\u00e1ni programok Mezei J\u00f3zsef a Mazsorett Var\u00e1zs Alap\u00edtv\u00e1ny eln\u00f6ke, Braun No\u00e9mi \u00e9s Kis Karina di\u00e1kmunk\u00e1sok \u00e9s az Orlai h\u00e1z dolgoz\u00f3inak k\u00f6zrem\u0171k\u00f6d\u00e9s\u00e9vel zajlanak.<\/p>\n<p>A kis t\u00e1ncosok d\u00e9lel\u0151tt a Ber\u00e9nyi Napok fell\u00e9p\u00e9seire k\u00e9sz\u00fclnek \u00e9s el\u0151k\u00e9sz\u00edtik a k\u00f6vetkez\u0151 \u00e9vadot. D\u00e9lut\u00e1nonk\u00e9nt \u00e9rdekes \u00e9s izgalmas programok v\u00e1rj\u00e1k a gyerk\u0151c\u00f6ket. M\u00edg d\u00e9lel\u0151tt a \u201eKarib-tenger kal\u00f3zai\u201d c\u00edm\u0171 zen\u00e9re k\u00e9sz\u00edtenek koreogr\u00e1fi\u00e1t, d\u00e9lut\u00e1nonk\u00e9nt k\u00fcl\u00f6nb\u00f6z\u0151 kal\u00f3z kalandokon vesznek r\u00e9szt. H\u00e9tf\u0151n d\u00e9lut\u00e1n k\u00e9t csapatban kal\u00f3z pr\u00f3bat\u00e9telen estek \u00e1t, majd az ifj\u00fa kal\u00f3zok k\u00fcl\u00f6nb\u00f6z\u0151 \u00fcgyess\u00e9gi feladatokon vettek r\u00e9szt, ahol megkezd\u0151d\u00f6tt a kincsgy\u0171jt\u00e9s.<\/p>\n<p>Izgalmas \u00e9lm\u00e9nyekben volt r\u00e9sz\u00fck m\u00e1r az els\u0151 nap a r\u00e9sztvev\u0151knek.<\/p>\n<p style=\"text-align: center\"><a href=\"https:\/\/muvhaz.orlaihaz.mezobereny.hu\/index.php\/nggallery\/album\/elkezdodott-a-mazsorett-tabor-2024-augusztus-5?page_id=32023\"><strong>GAL\u00c9RIA<\/strong><\/a><\/p>\n<p>&nbsp;<\/p>\n","protected":false},"excerpt":{"rendered":"<p>Az Orlai h\u00e1z mazsorett t\u00e1bora 2024. augusztus 5-\u00e9n kezd\u0151d\u00f6tt Mezein\u00e9 Szegedi Erzs\u00e9bet mazsorett oktat\u00f3 vezet\u00e9s\u00e9vel. A h\u00e9t folyam\u00e1n a szakmai munk\u00e1t Kreisz No\u00e9mi \u00e9s Fekete Barbara seg\u00edti. A d\u00e9lut\u00e1ni programok [&hellip;]<\/p>\n","protected":false},"author":2,"featured_media":37389,"comment_status":"closed","ping_status":"open","sticky":false,"template":"","format":"standard","meta":{"site-sidebar-layout":"default","site-content-layout":"","ast-site-content-layout":"","site-content-style":"default","site-sidebar-style":"default","ast-global-header-display":"","ast-banner-title-visibility":"","ast-main-header-display":"","ast-hfb-above-header-display":"","ast-hfb-below-header-display":"","ast-hfb-mobile-header-display":"","site-post-title":"","ast-breadcrumbs-content":"","ast-featured-img":"","footer-sml-layout":"","theme-transparent-header-meta":"","adv-header-id-meta":"","stick-header-meta":"","header-above-stick-meta":"","header-main-stick-meta":"","header-below-stick-meta":"","astra-migrate-meta-layouts":"default","ast-page-background-enabled":"default","ast-page-background-meta":{"desktop":{"background-color":"var(--ast-global-color-4)","background-image":"","background-repeat":"repeat","background-position":"center center","background-size":"auto","background-attachment":"scroll","background-type":"","background-media":"","overlay-type":"","overlay-color":"","overlay-opacity":"","overlay-gradient":""},"tablet":{"background-color":"","background-image":"","background-repeat":"repeat","background-position":"center center","background-size":"auto","background-attachment":"scroll","background-type":"","background-media":"","overlay-type":"","overlay-color":"","overlay-opacity":"","overlay-gradient":""},"mobile":{"background-color":"","background-image":"","background-repeat":"repeat","background-position":"center center","background-size":"auto","background-attachment":"scroll","background-type":"","background-media":"","overlay-type":"","overlay-color":"","overlay-opacity":"","overlay-gradient":""}},"ast-content-background-meta":{"desktop":{"background-color":"var(--ast-global-color-5)","background-image":"","background-repeat":"repeat","background-position":"center center","background-size":"auto","background-attachment":"scroll","background-type":"","background-media":"","overlay-type":"","overlay-color":"","overlay-opacity":"","overlay-gradient":""},"tablet":{"background-color":"var(--ast-global-color-5)","background-image":"","background-repeat":"repeat","background-position":"center center","background-size":"auto","background-attachment":"scroll","background-type":"","background-media":"","overlay-type":"","overlay-color":"","overlay-opacity":"","overlay-gradient":""},"mobile":{"background-color":"var(--ast-global-color-5)","background-image":"","background-repeat":"repeat","background-position":"center center","background-size":"auto","background-attachment":"scroll","background-type":"","background-media":"","overlay-type":"","overlay-color":"","overlay-opacity":"","overlay-gradient":""}},"ngg_post_thumbnail":0,"footnotes":""},"categories":[1],"tags":[],"class_list":["post-37387","post","type-post","status-publish","format-standard","has-post-thumbnail","hentry"],"jetpack_featured_media_url":"https:\/\/muvhaz.orlaihaz.mezobereny.hu\/wp-content\/uploads\/sites\/2\/2024\/08\/OPS_0002_oh.jpg","_links":{"self":[{"href":"https:\/\/muvhaz.orlaihaz.mezobereny.hu\/index.php?rest_route=\/wp\/v2\/posts\/37387"}],"collection":[{"href":"https:\/\/muvhaz.orlaihaz.mezobereny.hu\/index.php?rest_route=\/wp\/v2\/posts"}],"about":[{"href":"https:\/\/muvhaz.orlaihaz.mezobereny.hu\/index.php?rest_route=\/wp\/v2\/types\/post"}],"author":[{"embeddable":true,"href":"https:\/\/muvhaz.orlaihaz.mezobereny.hu\/index.php?rest_route=\/wp\/v2\/users\/2"}],"replies":[{"embeddable":true,"href":"https:\/\/muvhaz.orlaihaz.mezobereny.hu\/index.php?rest_route=%2Fwp%2Fv2%2Fcomments&post=37387"}],"version-history":[{"count":1,"href":"https:\/\/muvhaz.orlaihaz.mezobereny.hu\/index.php?rest_route=\/wp\/v2\/posts\/37387\/revisions"}],"predecessor-version":[{"id":37388,"href":"https:\/\/muvhaz.orlaihaz.mezobereny.hu\/index.php?rest_route=\/wp\/v2\/posts\/37387\/revisions\/37388"}],"wp:featuredmedia":[{"embeddable":true,"href":"https:\/\/muvhaz.orlaihaz.mezobereny.hu\/index.php?rest_route=\/wp\/v2\/media\/37389"}],"wp:attachment":[{"href":"https:\/\/muvhaz.orlaihaz.mezobereny.hu\/index.php?rest_route=%2Fwp%2Fv2%2Fmedia&parent=37387"}],"wp:term":[{"taxonomy":"category","embeddable":true,"href":"https:\/\/muvhaz.orlaihaz.mezobereny.hu\/index.php?rest_route=%2Fwp%2Fv2%2Fcategories&post=37387"},{"taxonomy":"post_tag","embeddable":true,"href":"https:\/\/muvhaz.orlaihaz.mezobereny.hu\/index.php?rest_route=%2Fwp%2Fv2%2Ftags&post=37387"}],"curies":[{"name":"wp","href":"https:\/\/api.w.org\/{rel}","templated":true}]}}