{"id":37520,"date":"2024-08-12T18:42:32","date_gmt":"2024-08-12T16:42:32","guid":{"rendered":"https:\/\/muvhaz.orlaihaz.mezobereny.hu\/?p=37520"},"modified":"2024-08-12T18:42:32","modified_gmt":"2024-08-12T16:42:32","slug":"varoskornyeki-setak-virag-mihallyal","status":"publish","type":"post","link":"https:\/\/muvhaz.orlaihaz.mezobereny.hu\/?p=37520","title":{"rendered":"V\u00e1rosk\u00f6rny\u00e9ki s\u00e9t\u00e1k Vir\u00e1g Mih\u00e1llyal"},"content":{"rendered":"<p>Vir\u00e1g Mih\u00e1ly fotogr\u00e1fus ki\u00e1ll\u00edt\u00e1s\u00e1t 2024. augusztus 12-\u00e9n az Orlai h\u00e1zban nyitotta meg K\u00f6r\u00f6si Mih\u00e1ly alpolg\u00e1rmester. Bevezet\u0151j\u00e9ben elmondta, Vir\u00e1g Mih\u00e1ly t\u00f6bb \u00e9vtizede fot\u00f3zik, t\u00f6bb hazai \u00e9s k\u00fclf\u00f6ldi ki\u00e1ll\u00edt\u00e1son kapott elismer\u00e9st, a Magyar Fot\u00f3m\u0171v\u00e9szeti Alkot\u00f3csoportok Orsz\u00e1gos Sz\u00f6vets\u00e9ge (MAFOSZ) diplom\u00e1t adom\u00e1nyozott neki, ennek ellen\u00e9re szer\u00e9nyen csak amat\u0151r fot\u00f3snak nevezi mag\u00e1t.<\/p>\n<p>&nbsp;<\/p>\n<p>K\u00f6r\u00f6si Mih\u00e1ly hangs\u00falyozta, a mai t\u00e1rlat \u00fajdons\u00e1ga, hogy a fot\u00f3k a k\u00f6zelm\u00faltban Mez\u0151ber\u00e9ny k\u00f6rny\u00e9k\u00e9n k\u00e9sz\u00fcltek, ahogy az t\u0151le megszoktuk, nem szokv\u00e1nyos n\u00e9z\u0151pontb\u00f3l. El\u0151fordul, hogy az k\u00e9p nem vid\u00e1m, \u00e9s m\u00e9gis sz\u00e9pnek tal\u00e1ljuk, az alpolg\u00e1rmester ilyennek l\u00e1tja az \u00f3kerti iskola fot\u00f3j\u00e1t, az elhanyagolt, leromlott \u00e9p\u00fclet az elm\u00fal\u00e1st jutatja esz\u00e9be. Kiemelte a tudatos kompon\u00e1l\u00e1st, a m\u00e9lys\u00e9g\u00e9less\u00e9g be\u00e1ll\u00edt\u00e1s\u00e1t, megnyit\u00f3ja v\u00e9g\u00e9n hangs\u00falyozta, neki legink\u00e1bb a f\u00e9nyj\u00e1t\u00e9kok tetszenek. Ezek a k\u00e9pek \u00e9rz\u00e9seket, gondolatokat \u00e9bresztenek, magukkal ragadnak \u00e9s nem eresztenek el.<\/p>\n<p>&nbsp;<\/p>\n<p>Vir\u00e1g Mih\u00e1ly felid\u00e9zte, hogy k\u00e9t \u00e9vvel ezel\u0151tt B\u00e9k\u00e9s fel\u0151l j\u00f6tt haza, akkor is ilyen k\u00e1nikula volt, a legel\u0151 ki\u00e9gett, ak\u00e1r a szavann\u00e1n. Akkor vette \u00e9szre, hogy a k\u00f6rg\u00e1t f\u00f6l\u00f6tt l\u00e1tszanak a templomok, ez a benyom\u00e1s megragadta. Elkezdett s\u00e9t\u00e1lni a v\u00e1ros k\u00f6r\u00fcl, az \u00d3kert volt a legnagyobb \u00e9lm\u00e9nye, felfedez\u0151 \u00fat volt sz\u00e1m\u00e1ra, \u00e9let\u00e9ben el\u0151sz\u00f6r j\u00e1rt ott.<\/p>\n<p>&nbsp;<\/p>\n<p>A t\u00e1rlat megtekinthet\u0151: 2024. szeptember 12-ig az int\u00e9zm\u00e9ny nyitvatart\u00e1si idej\u00e9ben.<\/p>\n<p>&nbsp;<\/p>\n<p style=\"text-align: center\"><a href=\"https:\/\/muvhaz.orlaihaz.mezobereny.hu\/index.php\/nggallery\/album\/varoskornyeki-setak-virag-mihallyal?page_id=7899\"><strong>GAL\u00c9RIA<\/strong><\/a><\/p>\n","protected":false},"excerpt":{"rendered":"<p>Vir\u00e1g Mih\u00e1ly fotogr\u00e1fus ki\u00e1ll\u00edt\u00e1s\u00e1t 2024. augusztus 12-\u00e9n az Orlai h\u00e1zban nyitotta meg K\u00f6r\u00f6si Mih\u00e1ly alpolg\u00e1rmester. Bevezet\u0151j\u00e9ben elmondta, Vir\u00e1g Mih\u00e1ly t\u00f6bb \u00e9vtizede fot\u00f3zik, t\u00f6bb hazai \u00e9s k\u00fclf\u00f6ldi ki\u00e1ll\u00edt\u00e1son kapott elismer\u00e9st, a [&hellip;]<\/p>\n","protected":false},"author":2,"featured_media":37522,"comment_status":"closed","ping_status":"open","sticky":false,"template":"","format":"standard","meta":{"site-sidebar-layout":"default","site-content-layout":"","ast-site-content-layout":"","site-content-style":"default","site-sidebar-style":"default","ast-global-header-display":"","ast-banner-title-visibility":"","ast-main-header-display":"","ast-hfb-above-header-display":"","ast-hfb-below-header-display":"","ast-hfb-mobile-header-display":"","site-post-title":"","ast-breadcrumbs-content":"","ast-featured-img":"","footer-sml-layout":"","theme-transparent-header-meta":"","adv-header-id-meta":"","stick-header-meta":"","header-above-stick-meta":"","header-main-stick-meta":"","header-below-stick-meta":"","astra-migrate-meta-layouts":"default","ast-page-background-enabled":"default","ast-page-background-meta":{"desktop":{"background-color":"var(--ast-global-color-4)","background-image":"","background-repeat":"repeat","background-position":"center center","background-size":"auto","background-attachment":"scroll","background-type":"","background-media":"","overlay-type":"","overlay-color":"","overlay-opacity":"","overlay-gradient":""},"tablet":{"background-color":"","background-image":"","background-repeat":"repeat","background-position":"center center","background-size":"auto","background-attachment":"scroll","background-type":"","background-media":"","overlay-type":"","overlay-color":"","overlay-opacity":"","overlay-gradient":""},"mobile":{"background-color":"","background-image":"","background-repeat":"repeat","background-position":"center center","background-size":"auto","background-attachment":"scroll","background-type":"","background-media":"","overlay-type":"","overlay-color":"","overlay-opacity":"","overlay-gradient":""}},"ast-content-background-meta":{"desktop":{"background-color":"var(--ast-global-color-5)","background-image":"","background-repeat":"repeat","background-position":"center center","background-size":"auto","background-attachment":"scroll","background-type":"","background-media":"","overlay-type":"","overlay-color":"","overlay-opacity":"","overlay-gradient":""},"tablet":{"background-color":"var(--ast-global-color-5)","background-image":"","background-repeat":"repeat","background-position":"center center","background-size":"auto","background-attachment":"scroll","background-type":"","background-media":"","overlay-type":"","overlay-color":"","overlay-opacity":"","overlay-gradient":""},"mobile":{"background-color":"var(--ast-global-color-5)","background-image":"","background-repeat":"repeat","background-position":"center center","background-size":"auto","background-attachment":"scroll","background-type":"","background-media":"","overlay-type":"","overlay-color":"","overlay-opacity":"","overlay-gradient":""}},"ngg_post_thumbnail":0,"footnotes":""},"categories":[1],"tags":[],"class_list":["post-37520","post","type-post","status-publish","format-standard","has-post-thumbnail","hentry"],"jetpack_featured_media_url":"https:\/\/muvhaz.orlaihaz.mezobereny.hu\/wp-content\/uploads\/sites\/2\/2024\/08\/OPS_0017_oh.jpg","_links":{"self":[{"href":"https:\/\/muvhaz.orlaihaz.mezobereny.hu\/index.php?rest_route=\/wp\/v2\/posts\/37520"}],"collection":[{"href":"https:\/\/muvhaz.orlaihaz.mezobereny.hu\/index.php?rest_route=\/wp\/v2\/posts"}],"about":[{"href":"https:\/\/muvhaz.orlaihaz.mezobereny.hu\/index.php?rest_route=\/wp\/v2\/types\/post"}],"author":[{"embeddable":true,"href":"https:\/\/muvhaz.orlaihaz.mezobereny.hu\/index.php?rest_route=\/wp\/v2\/users\/2"}],"replies":[{"embeddable":true,"href":"https:\/\/muvhaz.orlaihaz.mezobereny.hu\/index.php?rest_route=%2Fwp%2Fv2%2Fcomments&post=37520"}],"version-history":[{"count":1,"href":"https:\/\/muvhaz.orlaihaz.mezobereny.hu\/index.php?rest_route=\/wp\/v2\/posts\/37520\/revisions"}],"predecessor-version":[{"id":37521,"href":"https:\/\/muvhaz.orlaihaz.mezobereny.hu\/index.php?rest_route=\/wp\/v2\/posts\/37520\/revisions\/37521"}],"wp:featuredmedia":[{"embeddable":true,"href":"https:\/\/muvhaz.orlaihaz.mezobereny.hu\/index.php?rest_route=\/wp\/v2\/media\/37522"}],"wp:attachment":[{"href":"https:\/\/muvhaz.orlaihaz.mezobereny.hu\/index.php?rest_route=%2Fwp%2Fv2%2Fmedia&parent=37520"}],"wp:term":[{"taxonomy":"category","embeddable":true,"href":"https:\/\/muvhaz.orlaihaz.mezobereny.hu\/index.php?rest_route=%2Fwp%2Fv2%2Fcategories&post=37520"},{"taxonomy":"post_tag","embeddable":true,"href":"https:\/\/muvhaz.orlaihaz.mezobereny.hu\/index.php?rest_route=%2Fwp%2Fv2%2Ftags&post=37520"}],"curies":[{"name":"wp","href":"https:\/\/api.w.org\/{rel}","templated":true}]}}