{"id":38007,"date":"2024-11-07T13:06:37","date_gmt":"2024-11-07T12:06:37","guid":{"rendered":"https:\/\/muvhaz.orlaihaz.mezobereny.hu\/?p=38007"},"modified":"2024-11-07T13:06:37","modified_gmt":"2024-11-07T12:06:37","slug":"dodo-bacsira-emlekeztunk","status":"publish","type":"post","link":"https:\/\/muvhaz.orlaihaz.mezobereny.hu\/?p=38007","title":{"rendered":"Dod\u00f3 b\u00e1csira eml\u00e9kezt\u00fcnk"},"content":{"rendered":"<p><em>Volt egyszer egy Dod\u00f3 b\u00e1csi<\/em> c\u00edmmel sz\u00fclet\u00e9se 110. \u00e9vfordul\u00f3ja alkalm\u00e1b\u00f3l 2024. okt\u00f3ber 30-\u00e1n eml\u00e9kki\u00e1ll\u00edt\u00e1s ny\u00edlt az Orlai h\u00e1zban Ir\u00e1nyi Dezs\u0151 tisztelet\u00e9re. &nbsp;B\u00e9k\u00e9scsab\u00e1n a megyei k\u00f6nyvt\u00e1rban augusztus v\u00e9g\u00e9n \u00e9s szeptemberben l\u00e1that\u00f3 t\u00e1rlat egy r\u00e9sze k\u00f6lt\u00f6z\u00f6tt most Mez\u0151ber\u00e9nybe.<\/p>\n<p>A megjelenteket Sikl\u00f3si Istv\u00e1n polg\u00e1rmester k\u00f6sz\u00f6nt\u00f6tte, elmondta, hogy \u00f6ccse, Ir\u00e1nyi Istv\u00e1n Pet\u0151fi-kutat\u00e1sai kapcs\u00e1n k\u00e9tszer-h\u00e1romszor tal\u00e1lkozott vele. \u00cdzig v\u00e9rig pedag\u00f3gus volt, aki nem csak besz\u00e9lt r\u00f3la, de azt m\u0171velte is.<\/p>\n<p>Dr. Erd\u00e9sz \u00c1d\u00e1m, nyugalmazott lev\u00e9lt\u00e1ri igazgat\u00f3 megnyit\u00f3j\u00e1ban kifejtette, Mez\u0151ber\u00e9nyben az Ir\u00e1nyi n\u00e9v nagyon ismert, de els\u0151sorban Ir\u00e1nyi Istv\u00e1nr\u00f3l tudnak, b\u00e1tyja, Dezs\u0151 ink\u00e1bb B\u00e9k\u00e9scsab\u00e1n n\u00e9pszer\u0171, mivel ott a k\u00f6zg\u00e9ben tan\u00edtott. Tan\u00e1rk\u00e9nt \u00e9s kult\u00faraszervez\u0151k\u00e9nt is jelent\u0151set alkotott.&nbsp; Sz\u00fclei Mez\u0151ber\u00e9nyben a polg\u00e1ri iskol\u00e1ban tan\u00edtottak, az elemi iskol\u00e1it is itt v\u00e9gezte el. A gimn\u00e1ziumot Budapesten kezdte, majd B\u00e9k\u00e9sen fejezte be. A P\u00e1zm\u00e1ny P\u00e9ter Tudom\u00e1nyegyetemen szerzett f\u00f6ldrajz-t\u00f6rt\u00e9nelem szakos tan\u00e1ri diplom\u00e1t.&nbsp; K\u00f6zben Mez\u0151ber\u00e9nyt\u0151l sem szakadt el, egyik szakdolgozat\u00e1t a telep\u00fcl\u00e9s f\u00f6ldrajz\u00e1r\u00f3l \u00edrta.<\/p>\n<p>Dr. Erd\u00e9sz \u00c1d\u00e1m hangs\u00falyozta, Ir\u00e1nyi Dezs\u0151 rendk\u00edv\u00fcl energikus, intenz\u00edv, kreat\u00edv \u00e9letet \u00e9lt. Tan\u00edtv\u00e1nyai k\u00f6r\u00e9ben rendk\u00edv\u00fcl n\u00e9pszer\u0171 volt. Oktat\u00f3i munk\u00e1ja mellett n\u00e9prajzi gy\u0171jt\u00e9st v\u00e9gzett, a k\u00f6rnyez\u0151 szocialista orsz\u00e1gokban utaz\u00e1sokat szervezett, TIT-el\u0151ad\u00e1sokat tartott. Kora t\u00e1rsadalma kov\u00e1sza volt.<\/p>\n<p>A ki\u00e1ll\u00edt\u00e1st Forrain\u00e9 Kov\u00e1cs M\u00e1rta kur\u00e1tor, a Munk\u00e1csy Mih\u00e1ly M\u00fazeum t\u00f6rt\u00e9n\u00e9sz muzeol\u00f3gusa mutatta be, megfogalmazta, Ir\u00e1nyi Dezs\u0151 tev\u00e9kenys\u00e9g\u00e9t j\u00f3l dokument\u00e1lta, folyamatosan \u00edrt \u00e9s fot\u00f3zott, \u00edgy \u00f6sszesen t\u00edz k\u00f6tete jelent meg.<\/p>\n<p>Ir\u00e1nyi Dezs\u0151 fia, Ir\u00e1nyi Dezs\u0151 Rudolf eml\u00e9kezett vissza \u00e9desapj\u00e1ra, hangs\u00falyozta, hogy t\u0151sgy\u00f6keres mez\u0151ber\u00e9nyi volt, nagyapja szervezte meg a helyi \u00fasz\u00f3egyes\u00fcletet. Apja kilencven\u00e9ves kor\u00e1ban megvakult, \u00edgy dolgozni m\u00e1r nem tudott, emberi kapcsolatai is gy\u00e9r\u00fcltek. Komolyabb szervi probl\u00e9m\u00e1ja nem volt, v\u00e9lem\u00e9nye szerint a tehetetlens\u00e9g \u00f6lte meg.<\/p>\n<p>Az Orlai h\u00e1z k\u00f6sz\u00f6netet mond a Munk\u00e1csy Mih\u00e1ly M\u00fazeumnak \u00e9s a helyi \u00e1ltal\u00e1nos iskol\u00e1nak a ki\u00e1ll\u00edt\u00e1shoz ny\u00fajtott seg\u00edts\u00e9g\u00e9rt. A t\u00e1rlat megtekinthet\u0151 \u2013 az int\u00e9zm\u00e9ny nyitvatart\u00e1si idej\u00e9ben \u2013 november 29-ig.&nbsp;<\/p>\n<p>A KTV studi\u00f3 Mez\u0151ber\u00e9ny felv\u00e9tel\u00e9t <a href=\"https:\/\/www.youtube.com\/watch?v=o5vj5wuxVRU\"><strong>ITT<\/strong><\/a> tekinthetik meg.&nbsp;<\/p>\n<p style=\"text-align: center\"><a href=\"https:\/\/muvhaz.orlaihaz.mezobereny.hu\/?page_id=7899\"><strong>GAL\u00c9RIA<\/strong><\/a><\/p>\n","protected":false},"excerpt":{"rendered":"<p>Volt egyszer egy Dod\u00f3 b\u00e1csi c\u00edmmel sz\u00fclet\u00e9se 110. \u00e9vfordul\u00f3ja alkalm\u00e1b\u00f3l 2024. okt\u00f3ber 30-\u00e1n eml\u00e9kki\u00e1ll\u00edt\u00e1s ny\u00edlt az Orlai h\u00e1zban Ir\u00e1nyi Dezs\u0151 tisztelet\u00e9re. &nbsp;B\u00e9k\u00e9scsab\u00e1n a megyei k\u00f6nyvt\u00e1rban augusztus v\u00e9g\u00e9n \u00e9s szeptemberben l\u00e1that\u00f3 [&hellip;]<\/p>\n","protected":false},"author":2,"featured_media":38009,"comment_status":"closed","ping_status":"open","sticky":false,"template":"","format":"standard","meta":{"site-sidebar-layout":"default","site-content-layout":"","ast-site-content-layout":"","site-content-style":"default","site-sidebar-style":"default","ast-global-header-display":"","ast-banner-title-visibility":"","ast-main-header-display":"","ast-hfb-above-header-display":"","ast-hfb-below-header-display":"","ast-hfb-mobile-header-display":"","site-post-title":"","ast-breadcrumbs-content":"","ast-featured-img":"","footer-sml-layout":"","theme-transparent-header-meta":"","adv-header-id-meta":"","stick-header-meta":"","header-above-stick-meta":"","header-main-stick-meta":"","header-below-stick-meta":"","astra-migrate-meta-layouts":"default","ast-page-background-enabled":"default","ast-page-background-meta":{"desktop":{"background-color":"var(--ast-global-color-4)","background-image":"","background-repeat":"repeat","background-position":"center center","background-size":"auto","background-attachment":"scroll","background-type":"","background-media":"","overlay-type":"","overlay-color":"","overlay-opacity":"","overlay-gradient":""},"tablet":{"background-color":"","background-image":"","background-repeat":"repeat","background-position":"center center","background-size":"auto","background-attachment":"scroll","background-type":"","background-media":"","overlay-type":"","overlay-color":"","overlay-opacity":"","overlay-gradient":""},"mobile":{"background-color":"","background-image":"","background-repeat":"repeat","background-position":"center center","background-size":"auto","background-attachment":"scroll","background-type":"","background-media":"","overlay-type":"","overlay-color":"","overlay-opacity":"","overlay-gradient":""}},"ast-content-background-meta":{"desktop":{"background-color":"var(--ast-global-color-5)","background-image":"","background-repeat":"repeat","background-position":"center center","background-size":"auto","background-attachment":"scroll","background-type":"","background-media":"","overlay-type":"","overlay-color":"","overlay-opacity":"","overlay-gradient":""},"tablet":{"background-color":"var(--ast-global-color-5)","background-image":"","background-repeat":"repeat","background-position":"center center","background-size":"auto","background-attachment":"scroll","background-type":"","background-media":"","overlay-type":"","overlay-color":"","overlay-opacity":"","overlay-gradient":""},"mobile":{"background-color":"var(--ast-global-color-5)","background-image":"","background-repeat":"repeat","background-position":"center center","background-size":"auto","background-attachment":"scroll","background-type":"","background-media":"","overlay-type":"","overlay-color":"","overlay-opacity":"","overlay-gradient":""}},"ngg_post_thumbnail":0,"footnotes":""},"categories":[1],"tags":[],"class_list":["post-38007","post","type-post","status-publish","format-standard","has-post-thumbnail","hentry"],"jetpack_featured_media_url":"https:\/\/muvhaz.orlaihaz.mezobereny.hu\/wp-content\/uploads\/sites\/2\/2024\/11\/OPS_0025_oh.jpg","_links":{"self":[{"href":"https:\/\/muvhaz.orlaihaz.mezobereny.hu\/index.php?rest_route=\/wp\/v2\/posts\/38007"}],"collection":[{"href":"https:\/\/muvhaz.orlaihaz.mezobereny.hu\/index.php?rest_route=\/wp\/v2\/posts"}],"about":[{"href":"https:\/\/muvhaz.orlaihaz.mezobereny.hu\/index.php?rest_route=\/wp\/v2\/types\/post"}],"author":[{"embeddable":true,"href":"https:\/\/muvhaz.orlaihaz.mezobereny.hu\/index.php?rest_route=\/wp\/v2\/users\/2"}],"replies":[{"embeddable":true,"href":"https:\/\/muvhaz.orlaihaz.mezobereny.hu\/index.php?rest_route=%2Fwp%2Fv2%2Fcomments&post=38007"}],"version-history":[{"count":1,"href":"https:\/\/muvhaz.orlaihaz.mezobereny.hu\/index.php?rest_route=\/wp\/v2\/posts\/38007\/revisions"}],"predecessor-version":[{"id":38008,"href":"https:\/\/muvhaz.orlaihaz.mezobereny.hu\/index.php?rest_route=\/wp\/v2\/posts\/38007\/revisions\/38008"}],"wp:featuredmedia":[{"embeddable":true,"href":"https:\/\/muvhaz.orlaihaz.mezobereny.hu\/index.php?rest_route=\/wp\/v2\/media\/38009"}],"wp:attachment":[{"href":"https:\/\/muvhaz.orlaihaz.mezobereny.hu\/index.php?rest_route=%2Fwp%2Fv2%2Fmedia&parent=38007"}],"wp:term":[{"taxonomy":"category","embeddable":true,"href":"https:\/\/muvhaz.orlaihaz.mezobereny.hu\/index.php?rest_route=%2Fwp%2Fv2%2Fcategories&post=38007"},{"taxonomy":"post_tag","embeddable":true,"href":"https:\/\/muvhaz.orlaihaz.mezobereny.hu\/index.php?rest_route=%2Fwp%2Fv2%2Ftags&post=38007"}],"curies":[{"name":"wp","href":"https:\/\/api.w.org\/{rel}","templated":true}]}}