{"id":38082,"date":"2024-11-11T09:01:28","date_gmt":"2024-11-11T08:01:28","guid":{"rendered":"https:\/\/muvhaz.orlaihaz.mezobereny.hu\/?p=38082"},"modified":"2024-11-19T08:38:10","modified_gmt":"2024-11-19T07:38:10","slug":"marton-napi-lampionos-felvonulas","status":"publish","type":"post","link":"https:\/\/muvhaz.orlaihaz.mezobereny.hu\/?p=38082","title":{"rendered":"M\u00e1rton-napi lampionos felvonul\u00e1s"},"content":{"rendered":"<p>A Katicabog\u00e1r Evang\u00e9likus \u00d3voda \u2013 t\u00f6bb int\u00e9zm\u00e9nnyel, civilszervezettel \u00e9s v\u00e1llalkoz\u00e1ssal \u00f6sszefogva \u20132024. november 8-\u00e9n imm\u00e1r sorrendben a 21. M\u00e1rton-napi lampionos felvonul\u00e1st rendezte meg.<\/p>\n<p>A r\u00e9sztvev\u0151k id\u00e9n is az evang\u00e9likus \u00f3vod\u00e1n\u00e1l gy\u00fclekeztek, \u0151ket T\u00fari Andrea, az Orlai h\u00e1z igazgat\u00f3ja k\u00f6sz\u00f6nt\u00f6tte \u00e9s t\u00e1j\u00e9koztatta az \u00fatvonalr\u00f3l. Zenei k\u00eds\u00e9rettel innen indult a lampionokkal kivil\u00e1g\u00edtott felvonul\u00e1s, \u00e9s a Kossuth t\u00e9ren, a muze\u00e1lis gy\u0171jtem\u00e9ny el\u0151tti zebr\u00e1n, a H\u0151s\u00f6k \u00fatj\u00e1n kereszt\u00fcl jutott el a piact\u00e9rre. Itt Sz\u0171cs-Wagner Gabriella \u00f3vodavezet\u0151 k\u00f6sz\u00f6nt\u00f6tte a felvonul\u00f3kat, elmondta, a h\u00e9ten az \u00f3vod\u00e1ban ny\u00edlt napokat tartottak, \u00edgy a sz\u00fcl\u0151k bemehettek, hogy a lapionok k\u00e9sz\u00edt\u00e9s\u00e9ben seg\u00edtsenek a kicsiknek. L\u00e1z\u00e1rn\u00e9 Skorka Katalin lelk\u00e9sz pedig Szent M\u00e1rtonr\u00f3l besz\u00e9lt az ovisoknak.<\/p>\n<p>A piact\u00e9ren megrajzolt l\u00fad k\u00f6r\u00fcl Vrbovszki Julietta n\u00e9pt\u00e1ncoktat\u00f3 vezet\u00e9s\u00e9vel szabadt\u00e9ri t\u00e1nch\u00e1zat tartottak, a talpal\u00e1val\u00f3t a Ludas Zenekar h\u00fazta.&nbsp;<\/p>\n<p>V\u00e9g\u00fcl a szervez\u0151k libazs\u00edros kenyeret \u00e9s meleg te\u00e1t osztottak.<\/p>\n<p>&nbsp;A t\u00e1nch\u00e1z a Cso\u00f3ri S\u00e1ndor Program t\u00e1mogat\u00e1s\u00e1val val\u00f3sult meg.<\/p>\n<p>&nbsp;Az esem\u00e9nyr\u0151l a KTV studi\u00f3 Mez\u0151ber\u00e9ny felv\u00e9tel\u00e9t <a href=\"https:\/\/www.youtube.com\/watch?v=Bb-hBC-J5Bo\"><strong>ITT<\/strong><\/a> l\u00e1thatj\u00e1k.&nbsp;<\/p>\n<p style=\"text-align: center\"><a href=\"https:\/\/muvhaz.orlaihaz.mezobereny.hu\/index.php\/nggallery\/album\/marton-napi-lampionos-felvonulas-2024-november-8?page_id=7920\"><strong>GAL\u00c9RIA<\/strong><\/a><\/p>\n<p>&nbsp;<\/p>\n<p>&nbsp;<\/p>\n<p>&nbsp;<\/p>\n<p>&nbsp;<\/p>\n<p>&nbsp;<\/p>\n","protected":false},"excerpt":{"rendered":"<p>A Katicabog\u00e1r Evang\u00e9likus \u00d3voda \u2013 t\u00f6bb int\u00e9zm\u00e9nnyel, civilszervezettel \u00e9s v\u00e1llalkoz\u00e1ssal \u00f6sszefogva \u20132024. november 8-\u00e9n imm\u00e1r sorrendben a 21. M\u00e1rton-napi lampionos felvonul\u00e1st rendezte meg. A r\u00e9sztvev\u0151k id\u00e9n is az evang\u00e9likus \u00f3vod\u00e1n\u00e1l [&hellip;]<\/p>\n","protected":false},"author":2,"featured_media":38084,"comment_status":"closed","ping_status":"open","sticky":false,"template":"","format":"standard","meta":{"site-sidebar-layout":"default","site-content-layout":"","ast-site-content-layout":"","site-content-style":"default","site-sidebar-style":"default","ast-global-header-display":"","ast-banner-title-visibility":"","ast-main-header-display":"","ast-hfb-above-header-display":"","ast-hfb-below-header-display":"","ast-hfb-mobile-header-display":"","site-post-title":"","ast-breadcrumbs-content":"","ast-featured-img":"","footer-sml-layout":"","theme-transparent-header-meta":"","adv-header-id-meta":"","stick-header-meta":"","header-above-stick-meta":"","header-main-stick-meta":"","header-below-stick-meta":"","astra-migrate-meta-layouts":"default","ast-page-background-enabled":"default","ast-page-background-meta":{"desktop":{"background-color":"var(--ast-global-color-4)","background-image":"","background-repeat":"repeat","background-position":"center center","background-size":"auto","background-attachment":"scroll","background-type":"","background-media":"","overlay-type":"","overlay-color":"","overlay-opacity":"","overlay-gradient":""},"tablet":{"background-color":"","background-image":"","background-repeat":"repeat","background-position":"center center","background-size":"auto","background-attachment":"scroll","background-type":"","background-media":"","overlay-type":"","overlay-color":"","overlay-opacity":"","overlay-gradient":""},"mobile":{"background-color":"","background-image":"","background-repeat":"repeat","background-position":"center center","background-size":"auto","background-attachment":"scroll","background-type":"","background-media":"","overlay-type":"","overlay-color":"","overlay-opacity":"","overlay-gradient":""}},"ast-content-background-meta":{"desktop":{"background-color":"var(--ast-global-color-5)","background-image":"","background-repeat":"repeat","background-position":"center center","background-size":"auto","background-attachment":"scroll","background-type":"","background-media":"","overlay-type":"","overlay-color":"","overlay-opacity":"","overlay-gradient":""},"tablet":{"background-color":"var(--ast-global-color-5)","background-image":"","background-repeat":"repeat","background-position":"center center","background-size":"auto","background-attachment":"scroll","background-type":"","background-media":"","overlay-type":"","overlay-color":"","overlay-opacity":"","overlay-gradient":""},"mobile":{"background-color":"var(--ast-global-color-5)","background-image":"","background-repeat":"repeat","background-position":"center center","background-size":"auto","background-attachment":"scroll","background-type":"","background-media":"","overlay-type":"","overlay-color":"","overlay-opacity":"","overlay-gradient":""}},"ngg_post_thumbnail":0,"footnotes":""},"categories":[1],"tags":[],"class_list":["post-38082","post","type-post","status-publish","format-standard","has-post-thumbnail","hentry"],"jetpack_featured_media_url":"https:\/\/muvhaz.orlaihaz.mezobereny.hu\/wp-content\/uploads\/sites\/2\/2024\/11\/OPS_0070_oh.jpg","_links":{"self":[{"href":"https:\/\/muvhaz.orlaihaz.mezobereny.hu\/index.php?rest_route=\/wp\/v2\/posts\/38082"}],"collection":[{"href":"https:\/\/muvhaz.orlaihaz.mezobereny.hu\/index.php?rest_route=\/wp\/v2\/posts"}],"about":[{"href":"https:\/\/muvhaz.orlaihaz.mezobereny.hu\/index.php?rest_route=\/wp\/v2\/types\/post"}],"author":[{"embeddable":true,"href":"https:\/\/muvhaz.orlaihaz.mezobereny.hu\/index.php?rest_route=\/wp\/v2\/users\/2"}],"replies":[{"embeddable":true,"href":"https:\/\/muvhaz.orlaihaz.mezobereny.hu\/index.php?rest_route=%2Fwp%2Fv2%2Fcomments&post=38082"}],"version-history":[{"count":4,"href":"https:\/\/muvhaz.orlaihaz.mezobereny.hu\/index.php?rest_route=\/wp\/v2\/posts\/38082\/revisions"}],"predecessor-version":[{"id":38155,"href":"https:\/\/muvhaz.orlaihaz.mezobereny.hu\/index.php?rest_route=\/wp\/v2\/posts\/38082\/revisions\/38155"}],"wp:featuredmedia":[{"embeddable":true,"href":"https:\/\/muvhaz.orlaihaz.mezobereny.hu\/index.php?rest_route=\/wp\/v2\/media\/38084"}],"wp:attachment":[{"href":"https:\/\/muvhaz.orlaihaz.mezobereny.hu\/index.php?rest_route=%2Fwp%2Fv2%2Fmedia&parent=38082"}],"wp:term":[{"taxonomy":"category","embeddable":true,"href":"https:\/\/muvhaz.orlaihaz.mezobereny.hu\/index.php?rest_route=%2Fwp%2Fv2%2Fcategories&post=38082"},{"taxonomy":"post_tag","embeddable":true,"href":"https:\/\/muvhaz.orlaihaz.mezobereny.hu\/index.php?rest_route=%2Fwp%2Fv2%2Ftags&post=38082"}],"curies":[{"name":"wp","href":"https:\/\/api.w.org\/{rel}","templated":true}]}}