{"id":38347,"date":"2024-12-06T09:26:04","date_gmt":"2024-12-06T08:26:04","guid":{"rendered":"https:\/\/muvhaz.orlaihaz.mezobereny.hu\/?p=38347"},"modified":"2024-12-06T09:26:04","modified_gmt":"2024-12-06T08:26:04","slug":"a-foltvarro-szakkor-kiallitasa-2","status":"publish","type":"post","link":"https:\/\/muvhaz.orlaihaz.mezobereny.hu\/?p=38347","title":{"rendered":"A foltvarr\u00f3 szakk\u00f6r ki\u00e1ll\u00edt\u00e1sa"},"content":{"rendered":"<p>A foltvarr\u00f3 szakk\u00f6r ki\u00e1ll\u00edt\u00e1s\u00e1t 2024. december 5-\u00e1n nyitotta meg az Orlai h\u00e1zban Cs\u00fcrke Anna, a kondorosi foltvarr\u00f3k vezet\u0151je.<\/p>\n<p>&nbsp;<\/p>\n<p>A megjelenteket T\u00fari Andrea, az int\u00e9zm\u00e9ny igazgat\u00f3ja k\u00f6sz\u00f6nt\u00f6tte. Cs\u00fcrke Anna megnyit\u00f3j\u00e1ban kifejtette, a foltvarr\u00e1s egyid\u0151s a sz\u00f6v\u00e9ssel, \u00edgy m\u00e1r az \u00f3kori Egyiptomban is megjelent. A modern \u00e9rtelembe vett v\u00e1ltozata az USA-ban alakult ki az angol \u00e9s az \u00edr telepesek keze nyom\u00e1n. Mivel a textil nagyon dr\u00e1ga volt, minden apr\u00f3 darabk\u00e1j\u00e1t felhaszn\u00e1lt\u00e1k. A foltvarr\u00e1s csoportos tev\u00e9kenys\u00e9gg\u00e9 v\u00e1lt, ennek mint\u00e1i m\u00e1r a 19. sz\u00e1zad k\u00f6zep\u00e9n magazinokban is megjelentek. Cs\u00fcrke Anna megfogalmazta, el\u0151deikhez hasonl\u00f3an ma is csoportosan dolgoznak, mint\u00e1kat cser\u00e9lnek, egym\u00e1ssal \u00fajabb technik\u00e1kat ismertetnek meg.<\/p>\n<p>&nbsp;<\/p>\n<p>Lesty\u00e1n Zo\u00e9 egy szavalattal lepte meg az alkot\u00f3kat. T\u00fari Andrea \u00e9s Feh\u00e9r K\u00e1rolyn\u00e9, a szakk\u00f6r vezet\u0151je aj\u00e1nd\u00e9kkal k\u00f6sz\u00f6nte meg a megnyit\u00f3n k\u00f6zrem\u0171k\u00f6d\u0151k tev\u00e9kenys\u00e9g\u00e9t. A t\u00e1rlat \u2013 az int\u00e9zm\u00e9ny nyitvatart\u00e1si idej\u00e9ben \u2013 megtekinthet\u0151 2025. janu\u00e1r 31-ig.<\/p>\n<p>&nbsp;<\/p>\n<p>Az esem\u00e9nyr\u0151l a Ktv. St\u00fadi\u00f3 Mez\u0151ber\u00e9ny felv\u00e9tel\u00e9t <a href=\"https:\/\/www.youtube.com\/watch?v=YaHWM3hgCIo\"><strong>ITT<\/strong><\/a> tal\u00e1lj\u00e1k.&nbsp;<\/p>\n<p>&nbsp;<\/p>\n<p style=\"text-align: center\"><a href=\"https:\/\/muvhaz.orlaihaz.mezobereny.hu\/index.php\/nggallery\/album\/a-foltvarro-szakkor-kiallitasa-2024-december-5?page_id=7899\"><strong>GAL\u00c9RIA<\/strong><\/a><\/p>\n<p>&nbsp;<\/p>\n<p>&nbsp;<\/p>\n","protected":false},"excerpt":{"rendered":"<p>A foltvarr\u00f3 szakk\u00f6r ki\u00e1ll\u00edt\u00e1s\u00e1t 2024. december 5-\u00e1n nyitotta meg az Orlai h\u00e1zban Cs\u00fcrke Anna, a kondorosi foltvarr\u00f3k vezet\u0151je. &nbsp; A megjelenteket T\u00fari Andrea, az int\u00e9zm\u00e9ny igazgat\u00f3ja k\u00f6sz\u00f6nt\u00f6tte. Cs\u00fcrke Anna megnyit\u00f3j\u00e1ban [&hellip;]<\/p>\n","protected":false},"author":2,"featured_media":38349,"comment_status":"closed","ping_status":"open","sticky":false,"template":"","format":"standard","meta":{"site-sidebar-layout":"default","site-content-layout":"","ast-site-content-layout":"","site-content-style":"default","site-sidebar-style":"default","ast-global-header-display":"","ast-banner-title-visibility":"","ast-main-header-display":"","ast-hfb-above-header-display":"","ast-hfb-below-header-display":"","ast-hfb-mobile-header-display":"","site-post-title":"","ast-breadcrumbs-content":"","ast-featured-img":"","footer-sml-layout":"","theme-transparent-header-meta":"","adv-header-id-meta":"","stick-header-meta":"","header-above-stick-meta":"","header-main-stick-meta":"","header-below-stick-meta":"","astra-migrate-meta-layouts":"default","ast-page-background-enabled":"default","ast-page-background-meta":{"desktop":{"background-color":"var(--ast-global-color-4)","background-image":"","background-repeat":"repeat","background-position":"center center","background-size":"auto","background-attachment":"scroll","background-type":"","background-media":"","overlay-type":"","overlay-color":"","overlay-opacity":"","overlay-gradient":""},"tablet":{"background-color":"","background-image":"","background-repeat":"repeat","background-position":"center center","background-size":"auto","background-attachment":"scroll","background-type":"","background-media":"","overlay-type":"","overlay-color":"","overlay-opacity":"","overlay-gradient":""},"mobile":{"background-color":"","background-image":"","background-repeat":"repeat","background-position":"center center","background-size":"auto","background-attachment":"scroll","background-type":"","background-media":"","overlay-type":"","overlay-color":"","overlay-opacity":"","overlay-gradient":""}},"ast-content-background-meta":{"desktop":{"background-color":"var(--ast-global-color-5)","background-image":"","background-repeat":"repeat","background-position":"center center","background-size":"auto","background-attachment":"scroll","background-type":"","background-media":"","overlay-type":"","overlay-color":"","overlay-opacity":"","overlay-gradient":""},"tablet":{"background-color":"var(--ast-global-color-5)","background-image":"","background-repeat":"repeat","background-position":"center center","background-size":"auto","background-attachment":"scroll","background-type":"","background-media":"","overlay-type":"","overlay-color":"","overlay-opacity":"","overlay-gradient":""},"mobile":{"background-color":"var(--ast-global-color-5)","background-image":"","background-repeat":"repeat","background-position":"center center","background-size":"auto","background-attachment":"scroll","background-type":"","background-media":"","overlay-type":"","overlay-color":"","overlay-opacity":"","overlay-gradient":""}},"ngg_post_thumbnail":0,"footnotes":""},"categories":[1],"tags":[],"class_list":["post-38347","post","type-post","status-publish","format-standard","has-post-thumbnail","hentry"],"jetpack_featured_media_url":"https:\/\/muvhaz.orlaihaz.mezobereny.hu\/wp-content\/uploads\/sites\/2\/2024\/12\/OPS_0006_oh.jpg","_links":{"self":[{"href":"https:\/\/muvhaz.orlaihaz.mezobereny.hu\/index.php?rest_route=\/wp\/v2\/posts\/38347"}],"collection":[{"href":"https:\/\/muvhaz.orlaihaz.mezobereny.hu\/index.php?rest_route=\/wp\/v2\/posts"}],"about":[{"href":"https:\/\/muvhaz.orlaihaz.mezobereny.hu\/index.php?rest_route=\/wp\/v2\/types\/post"}],"author":[{"embeddable":true,"href":"https:\/\/muvhaz.orlaihaz.mezobereny.hu\/index.php?rest_route=\/wp\/v2\/users\/2"}],"replies":[{"embeddable":true,"href":"https:\/\/muvhaz.orlaihaz.mezobereny.hu\/index.php?rest_route=%2Fwp%2Fv2%2Fcomments&post=38347"}],"version-history":[{"count":1,"href":"https:\/\/muvhaz.orlaihaz.mezobereny.hu\/index.php?rest_route=\/wp\/v2\/posts\/38347\/revisions"}],"predecessor-version":[{"id":38348,"href":"https:\/\/muvhaz.orlaihaz.mezobereny.hu\/index.php?rest_route=\/wp\/v2\/posts\/38347\/revisions\/38348"}],"wp:featuredmedia":[{"embeddable":true,"href":"https:\/\/muvhaz.orlaihaz.mezobereny.hu\/index.php?rest_route=\/wp\/v2\/media\/38349"}],"wp:attachment":[{"href":"https:\/\/muvhaz.orlaihaz.mezobereny.hu\/index.php?rest_route=%2Fwp%2Fv2%2Fmedia&parent=38347"}],"wp:term":[{"taxonomy":"category","embeddable":true,"href":"https:\/\/muvhaz.orlaihaz.mezobereny.hu\/index.php?rest_route=%2Fwp%2Fv2%2Fcategories&post=38347"},{"taxonomy":"post_tag","embeddable":true,"href":"https:\/\/muvhaz.orlaihaz.mezobereny.hu\/index.php?rest_route=%2Fwp%2Fv2%2Ftags&post=38347"}],"curies":[{"name":"wp","href":"https:\/\/api.w.org\/{rel}","templated":true}]}}