{"id":38383,"date":"2024-12-11T12:01:12","date_gmt":"2024-12-11T11:01:12","guid":{"rendered":"https:\/\/muvhaz.orlaihaz.mezobereny.hu\/?p=38383"},"modified":"2024-12-11T12:01:12","modified_gmt":"2024-12-11T11:01:12","slug":"hegyizene-film-az-erdelyi-szigethegysegrol","status":"publish","type":"post","link":"https:\/\/muvhaz.orlaihaz.mezobereny.hu\/?p=38383","title":{"rendered":"Hegyizene \u2013 film az Erd\u00e9lyi-szigethegys\u00e9gr\u0151l"},"content":{"rendered":"<p>Szend\u0151fi Bal\u00e1zs: \u201eHegyizene\u201d c\u00edm\u0171 term\u00e9szetfilmj\u00e9t 2024. december 10-\u00e9n vet\u00edtett\u00e9k le az Orlai h\u00e1zban, a vet\u00edt\u00e9s ut\u00e1n az alkot\u00f3 n\u00e9z\u0151k k\u00e9rd\u00e9seire v\u00e1laszolt.<\/p>\n<p>&nbsp;<\/p>\n<p>Szend\u0151fi Bal\u00e1zs halkutat\u00f3, term\u00e9szetfilmes, zeneszerz\u0151, basszusgit\u00e1ros filmj\u00e9t az Erd\u00e9lyi-szigethegys\u00e9gr\u0151l forgatta, alkot\u00e1sa nem t\u00e1pl\u00e1lja h\u00e1bor\u00edtatlan term\u00e9szetr\u0151l sz\u00f3l\u00f3 \u00e1ls\u00e1gos mes\u00e9ket.<\/p>\n<p>&nbsp;<\/p>\n<p>Bal\u00e1zs a saj\u00e1t p\u00e9nz\u00e9b\u0151l, szinte egy sz\u00e1l maga k\u00e9sz\u00edtette ezt a nagyon b\u00e1tor filmet, egy szem\u00e9lyben operat\u0151re, v\u00e1g\u00f3ja, zeneszerz\u0151je az alkot\u00e1snak. Az \u00e1ltala \u00edrt narr\u00e1ci\u00f3ban megszem\u00e9lyes\u00edti a hegys\u00e9get, annak szemsz\u00f6g\u00e9b\u0151l, egyes sz\u00e1m els\u0151 szem\u00e9lyben mes\u00e9li el a t\u00f6rt\u00e9netet. Nagy Katica sz\u00ednm\u0171v\u00e9sz ehhez adta hozz\u00e1 a szeretettel teli, ugyanakkor k\u00e9rd\u0151re von\u00f3, pontos, n\u00e9hol k\u0151kem\u00e9ny hangj\u00e1t. A filmzen\u00e9k t\u00f6bbs\u00e9g\u00e9t Szendr\u0151fi \u00e9s Fekecs \u00c1kos k\u00f6z\u00f6sen kompon\u00e1lta.<\/p>\n<p>&nbsp;<\/p>\n<p>A vet\u00edt\u00e9s ut\u00e1n k\u00e9rd\u00e9sekre v\u00e1laszolva Szend\u0151fi Bal\u00e1zs elmondta, t\u00f6bb szirti sast is megpr\u00f3b\u00e1lt lefot\u00f3zni, v\u00e9g\u00fcl Torock\u00f3 f\u00f6l\u00f6tt a Sz\u00e9kelyk\u0151n tal\u00e1lt egy id\u0151s toj\u00f3t, amelyet nem zavart a dr\u00f3n k\u00f6zels\u00e9ge, \u00e9s h\u00fasz m\u00e9terr\u0151l teleobjekt\u00edvvel meg tudta \u00f6r\u00f6k\u00edteni.<\/p>\n<p>&nbsp;<\/p>\n<p>Az egyik n\u00e9z\u0151 a term\u00e9szet puszt\u00edt\u00e1s\u00e1ra c\u00e9lozva f\u00f6ltette a k\u00e9rd\u00e9st, hogy mit tudunk ez ellen tenni. A term\u00e9szetfilmes megfogalmazta, els\u0151sorban azt, hogy lev\u00e1ltjuk a vezet\u0151inket, ez nem csak Magyarorsz\u00e1gra, hanem az eg\u00e9sz vil\u00e1gra vonatkozik. A lakoss\u00e1g jelenleg nagyobbik fele \u00fagy viselkedik, mintha a term\u00e9szetv\u00e9delem \u00fari passzi\u00f3 lenne, holott a GDP nagyobbik fele a term\u00e9szeti er\u0151forr\u00e1sok fel\u00e9l\u00e9s\u00e9b\u0151l sz\u00e1rmazik. A mai politikai elit c\u00e9lja a gazdas\u00e1gi, technikai fejl\u0151d\u00e9s, \u00e9s ezzel szemben fenntarthat\u00f3 gazdas\u00e1gra lenne sz\u00fcks\u00e9g\u00fcnk. &nbsp;<\/p>\n<p>&nbsp;<\/p>\n<p>Szend\u0151fi Bal\u00e1zs sz\u00f3lt arr\u00f3l is, az Erd\u00e9lyi-szigethegys\u00e9gr\u0151l minden fontos nem f\u00e9rt bele az egy \u00e9s negyed\u00f3r\u00e1s filmbe. Ez\u00e9rt azt\u00e1n lesz&nbsp;\u201e<em>Hegyizene<\/em>&nbsp;&nbsp;<em>2<\/em>.\u201d is. A m\u00e1sodik r\u00e9szben a K\u00e1rp\u00e1tokra n\u00e9zve a legnagyobb probl\u00e9m\u00e1nak tekinthet\u0151 erd\u0151irt\u00e1ssal \u00e9s a v\u00edzer\u0151m\u0171vek hat\u00e1s\u00e1val foglalkozik majd. Ez v\u00e1rhat\u00f3an j\u00f6v\u0151 ny\u00e1rra k\u00e9sz\u00fcl el.<\/p>\n<p>&nbsp;<\/p>\n<p style=\"text-align: center\"><a href=\"https:\/\/muvhaz.orlaihaz.mezobereny.hu\/index.php\/nggallery\/album\/film-az-erdelyi-szigethegysegrol-2024-december-11?page_id=7899\">GAL\u00c9RIA<\/a><\/p>\n<p>&nbsp;<\/p>\n","protected":false},"excerpt":{"rendered":"<p>Szend\u0151fi Bal\u00e1zs: \u201eHegyizene\u201d c\u00edm\u0171 term\u00e9szetfilmj\u00e9t 2024. december 10-\u00e9n vet\u00edtett\u00e9k le az Orlai h\u00e1zban, a vet\u00edt\u00e9s ut\u00e1n az alkot\u00f3 n\u00e9z\u0151k k\u00e9rd\u00e9seire v\u00e1laszolt. &nbsp; Szend\u0151fi Bal\u00e1zs halkutat\u00f3, term\u00e9szetfilmes, zeneszerz\u0151, basszusgit\u00e1ros filmj\u00e9t az [&hellip;]<\/p>\n","protected":false},"author":2,"featured_media":38385,"comment_status":"closed","ping_status":"open","sticky":false,"template":"","format":"standard","meta":{"site-sidebar-layout":"default","site-content-layout":"","ast-site-content-layout":"","site-content-style":"default","site-sidebar-style":"default","ast-global-header-display":"","ast-banner-title-visibility":"","ast-main-header-display":"","ast-hfb-above-header-display":"","ast-hfb-below-header-display":"","ast-hfb-mobile-header-display":"","site-post-title":"","ast-breadcrumbs-content":"","ast-featured-img":"","footer-sml-layout":"","theme-transparent-header-meta":"","adv-header-id-meta":"","stick-header-meta":"","header-above-stick-meta":"","header-main-stick-meta":"","header-below-stick-meta":"","astra-migrate-meta-layouts":"default","ast-page-background-enabled":"default","ast-page-background-meta":{"desktop":{"background-color":"var(--ast-global-color-4)","background-image":"","background-repeat":"repeat","background-position":"center center","background-size":"auto","background-attachment":"scroll","background-type":"","background-media":"","overlay-type":"","overlay-color":"","overlay-opacity":"","overlay-gradient":""},"tablet":{"background-color":"","background-image":"","background-repeat":"repeat","background-position":"center center","background-size":"auto","background-attachment":"scroll","background-type":"","background-media":"","overlay-type":"","overlay-color":"","overlay-opacity":"","overlay-gradient":""},"mobile":{"background-color":"","background-image":"","background-repeat":"repeat","background-position":"center center","background-size":"auto","background-attachment":"scroll","background-type":"","background-media":"","overlay-type":"","overlay-color":"","overlay-opacity":"","overlay-gradient":""}},"ast-content-background-meta":{"desktop":{"background-color":"var(--ast-global-color-5)","background-image":"","background-repeat":"repeat","background-position":"center center","background-size":"auto","background-attachment":"scroll","background-type":"","background-media":"","overlay-type":"","overlay-color":"","overlay-opacity":"","overlay-gradient":""},"tablet":{"background-color":"var(--ast-global-color-5)","background-image":"","background-repeat":"repeat","background-position":"center center","background-size":"auto","background-attachment":"scroll","background-type":"","background-media":"","overlay-type":"","overlay-color":"","overlay-opacity":"","overlay-gradient":""},"mobile":{"background-color":"var(--ast-global-color-5)","background-image":"","background-repeat":"repeat","background-position":"center center","background-size":"auto","background-attachment":"scroll","background-type":"","background-media":"","overlay-type":"","overlay-color":"","overlay-opacity":"","overlay-gradient":""}},"ngg_post_thumbnail":0,"footnotes":""},"categories":[1],"tags":[],"class_list":["post-38383","post","type-post","status-publish","format-standard","has-post-thumbnail","hentry"],"jetpack_featured_media_url":"https:\/\/muvhaz.orlaihaz.mezobereny.hu\/wp-content\/uploads\/sites\/2\/2024\/12\/OPS_0013_oh.jpg","_links":{"self":[{"href":"https:\/\/muvhaz.orlaihaz.mezobereny.hu\/index.php?rest_route=\/wp\/v2\/posts\/38383"}],"collection":[{"href":"https:\/\/muvhaz.orlaihaz.mezobereny.hu\/index.php?rest_route=\/wp\/v2\/posts"}],"about":[{"href":"https:\/\/muvhaz.orlaihaz.mezobereny.hu\/index.php?rest_route=\/wp\/v2\/types\/post"}],"author":[{"embeddable":true,"href":"https:\/\/muvhaz.orlaihaz.mezobereny.hu\/index.php?rest_route=\/wp\/v2\/users\/2"}],"replies":[{"embeddable":true,"href":"https:\/\/muvhaz.orlaihaz.mezobereny.hu\/index.php?rest_route=%2Fwp%2Fv2%2Fcomments&post=38383"}],"version-history":[{"count":1,"href":"https:\/\/muvhaz.orlaihaz.mezobereny.hu\/index.php?rest_route=\/wp\/v2\/posts\/38383\/revisions"}],"predecessor-version":[{"id":38384,"href":"https:\/\/muvhaz.orlaihaz.mezobereny.hu\/index.php?rest_route=\/wp\/v2\/posts\/38383\/revisions\/38384"}],"wp:featuredmedia":[{"embeddable":true,"href":"https:\/\/muvhaz.orlaihaz.mezobereny.hu\/index.php?rest_route=\/wp\/v2\/media\/38385"}],"wp:attachment":[{"href":"https:\/\/muvhaz.orlaihaz.mezobereny.hu\/index.php?rest_route=%2Fwp%2Fv2%2Fmedia&parent=38383"}],"wp:term":[{"taxonomy":"category","embeddable":true,"href":"https:\/\/muvhaz.orlaihaz.mezobereny.hu\/index.php?rest_route=%2Fwp%2Fv2%2Fcategories&post=38383"},{"taxonomy":"post_tag","embeddable":true,"href":"https:\/\/muvhaz.orlaihaz.mezobereny.hu\/index.php?rest_route=%2Fwp%2Fv2%2Ftags&post=38383"}],"curies":[{"name":"wp","href":"https:\/\/api.w.org\/{rel}","templated":true}]}}